{"id":1364,"date":"2021-02-24T03:02:37","date_gmt":"2021-02-24T03:02:37","guid":{"rendered":"https:\/\/puntoapunto.com.ar\/?p=273559"},"modified":"2021-02-24T03:02:37","modified_gmt":"2021-02-24T03:02:37","slug":"al-final-la-segunda-ola-de-la-pandemia-era-el-vacunatorio-vip","status":"publish","type":"post","link":"http:\/\/nuevacordoba.net\/index.php\/2021\/02\/24\/al-final-la-segunda-ola-de-la-pandemia-era-el-vacunatorio-vip\/","title":{"rendered":"Al final, la segunda ola de la pandemia era el Vacunatorio VIP"},"content":{"rendered":"<p><!-- image --><\/p>\n<div class=\"td-post-featured-image\"><a href=\"http:\/\/nuevacordoba.net\/wp-content\/uploads\/2021\/02\/al-final-la-segunda-ola-de-la-pandemia-era-el-vacunatorio-vip-5.jpg\" data-caption><img loading=\"lazy\" width=\"696\" height=\"392\" class=\"entry-thumb td-modal-image\" src=\"http:\/\/nuevacordoba.net\/wp-content\/uploads\/2021\/02\/al-final-la-segunda-ola-de-la-pandemia-era-el-vacunatorio-vip.jpg\" srcset=\"http:\/\/nuevacordoba.net\/wp-content\/uploads\/2021\/02\/al-final-la-segunda-ola-de-la-pandemia-era-el-vacunatorio-vip.jpg 696w, http:\/\/nuevacordoba.net\/wp-content\/uploads\/2021\/02\/al-final-la-segunda-ola-de-la-pandemia-era-el-vacunatorio-vip-1.jpg 300w, http:\/\/nuevacordoba.net\/wp-content\/uploads\/2021\/02\/al-final-la-segunda-ola-de-la-pandemia-era-el-vacunatorio-vip-2.jpg 768w, http:\/\/nuevacordoba.net\/wp-content\/uploads\/2021\/02\/al-final-la-segunda-ola-de-la-pandemia-era-el-vacunatorio-vip-3.jpg 150w, http:\/\/nuevacordoba.net\/wp-content\/uploads\/2021\/02\/al-final-la-segunda-ola-de-la-pandemia-era-el-vacunatorio-vip-4.jpg 746w, http:\/\/nuevacordoba.net\/wp-content\/uploads\/2021\/02\/al-final-la-segunda-ola-de-la-pandemia-era-el-vacunatorio-vip-5.jpg 803w\" sizes=\"(max-width: 696px) 100vw, 696px\" alt title=\"cossar irazusta\"><\/a><\/div>\n<p> <!-- content --> <!-- A generated by theme --> <!-- end A --> <\/p>\n<p>El viernes 29 de enero a las seis de la tarde, el legislador provincial Marcelo Cossar (UCR) anticip\u00f3 su preocupaci\u00f3n en torno a qui\u00e9nes se hab\u00edan vacunado en C\u00f3rdoba. Pidiendo, entre otras cosas, y previo a la apertura de sesiones ordinarias en la Unicameral, que el gobernador Juan Schiaretti se vacunara al igual que lo hab\u00edan hecho, hasta ese momento, el presidente Alberto Fern\u00e1ndez y la vicepresidenta Cristina Fern\u00e1ndez de Kirchner.<\/p>\n<p>La declaraci\u00f3n de Cossar, hace casi un mes en el programa Aunque parezca Tarde (Punto a Punto 90.7) fue la primera en C\u00f3rdoba que puso en duda qu\u00e9 hab\u00eda ocurrido con las dosis en C\u00f3rdoba. Y fue la que anticip\u00f3 un debate que, d\u00edas m\u00e1s tarde, se dar\u00eda en la Unicameral con el cruce entre el propio parlamentario radical y Francisco Fortuna, el jefe del bloque de Hacemos por C\u00f3rdoba.<\/p>\n<p>Lo que vino despu\u00e9s fue, en C\u00f3rdoba, la vacunaci\u00f3n por parte de Schiaretti como lo ped\u00edan los opositores. Pero a nivel nacional, el mayor impacto pol\u00edtico en el gabinete de Alberto F. se produjo con la declaraci\u00f3n de Horacio Verbitsky que motiv\u00f3 la salida casi inmediata de Gonz\u00e1lez Garc\u00eda. Los vacunados VIP dejaron afuera al titular de la cartera sanitaria, pero el modus operandi para la utilizaci\u00f3n de las dosis causaron un cimbronazo en los tres niveles de los estados: nacional, provincial y municipal.<\/p>\n<p>En Balcarce 50, porque los disparos de fuego amigo entre albertistas y cristinistas ya no distinguen cargos ni rangos; da lo mismo un tiro por elevaci\u00f3n a un integrante de la primera l\u00ednea que un cruce en redes sociales. La desconfianza reina, el cristinismo puro -como as\u00ed tambi\u00e9n algunos en el PJ m\u00e1s conservador- empiezan a ver a Fern\u00e1ndez como \u201cel De la R\u00faa peronista\u201d. Y porque saben, adem\u00e1s, que este golpe esmeril\u00f3 fuerte al titular del Ejecutivo nacional.<\/p>\n<h4><strong>Los de ac\u00e1<\/strong><\/h4>\n<p>El viernes por la tarde, despu\u00e9s del esc\u00e1ndalo a nivel nacional, a C\u00f3rdoba tambi\u00e9n llegaron las esquirlas. Entre la clase pol\u00edtica, los primeros nombres que saltaron fueron los del viceintendente Daniel Passerini (lo hizo en car\u00e1cter de m\u00e9dico) y el legislador opositor Aurelio Garc\u00eda Elorrio, en su rol de docente universitario.<\/p>\n<p>Sin embargo, con el correr de los d\u00edas, se conocieron casos de intendentes del interior, como el peronista Marcelo Eslava en San Francisco del Cha\u00f1ar; o el radical de Colonia Marina, Gerardo Cerutti.<\/p>\n<p>La cronolog\u00eda de hechos continu\u00f3 el lunes por la ma\u00f1ana con la presentaci\u00f3n en la Justicia Federal por parte de la c\u00fapula del Frente C\u00edvico: el diputado Luis Juez y el senador Ernesto Mart\u00ednez. Y el martes, en horas de la ma\u00f1ana; se conoci\u00f3 que el fiscal federal, Carlos Casas N\u00f3blega, despacho en el que cay\u00f3 la denuncia del juecismo iba a pedir a la Provincia que publique el listado de los vacunados en C\u00f3rdoba.<\/p>\n<h4>No todo termin\u00f3 ah\u00ed<\/h4>\n<p>En horas de la tarde del lunes, Cossar junto a las legisladoras Cecilia Irazusta (Coalici\u00f3n C\u00edvica) y Mar\u00eda Rosa Marcone (Encuentro Vecinal); cruzaron mensajes y datos en busca de una denuncia que terminaron haciendo p\u00fablica ayer por la ma\u00f1ana.<\/p>\n<p>En los despachos de los tres legisladores provinciales hubo hermetismo entre la tarde del lunes y ayer por la ma\u00f1ana cuando el tridente decidi\u00f3 hacer p\u00fablica una n\u00f3mina de 27 personas entre, funcionarios provinciales; municipales, legisladores, concejales, referentes religiosos y empresarios que, seg\u00fan los denunciantes, habr\u00edan sido parte de un vacunatorio VIP en C\u00f3rdoba.<\/p>\n<p>Entre los mencionados figuran Ignacio Garc\u00eda Aresca y Adri\u00e1n Walker, intendentes peronistas de San Francisco y Miramar, respectivamente; el concejal oficialista en C\u00f3rdoba, Nicol\u00e1s Piloni; el subsecretario de Deportes del Municipio, Medardo Ligorria; el empresario de medios, Gabriel Kloner; y dos legisladoras del oficialismo (Liliana Abraham y Alejandra Piasco).<\/p>\n<p>Al respecto, dos de los denunciados -por ahora en los medios, ya que Irazusta confirm\u00f3 ayer que \u2018por el momento\u2019 no habr\u00e1 presentaci\u00f3n en la Justicia- como Ligorria y Kloner salieron a objetar la acusaci\u00f3n.<\/p>\n<p>Ambos rechazaron la acusaci\u00f3n, manifestaron que lo hicieron a trav\u00e9s del CiDi (Ciudadano Digital), que sacaron turno y que se los notific\u00f3 por mail. Y los dos sostuvieron, adem\u00e1s, que fueron vacunados en el Centro de Convenciones Bustos como parte de los docentes mayores de 60 a\u00f1os.<\/p>\n<p>En el oficialismo, desde donde hoy puede salir un nuevo cruce con la oposici\u00f3n en la Unicameral; un funcionario reconoci\u00f3 a este medio que \u201ces una denuncia bastante floja de papeles\u201d.<\/p>\n<p>No tags for this post. <!-- A generated by theme --> <!-- end A --> <\/p>\n","protected":false},"excerpt":{"rendered":"<p>El viernes 29 de enero a las seis de la tarde, el legislador provincial Marcelo Cossar (UCR) anticip\u00f3 su preocupaci\u00f3n en torno a qui\u00e9nes se hab\u00edan vacunado en C\u00f3rdoba. Pidiendo, entre otras cosas, y previo a la apertura de sesiones ordinarias en la Unicameral, que el gobernador Juan Schiaretti se vacunara al igual que lo [&hellip;]<\/p>\n","protected":false},"author":1,"featured_media":1365,"comment_status":"open","ping_status":"closed","sticky":false,"template":"","format":"standard","meta":[],"categories":[14],"tags":[],"_links":{"self":[{"href":"http:\/\/nuevacordoba.net\/index.php\/wp-json\/wp\/v2\/posts\/1364"}],"collection":[{"href":"http:\/\/nuevacordoba.net\/index.php\/wp-json\/wp\/v2\/posts"}],"about":[{"href":"http:\/\/nuevacordoba.net\/index.php\/wp-json\/wp\/v2\/types\/post"}],"author":[{"embeddable":true,"href":"http:\/\/nuevacordoba.net\/index.php\/wp-json\/wp\/v2\/users\/1"}],"replies":[{"embeddable":true,"href":"http:\/\/nuevacordoba.net\/index.php\/wp-json\/wp\/v2\/comments?post=1364"}],"version-history":[{"count":0,"href":"http:\/\/nuevacordoba.net\/index.php\/wp-json\/wp\/v2\/posts\/1364\/revisions"}],"wp:featuredmedia":[{"embeddable":true,"href":"http:\/\/nuevacordoba.net\/index.php\/wp-json\/wp\/v2\/media\/1365"}],"wp:attachment":[{"href":"http:\/\/nuevacordoba.net\/index.php\/wp-json\/wp\/v2\/media?parent=1364"}],"wp:term":[{"taxonomy":"category","embeddable":true,"href":"http:\/\/nuevacordoba.net\/index.php\/wp-json\/wp\/v2\/categories?post=1364"},{"taxonomy":"post_tag","embeddable":true,"href":"http:\/\/nuevacordoba.net\/index.php\/wp-json\/wp\/v2\/tags?post=1364"}],"curies":[{"name":"wp","href":"https:\/\/api.w.org\/{rel}","templated":true}]}}