{"id":1374,"date":"2021-02-24T15:14:50","date_gmt":"2021-02-24T15:14:50","guid":{"rendered":"http:\/\/cordobanewsnet.wordpress.com\/?p=5024"},"modified":"2021-02-24T15:14:50","modified_gmt":"2021-02-24T15:14:50","slug":"costanera-cortada-en-cordoba-por-crecidas","status":"publish","type":"post","link":"http:\/\/nuevacordoba.net\/index.php\/2021\/02\/24\/costanera-cortada-en-cordoba-por-crecidas\/","title":{"rendered":"Costanera cortada en C\u00f3rdoba por crecidas"},"content":{"rendered":"<p><head> <meta charset=\"UTF-8\"> <meta name=\"viewport\" content=\"width=device-width, initial-scale=1.0\"> <link rel=\"profile\" href=\"http:\/\/gmpg.org\/xfn\/11\"> <title>Costanera cortada en C\u00f3rdoba por crecidas \u2013 C\u00d3RDOBA NEWS<\/title> <link rel=\"dns-prefetch\" href=\"\/\/s0.wp.com\">\n<link rel=\"dns-prefetch\" href=\"\/\/wordpress.com\">\n<link rel=\"dns-prefetch\" href=\"\/\/fonts.googleapis.com\">\n<link rel=\"dns-prefetch\" href=\"\/\/s.pubmine.com\">\n<link rel=\"dns-prefetch\" href=\"\/\/x.bidswitch.net\">\n<link rel=\"dns-prefetch\" href=\"\/\/static.criteo.net\">\n<link rel=\"dns-prefetch\" href=\"\/\/ib.adnxs.com\">\n<link rel=\"dns-prefetch\" href=\"\/\/aax.amazon-adsystem.com\">\n<link rel=\"dns-prefetch\" href=\"\/\/bidder.criteo.com\">\n<link rel=\"dns-prefetch\" href=\"\/\/cas.criteo.com\">\n<link rel=\"dns-prefetch\" href=\"\/\/gum.criteo.com\">\n<link rel=\"dns-prefetch\" href=\"\/\/ads.pubmatic.com\">\n<link rel=\"dns-prefetch\" href=\"\/\/gads.pubmatic.com\">\n<link rel=\"dns-prefetch\" href=\"\/\/tpc.googlesyndication.com\">\n<link rel=\"dns-prefetch\" href=\"\/\/ad.doubleclick.net\">\n<link rel=\"dns-prefetch\" href=\"\/\/googleads.g.doubleclick.net\">\n<link rel=\"dns-prefetch\" href=\"\/\/www.googletagservices.com\">\n<link rel=\"dns-prefetch\" href=\"\/\/cdn.switchadhub.com\">\n<link rel=\"dns-prefetch\" href=\"\/\/delivery.g.switchadhub.com\">\n<link rel=\"dns-prefetch\" href=\"\/\/delivery.swid.switchadhub.com\">\n<link rel=\"dns-prefetch\" href=\"\/\/a.teads.tv\">\n<link rel=\"dns-prefetch\" href=\"\/\/prebid.media.net\">\n<link rel=\"dns-prefetch\" href=\"\/\/adserver-us.adtech.advertising.com\">\n<link rel=\"dns-prefetch\" href=\"\/\/fastlane.rubiconproject.com\">\n<link rel=\"dns-prefetch\" href=\"\/\/prebid-server.rubiconproject.com\">\n<link rel=\"dns-prefetch\" href=\"\/\/hb-api.omnitagjs.com\">\n<link rel=\"dns-prefetch\" href=\"\/\/mtrx.go.sonobi.com\">\n<link rel=\"dns-prefetch\" href=\"\/\/apex.go.sonobi.com\">\n<link rel=\"dns-prefetch\" href=\"\/\/u.openx.net\">\n<link rel=\"alternate\" type=\"application\/rss+xml\" title=\"C\u00d3RDOBA NEWS \u00bb Feed\" href=\"https:\/\/cordobanewsnet.wordpress.com\/feed\/\">\n<link rel=\"alternate\" type=\"application\/rss+xml\" title=\"C\u00d3RDOBA NEWS \u00bb RSS de los comentarios\" href=\"https:\/\/cordobanewsnet.wordpress.com\/comments\/feed\/\">\n<link rel=\"alternate\" type=\"application\/rss+xml\" title=\"C\u00d3RDOBA NEWS \u00bb Costanera cortada en C\u00f3rdoba por&nbsp;crecidas RSS de los comentarios\" href=\"https:\/\/cordobanewsnet.wordpress.com\/2021\/02\/24\/costanera-cortada-en-cordoba-por-crecidas\/feed\/\"> <link rel=\"stylesheet\" id=\"all-css-0-1\" href=\"https:\/\/s0.wp.com\/_static\/??-eJydkdFuwyAMRX9oxEnaTtrDtG+BYDE3EBCGVvn7kWRrs2bKpr0grrnnGjBcg+j8kHBI4LIINhsaGK6h806wI4vjg6o65idYYcp6cwd91FIzGOuVtBvvqkVEKxNqETynB7WHWeqR4YwpyK4Xs9rYv7wmF6kwmnISES5NXdVVCyqT1dO15wAVZRyB02jxD0EzteovR5+TMJH0fyOiTDQY\/gXv\/CfWVqfqAJo43WriZ3T1adPzS90FmSaHQ00SLbpi28OWuSsVIjKLsjrKTqT3Au7OqFBT9DIdKMbvlQUlGHyiQvNts8lcWkHICpTkHuOFrEXR3j\/rzb02z82xfjnWp\/b8Aa3jDZ0=?cssminify=yes\" type=\"text\/css\" media=\"all\"> <link crossorigin=\"anonymous\" rel=\"stylesheet\" id=\"baskerville-2-fonts-css\" href=\"https:\/\/fonts.googleapis.com\/css?family=Roboto+Slab%3A400%2C700%7CRoboto%3A400%2C400italic%2C700%2C700italic%2C300%7CPacifico%3A400&amp;subset=latin%2Clatin-ext\" media=\"all\">\n<link rel=\"stylesheet\" id=\"all-css-2-1\" href=\"https:\/\/s0.wp.com\/_static\/??-eJyNjMEKwjAQRH\/IuLZQqQfxW9K4jbGbbOhuDf69sXhQBPE2j5l5ULJxnBSTgl4wokBeBhisTDjfAhGaFsY6sAWFI67ZvGDrRDbwjyEkB6L3mkt2HL+OcTGZFh+SQAlnjyqAS215CmjIFlCMmaxW+ar5JfDIhthZDZw+wIxkw\/zrOuNA7Gv0UFdv+Dyd4rHpDrtm37V9f30AkTx0wQ==?cssminify=yes\" type=\"text\/css\" media=\"all\">\n<link rel=\"stylesheet\" id=\"print-css-3-1\" href=\"https:\/\/s0.wp.com\/wp-content\/mu-plugins\/global-print\/global-print.css?m=1465851035h&amp;cssminify=yes\" type=\"text\/css\" media=\"print\"> <link rel=\"stylesheet\" id=\"all-css-6-1\" href=\"https:\/\/s0.wp.com\/_static\/??-eJxti8sKgCAQAH8oW6KHdoi+xcTUWF1pjX4\/OnSIOg0DM3BmYSgVmwrEQ2Q8XEgMmbiIFXXYgb3eQ3IPa8Ncwf\/FZIJGgeToLZ+peBstg+\/AIS0a72COU9OPUg69atV2AWWKN+I=?cssminify=yes\" type=\"text\/css\" media=\"all\"> <link rel=\"stylesheet\" id=\"all-css-0-2\" href=\"https:\/\/s0.wp.com\/wp-content\/mu-plugins\/highlander-comments\/style.css?m=1530132353h&amp;cssminify=yes\" type=\"text\/css\" media=\"all\">\n<!--[if lt IE 8]>\n<link rel='stylesheet' id='highlander-comments-ie7-css' href='https:\/\/s0.wp.com\/wp-content\/mu-plugins\/highlander-comments\/style-ie7.css?m=1351637563h&#038;ver=20110606' media='all' \/>\n<![endif]-->\n<link rel=\"EditURI\" type=\"application\/rsd+xml\" title=\"RSD\" href=\"https:\/\/cordobanewsnet.wordpress.com\/xmlrpc.php?rsd\">\n<link rel=\"wlwmanifest\" type=\"application\/wlwmanifest+xml\" href=\"https:\/\/s0.wp.com\/wp-includes\/wlwmanifest.xml\"> <meta name=\"generator\" content=\"WordPress.com\">\n<link rel=\"canonical\" href=\"https:\/\/cordobanewsnet.wordpress.com\/2021\/02\/24\/costanera-cortada-en-cordoba-por-crecidas\/\">\n<link rel=\"shortlink\" href=\"https:\/\/wp.me\/p9GsYq-1j2\">\n<link rel=\"alternate\" type=\"application\/json+oembed\" href=\"https:\/\/public-api.wordpress.com\/oembed\/?format=json&amp;url=https%3A%2F%2Fcordobanewsnet.wordpress.com%2F2021%2F02%2F24%2Fcostanera-cortada-en-cordoba-por-crecidas%2F&amp;for=wpcom-auto-discovery\"><link rel=\"alternate\" type=\"application\/xml+oembed\" href=\"https:\/\/public-api.wordpress.com\/oembed\/?format=xml&amp;url=https%3A%2F%2Fcordobanewsnet.wordpress.com%2F2021%2F02%2F24%2Fcostanera-cortada-en-cordoba-por-crecidas%2F&amp;for=wpcom-auto-discovery\">\n<!-- Jetpack Open Graph Tags --><br \/>\n<meta property=\"og:type\" content=\"article\"><br \/>\n<meta property=\"og:title\" content=\"Costanera cortada en C\u00f3rdoba por crecidas\"><br \/>\n<meta property=\"og:url\" content=\"https:\/\/cordobanewsnet.wordpress.com\/2021\/02\/24\/costanera-cortada-en-cordoba-por-crecidas\/\"><br \/>\n<meta property=\"og:description\" content=\"La costanera amaneci\u00f3 cortada de ambas manos debido a las intensas lluvias en toda la provincia que provocan crecidas de los r\u00edos serranos. Permanecer\u00e1 cerrada por precauci\u00f3n hasta nuevo aviso. Vid\u2026\"><br \/>\n<meta property=\"article:published_time\" content=\"2021-02-24T15:14:50+00:00\"><br \/>\n<meta property=\"article:modified_time\" content=\"2021-02-24T15:17:17+00:00\"><br \/>\n<meta property=\"og:site_name\" content=\"C\u00d3RDOBA NEWS\"><br \/>\n<meta property=\"og:image\" content=\"https:\/\/cordobanewsnet.files.wordpress.com\/2021\/02\/946488cb-23cc-4964-b9a4-8be80761030c.jpeg?w=1200\"><br \/>\n<meta property=\"og:image:width\" content=\"1200\"><br \/>\n<meta property=\"og:image:height\" content=\"1172\"><br \/>\n<meta property=\"og:locale\" content=\"es_ES\"><br \/>\n<meta name=\"twitter:site\" content=\"@wordpressdotcom\"><br \/>\n<meta name=\"twitter:text:title\" content=\"Costanera cortada en C\u00f3rdoba por&nbsp;crecidas\"><br \/>\n<meta name=\"twitter:image\" content=\"https:\/\/cordobanewsnet.files.wordpress.com\/2021\/02\/946488cb-23cc-4964-b9a4-8be80761030c.jpeg?w=640\"><br \/>\n<meta name=\"twitter:card\" content=\"summary_large_image\"><br \/>\n<meta property=\"fb:app_id\" content=\"249643311490\"><br \/>\n<meta property=\"article:publisher\" content=\"https:\/\/www.facebook.com\/WordPresscom\"> <!-- End Jetpack Open Graph Tags -->\n<link rel=\"search\" type=\"application\/opensearchdescription+xml\" href=\"https:\/\/cordobanewsnet.wordpress.com\/osd.xml\" title=\"C\u00d3RDOBA NEWS\">\n<link rel=\"search\" type=\"application\/opensearchdescription+xml\" href=\"https:\/\/s1.wp.com\/opensearch.xml\" title=\"WordPress.com\">\n<link rel=\"pingback\" href=\"https:\/\/cordobanewsnet.wordpress.com\/xmlrpc.php\"><meta name=\"application-name\" content=\"C\u00d3RDOBA NEWS\"><meta name=\"msapplication-window\" content=\"width=device-width;height=device-height\"><meta name=\"msapplication-task\" content=\"name=Suscribirse;action-uri=https:\/\/cordobanewsnet.wordpress.com\/feed\/;icon-uri=https:\/\/cordobanewsnet.files.wordpress.com\/2018\/04\/cropped-0bc62967-b291-4b4b-b6ee-4a3c5b8ceb95.jpeg?w=16\"><meta name=\"msapplication-task\" content=\"name=Registrar un blog gratuito;action-uri=http:\/\/wordpress.com\/signup\/;icon-uri=https:\/\/s0.wp.com\/i\/favicon.ico\"><meta name=\"msapplication-task\" content=\"name=Ayuda de WordPress.com;action-uri=http:\/\/support.wordpress.com\/;icon-uri=https:\/\/s0.wp.com\/i\/favicon.ico\"><meta name=\"msapplication-task\" content=\"name=Foros de WordPress.com;action-uri=http:\/\/forums.wordpress.com\/;icon-uri=https:\/\/s0.wp.com\/i\/favicon.ico\"><meta name=\"description\" content=\"La costanera amaneci\u00f3 cortada de ambas manos debido a las intensas lluvias en toda la provincia que provocan crecidas de los r\u00edos serranos. Permanecer\u00e1 cerrada por precauci\u00f3n hasta nuevo aviso. Video: https:\/\/www.instagram.com\/p\/CLrdhdfA6hI\/?igshid=ulx8aahz907m\"> <link rel=\"amphtml\" href=\"https:\/\/cordobanewsnet.wordpress.com\/2021\/02\/24\/costanera-cortada-en-cordoba-por-crecidas\/amp\/\"><link rel=\"icon\" href=\"https:\/\/cordobanewsnet.files.wordpress.com\/2018\/04\/cropped-0bc62967-b291-4b4b-b6ee-4a3c5b8ceb95.jpeg?w=32\" sizes=\"32x32\">\n<link rel=\"icon\" href=\"https:\/\/cordobanewsnet.files.wordpress.com\/2018\/04\/cropped-0bc62967-b291-4b4b-b6ee-4a3c5b8ceb95.jpeg?w=192\" sizes=\"192x192\">\n<link rel=\"apple-touch-icon\" href=\"https:\/\/cordobanewsnet.files.wordpress.com\/2018\/04\/cropped-0bc62967-b291-4b4b-b6ee-4a3c5b8ceb95.jpeg?w=180\">\n<meta name=\"msapplication-TileImage\" content=\"https:\/\/cordobanewsnet.files.wordpress.com\/2018\/04\/cropped-0bc62967-b291-4b4b-b6ee-4a3c5b8ceb95.jpeg?w=270\"> <\/head><body class=\"post-template-default single single-post postid-5024 single-format-standard customizer-styles-applied no-featured-image highlander-enabled highlander-light\" id=\"readabilityBody\" readability=\"34.735475896168\"> <a class=\"screen-reader-text skip-link\" href=\"https:\/\/cordobanewsnet.wordpress.com\/2021\/02\/24\/costanera-cortada-en-cordoba-por-crecidas\/#content\">Saltar al contenido<\/a> <!-- \/header --> <!-- \/navigation --> <\/p>\n<div class=\"wrapper section medium-padding\"> <main class=\"section-inner clear\" role=\"main\"> <\/p>\n<div class=\"content clear fleft\" id=\"content\">\n<article id=\"post-5024\" class=\"post-5024 post type-post status-publish format-standard has-post-thumbnail hentry category-uncategorized clear fallback-thumbnail\" readability=\"33.3\"> <!-- \/featured-media --> <\/p>\n<div class=\"post-content clear\" readability=\"24.891428571429\">\n<p>La costanera amaneci\u00f3 cortada de ambas manos debido a las intensas lluvias en toda la provincia que provocan crecidas de los r\u00edos serranos. Permanecer\u00e1 cerrada por precauci\u00f3n hasta nuevo aviso.<\/p>\n<p>Video:<\/p>\n<figure class=\"wp-block-embed is-type-rich is-provider-instagram wp-block-embed-instagram\"><\/figure>\n<div id=\"jp-post-flair\" class=\"sharedaddy sd-like-enabled sd-sharing-enabled\">\n<div class=\"sharedaddy sd-sharing-enabled\">\n<div class=\"robots-nocontent sd-block sd-social sd-social-icon-text sd-sharing\">\n<h3 class=\"sd-title\">Share this:<\/h3>\n<\/div>\n<\/div>\n<div class=\"sharedaddy sd-block sd-like jetpack-likes-widget-wrapper jetpack-likes-widget-unloaded\" id=\"like-post-wrapper-143108178-5024-6036ceca7d949\" data-src=\"\/\/widgets.wp.com\/likes\/index.html?ver=20200826#blog_id=143108178&amp;post_id=5024&amp;origin=cordobanewsnet.wordpress.com&amp;obj_id=143108178-5024-6036ceca7d949\" data-name=\"like-post-frame-143108178-5024-6036ceca7d949\">\n<h3 class=\"sd-title\">Me gusta esto:<\/h3>\n<p><span class=\"button\"><span>Me gusta<\/span><\/span> <span class=\"loading\">Cargando&#8230;<\/span><\/p>\n<p><span class=\"sd-text-color\"><\/span><\/div>\n<p><h3 class=\"jp-relatedposts-headline\"><em>Relacionado<\/em><\/h3>\n<\/p>\n<\/div><\/div>\n<p><!--\/.post-content--> <\/p>\n<footer class=\"post-meta-container clear\" readability=\"0.41463414634146\">\n<div class=\"entry-author author-avatar-show\" readability=\"13.114754098361\">\n<div class=\"author-avatar\"> <img loading=\"lazy\" alt src=\"http:\/\/nuevacordoba.net\/wp-content\/uploads\/2021\/02\/costanera-cortada-en-cordoba-por-crecidas.png\" class=\"avatar avatar-90\" height=\"90\" width=\"90\"> <\/div>\n<p><!-- .author-avatar --> <\/p>\n<p><h2 class=\"author-title\">Publicado por <span class=\"author-name\">Redacci\u00f3n<\/span><\/h2>\n<\/p>\n<p><!-- .author-heading --> <\/p>\n<p class=\"author-bio\"> <a class=\"author-link\" href=\"https:\/\/cordobanewsnet.wordpress.com\/author\/prettomatias\/\" rel=\"author\"> Ver todas las entradas de Redacci\u00f3n <\/a> <\/p>\n<p><!-- .author-bio --> <\/div>\n<p><!-- .entry-auhtor --> <\/footer>\n<p> <!-- \/post-meta-container --> <!-- #respond --> <\/article>\n<p> <!-- \/post --> <\/div>\n<p> <!-- \/content --> <!-- \/sidebar --> <\/main> <!-- \/section-inner -->\n<\/div>\n<p> <!-- \/wrapper --> <!-- \/footer --> <!-- \/credits --> <!-- --> <!-- CCPA [start] --> <!-- CCPA [end] --> <\/p>\n<div id=\"likes-other-gravatars\" readability=\"7\">\n<p>A <span>%d<\/span> blogueros les gusta esto:<\/p>\n<\/div>\n<p> <noscript><img src=\"http:\/\/nuevacordoba.net\/wp-content\/uploads\/2021\/02\/costanera-cortada-en-cordoba-por-crecidas.gif\" alt><\/noscript> <\/body> <\/p>\n","protected":false},"excerpt":{"rendered":"<p>Costanera cortada en C\u00f3rdoba por crecidas \u2013 C\u00d3RDOBA NEWS Saltar al contenido La costanera amaneci\u00f3 cortada de ambas manos debido a las intensas lluvias en toda la provincia que provocan crecidas de los r\u00edos serranos. Permanecer\u00e1 cerrada por precauci\u00f3n hasta nuevo aviso. Video: Share this: Me gusta esto: Me gusta Cargando&#8230; Relacionado Publicado por Redacci\u00f3n [&hellip;]<\/p>\n","protected":false},"author":1,"featured_media":1375,"comment_status":"closed","ping_status":"closed","sticky":false,"template":"","format":"standard","meta":[],"categories":[14],"tags":[],"_links":{"self":[{"href":"http:\/\/nuevacordoba.net\/index.php\/wp-json\/wp\/v2\/posts\/1374"}],"collection":[{"href":"http:\/\/nuevacordoba.net\/index.php\/wp-json\/wp\/v2\/posts"}],"about":[{"href":"http:\/\/nuevacordoba.net\/index.php\/wp-json\/wp\/v2\/types\/post"}],"author":[{"embeddable":true,"href":"http:\/\/nuevacordoba.net\/index.php\/wp-json\/wp\/v2\/users\/1"}],"replies":[{"embeddable":true,"href":"http:\/\/nuevacordoba.net\/index.php\/wp-json\/wp\/v2\/comments?post=1374"}],"version-history":[{"count":0,"href":"http:\/\/nuevacordoba.net\/index.php\/wp-json\/wp\/v2\/posts\/1374\/revisions"}],"wp:featuredmedia":[{"embeddable":true,"href":"http:\/\/nuevacordoba.net\/index.php\/wp-json\/wp\/v2\/media\/1375"}],"wp:attachment":[{"href":"http:\/\/nuevacordoba.net\/index.php\/wp-json\/wp\/v2\/media?parent=1374"}],"wp:term":[{"taxonomy":"category","embeddable":true,"href":"http:\/\/nuevacordoba.net\/index.php\/wp-json\/wp\/v2\/categories?post=1374"},{"taxonomy":"post_tag","embeddable":true,"href":"http:\/\/nuevacordoba.net\/index.php\/wp-json\/wp\/v2\/tags?post=1374"}],"curies":[{"name":"wp","href":"https:\/\/api.w.org\/{rel}","templated":true}]}}