{"id":1380,"date":"2021-02-25T06:37:40","date_gmt":"2021-02-25T06:37:40","guid":{"rendered":"http:\/\/nuevacordoba.net\/index.php\/2021\/02\/25\/reunion-clave-de-los-clubes-de-la-liga-profesional-para-avanzar-en-la-vuelta-del-publico\/"},"modified":"2021-02-25T06:37:40","modified_gmt":"2021-02-25T06:37:40","slug":"reunion-clave-de-los-clubes-de-la-liga-profesional-para-avanzar-en-la-vuelta-del-publico","status":"publish","type":"post","link":"http:\/\/nuevacordoba.net\/index.php\/2021\/02\/25\/reunion-clave-de-los-clubes-de-la-liga-profesional-para-avanzar-en-la-vuelta-del-publico\/","title":{"rendered":"Reuni\u00f3n clave de los clubes de la Liga Profesional para avanzar en la vuelta del p\u00fablico"},"content":{"rendered":"<div class=\"image\" id=\"image\" readability=\"8\"> <img src=\"http:\/\/nuevacordoba.net\/wp-content\/uploads\/2021\/02\/reunion-clave-de-los-clubes-de-la-liga-profesional-para-avanzar-en-la-vuelta-del-publico.jpg\" alt=\"Cristian Malaspina: &quot;Los clubes venimos respetando mucho los protocolos y por eso no se suspendi\u00f3 ning\u00fan partido&quot;.\" title=\"Cristian Malaspina: &quot;Los clubes venimos respetando mucho los protocolos y por eso no se suspendi\u00f3 ning\u00fan partido&quot;.\"><\/p>\n<p>Cristian Malaspina: \u00abLos clubes venimos respetando mucho los protocolos y por eso no se suspendi\u00f3 ning\u00fan partido\u00bb.<\/p>\n<\/div>\n<p>Los dirigentes de la Liga Profesional de F\u00fatbol se reunieron de manera presencial por primera vez desde que se dictaron las medidas restrictivas por la pandemia de coronavirus para tratar como tema principal la vuelta del p\u00fablico a los estadios del f\u00fatbol argentino, aunque advirtieron que esa intenci\u00f3n siempre estar\u00e1 sujeta a las medidas sanitarias establecidas por el Gobierno nacional.<\/p>\n<p>\u00abLos clubes venimos respetando mucho los protocolos y por eso no se suspendi\u00f3 ning\u00fan partido. Pero la vuelta del p\u00fablico es muy esperada y necesaria, as\u00ed que vamos a seguir trabajando en forma mancomunada con el Gobierno nacional para poder concretarla\u00bb, le indic\u00f3 a la prensa Cristian Malaspina, director de Competencias de la Liga Profesional y titular de Argentinos Juniors, tras la reuni\u00f3n realizada en el hotel Hilton de Puerto Madero.<\/p>\n<p>Del encuentro tomaron parte 22 de los 26 clubes de primera divisi\u00f3n y la LPF celebr\u00f3 por twitter las presencias por primera vez del flamante presidente de Hurac\u00e1n, David Garz\u00f3n, as\u00ed como de los representantes de los reci\u00e9n ascendidos Sarmiento, de Jun\u00edn y Platense.<\/p>\n<p>Del encuentro tomaron parte River, Racing, Independiente, San Lorenzo, Argentinos Juniors, Arsenal, Lan\u00fas, Banfield, Estudiantes, Gimnasia, V\u00e9lez, Newell&#8217;s, Rosario Central, Aldosivi, Hurac\u00e1n, Patronato, Central C\u00f3rdoba, Godoy Cruz, Sarmiento, Uni\u00f3n, Platense y Talleres de C\u00f3rdoba. Se ausentaron con previo aviso Defensa y Justicia, Col\u00f3n, Atl\u00e9tico Tucum\u00e1n y Boca Juniors.<\/p>\n<p>\u00abLas necesidades son muy heterog\u00e9neas, porque por ejemplo los clubes grandes que tienen muchos abonos vendidos, perdieron un ingreso important\u00edsimo en este tiempo. Todos conocemos esa problem\u00e1tica pero tambi\u00e9n que hay un contexto de pandemia, y por eso tenemos que trabajar con mucho respeto y cuidando las palabras\u00bb, alert\u00f3 finalmente Malaspina.<\/p>\n<p>De todas maneras, en principio y siempre con la gradualidad pertinente, el retorno de p\u00fablico a los estadios argentinos no se producir\u00eda hasta el segundo semestre de este a\u00f1o, m\u00e1s precisamente despu\u00e9s de disputada la Copa Am\u00e9rica con sede compartida con Colombia, que se desarrollar\u00e1 entre el 11 de junio y el 11 de julio pr\u00f3ximos, estimaron fuentes afistas. La Conmebol est\u00e1 trabajando tambi\u00e9n en ese sentido. <\/p>\n","protected":false},"excerpt":{"rendered":"<p>Cristian Malaspina: \u00abLos clubes venimos respetando mucho los protocolos y por eso no se suspendi\u00f3 ning\u00fan partido\u00bb. Los dirigentes de la Liga Profesional de F\u00fatbol se reunieron de manera presencial por primera vez desde que se dictaron las medidas restrictivas por la pandemia de coronavirus para tratar como tema principal la vuelta del p\u00fablico a [&hellip;]<\/p>\n","protected":false},"author":1,"featured_media":1381,"comment_status":"closed","ping_status":"closed","sticky":false,"template":"","format":"standard","meta":[],"categories":[10],"tags":[],"_links":{"self":[{"href":"http:\/\/nuevacordoba.net\/index.php\/wp-json\/wp\/v2\/posts\/1380"}],"collection":[{"href":"http:\/\/nuevacordoba.net\/index.php\/wp-json\/wp\/v2\/posts"}],"about":[{"href":"http:\/\/nuevacordoba.net\/index.php\/wp-json\/wp\/v2\/types\/post"}],"author":[{"embeddable":true,"href":"http:\/\/nuevacordoba.net\/index.php\/wp-json\/wp\/v2\/users\/1"}],"replies":[{"embeddable":true,"href":"http:\/\/nuevacordoba.net\/index.php\/wp-json\/wp\/v2\/comments?post=1380"}],"version-history":[{"count":0,"href":"http:\/\/nuevacordoba.net\/index.php\/wp-json\/wp\/v2\/posts\/1380\/revisions"}],"wp:featuredmedia":[{"embeddable":true,"href":"http:\/\/nuevacordoba.net\/index.php\/wp-json\/wp\/v2\/media\/1381"}],"wp:attachment":[{"href":"http:\/\/nuevacordoba.net\/index.php\/wp-json\/wp\/v2\/media?parent=1380"}],"wp:term":[{"taxonomy":"category","embeddable":true,"href":"http:\/\/nuevacordoba.net\/index.php\/wp-json\/wp\/v2\/categories?post=1380"},{"taxonomy":"post_tag","embeddable":true,"href":"http:\/\/nuevacordoba.net\/index.php\/wp-json\/wp\/v2\/tags?post=1380"}],"curies":[{"name":"wp","href":"https:\/\/api.w.org\/{rel}","templated":true}]}}