{"id":1384,"date":"2021-02-25T06:37:53","date_gmt":"2021-02-25T06:37:53","guid":{"rendered":"http:\/\/nuevacordoba.net\/index.php\/2021\/02\/25\/la-musica-de-piazzolla-llega-al-colon-con-un-ciclo-de-13-conciertos\/"},"modified":"2021-02-25T06:37:53","modified_gmt":"2021-02-25T06:37:53","slug":"la-musica-de-piazzolla-llega-al-colon-con-un-ciclo-de-13-conciertos","status":"publish","type":"post","link":"http:\/\/nuevacordoba.net\/index.php\/2021\/02\/25\/la-musica-de-piazzolla-llega-al-colon-con-un-ciclo-de-13-conciertos\/","title":{"rendered":"La m\u00fasica de Piazzolla llega al Col\u00f3n con un ciclo de 13 conciertos"},"content":{"rendered":"<div class=\"image\" id=\"image\" readability=\"11\"> <img src=\"http:\/\/nuevacordoba.net\/wp-content\/uploads\/2021\/02\/la-musica-de-piazzolla-llega-al-colon-con-un-ciclo-de-13-conciertos.jpg\" alt=\"Piazzolla naci\u00f3 el 11 de marzo de 1921, en Mar del Plata, y muri\u00f3 el 4 de julio de 1992, en Buenos Aires.\" title=\"Piazzolla naci\u00f3 el 11 de marzo de 1921, en Mar del Plata, y muri\u00f3 el 4 de julio de 1992, en Buenos Aires.\"><\/p>\n<p>Piazzolla naci\u00f3 el 11 de marzo de 1921, en Mar del Plata, y muri\u00f3 el 4 de julio de 1992, en Buenos Aires.<\/p>\n<\/div>\n<p>Con una grilla de 13 conciertos previstos entre el 5 y el 20 de marzo en el Teatro Col\u00f3n, la m\u00fasica de \u00c1stor Piazzolla tendr\u00e1 una in\u00e9dita continuidad y presencia en el m\u00e1ximo coliseo argentino.<\/p>\n<p>De la celebraci\u00f3n generada en el marco de \u201cPiazzolla 100\u201d participar\u00e1n la Orquesta Estable del Col\u00f3n, Pedro Ignacio Calder\u00f3n, C\u00e9sar Angeleri y Juan Jos\u00e9 Mosalini; Paula Maffia y Amelita Baltar; Camerata Bariloche; Horacio Lavandera; N\u00e9stor Marconi; Escalandrum; Rodolfo Mederos; y Chango Spasiuk, entre m\u00e1s.<\/p>\n<p>El imponente programa se dividir\u00e1 en dos partes: <strong>la primera -entre el 5 y el 14-<\/strong> ser\u00e1 paga (con entradas desde 1,500 pesos a la <a href=\"https:\/\/teatrocolon.org.ar\/es\" target=\"_blank\" rel=\"noopener\">venta \u00fanicamente de forma online a trav\u00e9s de www.teatrocolon.org.ar)<\/a> y <strong>la segunda -del 16 al 20- <\/strong>ser\u00e1 gratuita con previa reserva de localidades online a partir de las 10 del d\u00eda anterior a cada funci\u00f3n.<\/p>\n<p>Con venta on line<\/p>\n<p><\/p>\n<div class=\"image\" id=\"image\" readability=\"12\"> <img src=\"http:\/\/nuevacordoba.net\/wp-content\/uploads\/2021\/02\/la-musica-de-piazzolla-llega-al-colon-con-un-ciclo-de-13-conciertos-1.jpg\" alt=\"El ciclo abre el viernes 5 a las 20 con \u201cPiazzolla Sinf\u00f3nico\u201d que reunir\u00e1 a la Orquesta Estable del Teatro Col\u00f3n, con los solistas Juan Jos\u00e9 Mosalini (bandone\u00f3n) y C\u00e9sar Angeleri (guitarra) y, como invitado, Juan Pablo Navarro (contrabajo).\" title=\"El ciclo abre el viernes 5 a las 20 con \u201cPiazzolla Sinf\u00f3nico\u201d que reunir\u00e1 a la Orquesta Estable del Teatro Col\u00f3n, con los solistas Juan Jos\u00e9 Mosalini (bandone\u00f3n) y C\u00e9sar Angeleri (guitarra) y, como invitado, Juan Pablo Navarro (contrabajo).\"><\/p>\n<p>El ciclo abre el viernes 5 a las 20 con \u201cPiazzolla Sinf\u00f3nico\u201d que reunir\u00e1 a la Orquesta Estable del Teatro Col\u00f3n, con los solistas Juan Jos\u00e9 Mosalini (bandone\u00f3n) y C\u00e9sar Angeleri (guitarra) y, como invitado, Juan Pablo Navarro (contrabajo).<\/p>\n<\/div>\n<p>La apertura del ciclo impulsado por la Fundaci\u00f3n \u00c1stor Piazzolla, ser\u00e1 <strong>el viernes 5 a las 20 con \u201cPiazzolla Sinf\u00f3nico\u201d <\/strong>que reunir\u00e1 a la Orquesta Estable del Teatro Col\u00f3n dirigida por con los solistas Juan Jos\u00e9 Mosalini (bandone\u00f3n) y C\u00e9sar Angeleri (guitarra) y, como invitado, Juan Pablo Navarro (contrabajo).<\/p>\n<p><strong>Una noche despu\u00e9s ser\u00e1 el turno del Proyecto El\u00e9ctrico Piazzolla<\/strong> que reunir\u00e1 a Horacio Romo, Pablo Agri, Luis Cer\u00e1volo, Nicol\u00e1s Guerschberg, Mat\u00edas M\u00e9ndez, Esteban Sehinkman, Lucio Balduini y Marina Calzado Linage, sumando la voz de Paula Maffia, el saxo de Yamile Burich y la participaci\u00f3n especial de Amelita Baltar.<\/p>\n<p><strong>El domingo 7 a las 17 se abordar\u00e1 \u201cPiazzolla antes de Piazzolla\u201d<\/strong> a cargo de la Orquesta Escuela de Tango Emilio Balcarce dirigida por V\u00edctor Lavall\u00e9n, con los aportes de Carlos Rossi, Tr\u00edo Lavall\u00e9n-Estigarribia-Cabarcos y la participaci\u00f3n especial de Susana Rinaldi.<\/p>\n<p><strong>El martes 9 a las 20 llegar\u00e1 una velada \u201cTriunfal\u201d <\/strong>a cargo del Quinteto Astor Piazzolla (Nicol\u00e1s Guerschberg en piano, Pablo Mainetti en bandone\u00f3n, Armando de la Vega en guitarra el\u00e9ctrica, Serdar Geldymuradov en viol\u00edn y Daniel Falasca en contrabajo).<\/p>\n<p><strong>La noche del 10, tambi\u00e9n a las 20, se visitar\u00e1n \u201cLas Cuatro Estaciones Porte\u00f1as de Piazzolla\u201d <\/strong>de la mano de Camerata Bariloche, Horacio Lavandera y la&nbsp;participaci\u00f3n especial de N\u00e9stor Marconi.<\/p>\n<p>Mientras que <strong>el jueves 11, desde las 20 sonar\u00e1 \u201cPiazzolla Plays Piazzolla Centenario\u201d <\/strong>a partir del sexteto de jazz Escalandrum y sumando las participaciones especiales de Chango Spasiuk, Gustavo Bergalli, Ra\u00fal Lavi\u00e9, Elena Roger y Jairo.<\/p>\n<p>Y <strong>el 12 a las 20 se recrear\u00e1 el paso de \u201c\u00c1stor Piazzolla en el Col\u00f3n 1983\u201d <\/strong>con la Orquesta Filarm\u00f3nica de Buenos Aires con el director invitado Pedro Ignacio Calder\u00f3n, el solista de bandone\u00f3n Daniel Binelli y la presencia del Conjunto Nueve.<\/p>\n<p><strong>El s\u00e1bado 13 a las 20 <\/strong>confluir\u00e1n el bandone\u00f3n y la guitarra en las respectivas manos de Daniel Binelli y C\u00e9sar Angeleri y el domingo 14 a partir de las 17 se brindar\u00e1 el <strong>\u201cConcierto Did\u00e1ctico-El estilo de Piazzolla del &#8217;46\u00bb <\/strong>a cargo de Ignacio Varchausky y la Orquesta Escuela de Tango Emilio Balcarce.<\/p>\n<p> <iframe width=\"560\" height=\"315\" src=\"https:\/\/www.youtube.com\/embed\/lUgfZqraQNs?wmode=transparent&amp;showinfo=0&amp;autohide=1&amp;rel=0\" frameborder=\"0\" allowfullscreen>[embedded content]<\/iframe> <\/p>\n<p>Piazzolla en el Col\u00f3n (1983)<\/p>\n<p>Sin costo<\/p>\n<p>Los conciertos con entrada gratuita organizados en forma conjunta entre el Col\u00f3n, Sadaic y AADI comenzar\u00e1n <strong>el 16 a las 20 reuniendo a los bandoneonistas <\/strong>Julio Pane y Leandro Pane en la primera parte; a Walter R\u00edos (bandone\u00f3n) y Jes\u00fas Hidalgo (guitarra y voz) en la segunda; y a Facundo Ram\u00edrez Cuarteto y Teresa Parodi en la tercera para un \u201cHomenaje a Ariel Ram\u00edrez y Astor Piazzolla\u201d.<\/p>\n<p><strong>Los dos programas del mi\u00e9rcoles 17 desde las 20<\/strong> ser\u00e1n animados por el bandone\u00f3n de Rodolfo Mederos y luego por La Grela Quinteto; mientras que el 18, tambi\u00e9n a las 20, confluir\u00e1n el d\u00fao de Pablo Agri (viol\u00edn)-Horacio Romo (bandone\u00f3n); el Juan Carlos Cirigliano Quinteto y el Quinteto Horacio Malvicino,&nbsp;con Parodi nuevamente de invitada<\/p>\n<p><strong>El 19 a las 20<\/strong> se reunir\u00e1n el bandoneonista N\u00e9stor Marconi; el Tr\u00edo Vainikoff-Tallarita-Gallardo; y Nicol\u00e1s Ledesma Cuarteto; mientras que el cierre del 20 a las 20 correr\u00e1 por cuenta del d\u00fao Carlos Buono (bandone\u00f3n)-Aldo Saralegui (piano); el Pepe Col\u00e1ngelo Cuarteto; y Susana Rinaldi con un quinteto dirigido por Juan Carlos Cuacci.<\/p>\n","protected":false},"excerpt":{"rendered":"<p>Piazzolla naci\u00f3 el 11 de marzo de 1921, en Mar del Plata, y muri\u00f3 el 4 de julio de 1992, en Buenos Aires. Con una grilla de 13 conciertos previstos entre el 5 y el 20 de marzo en el Teatro Col\u00f3n, la m\u00fasica de \u00c1stor Piazzolla tendr\u00e1 una in\u00e9dita continuidad y presencia en el [&hellip;]<\/p>\n","protected":false},"author":1,"featured_media":1385,"comment_status":"closed","ping_status":"closed","sticky":false,"template":"","format":"standard","meta":[],"categories":[9],"tags":[],"_links":{"self":[{"href":"http:\/\/nuevacordoba.net\/index.php\/wp-json\/wp\/v2\/posts\/1384"}],"collection":[{"href":"http:\/\/nuevacordoba.net\/index.php\/wp-json\/wp\/v2\/posts"}],"about":[{"href":"http:\/\/nuevacordoba.net\/index.php\/wp-json\/wp\/v2\/types\/post"}],"author":[{"embeddable":true,"href":"http:\/\/nuevacordoba.net\/index.php\/wp-json\/wp\/v2\/users\/1"}],"replies":[{"embeddable":true,"href":"http:\/\/nuevacordoba.net\/index.php\/wp-json\/wp\/v2\/comments?post=1384"}],"version-history":[{"count":0,"href":"http:\/\/nuevacordoba.net\/index.php\/wp-json\/wp\/v2\/posts\/1384\/revisions"}],"wp:featuredmedia":[{"embeddable":true,"href":"http:\/\/nuevacordoba.net\/index.php\/wp-json\/wp\/v2\/media\/1385"}],"wp:attachment":[{"href":"http:\/\/nuevacordoba.net\/index.php\/wp-json\/wp\/v2\/media?parent=1384"}],"wp:term":[{"taxonomy":"category","embeddable":true,"href":"http:\/\/nuevacordoba.net\/index.php\/wp-json\/wp\/v2\/categories?post=1384"},{"taxonomy":"post_tag","embeddable":true,"href":"http:\/\/nuevacordoba.net\/index.php\/wp-json\/wp\/v2\/tags?post=1384"}],"curies":[{"name":"wp","href":"https:\/\/api.w.org\/{rel}","templated":true}]}}