{"id":1431,"date":"2021-02-26T07:12:21","date_gmt":"2021-02-26T07:12:21","guid":{"rendered":"http:\/\/nuevacordoba.net\/index.php\/2021\/02\/26\/un-mural-en-mosaico-para-diego-en-argentinos-juniors\/"},"modified":"2021-02-26T07:12:21","modified_gmt":"2021-02-26T07:12:21","slug":"un-mural-en-mosaico-para-diego-en-argentinos-juniors","status":"publish","type":"post","link":"http:\/\/nuevacordoba.net\/index.php\/2021\/02\/26\/un-mural-en-mosaico-para-diego-en-argentinos-juniors\/","title":{"rendered":"Un mural en mosaico para Diego en Argentinos Juniors"},"content":{"rendered":"<div><img src=\"http:\/\/nuevacordoba.net\/wp-content\/uploads\/2021\/02\/un-mural-en-mosaico-para-diego-en-argentinos-juniors.jpg\" class=\"ff-og-image-inserted\"><\/div>\n<p> <iframe width=\"560\" height=\"315\" src=\"https:\/\/www.youtube.com\/embed\/J5-HhlzYO1A?wmode=transparent&amp;showinfo=0&amp;autohide=1&amp;rel=0\" frameborder=\"0\" allowfullscreen>[embedded content]<\/iframe> <\/p>\n<p>Un mural en mosaico para Diego en su club de origen<\/p>\n<p>Argentinos Juniors, club de origen de Diego Armando Maradona, fue el escenario de la inauguraci\u00f3n de un mural en mosaico en homenaje a la figura del astro, fallecido el 25 de noviembre pasado.<\/p>\n<p>El evento fue en una de las esquinas de la cancha del club de La Paternal, Gavil\u00e1n y Juan Agust\u00edn Garc\u00eda.<\/p>\n<p>El grupo \u00abComando Maradona\u00bb dise\u00f1\u00f3 el mural en el que se observa la imagen del \u00ab10\u00bb, con la tradicional camiseta de Argentinos en la d\u00e9cada del \u201970, en coincidencia con su debut en Primera Divisi\u00f3n (octubre de 1976).<\/p>\n<p>Los realizadores har\u00e1n un homenaje el d\u00eda 25 de cada mes en distintos barrios de la ciudad de Buenos Aires y diversos puntos del pa\u00eds. <\/p>\n","protected":false},"excerpt":{"rendered":"<p>[embedded content] Un mural en mosaico para Diego en su club de origen Argentinos Juniors, club de origen de Diego Armando Maradona, fue el escenario de la inauguraci\u00f3n de un mural en mosaico en homenaje a la figura del astro, fallecido el 25 de noviembre pasado. El evento fue en una de las esquinas de [&hellip;]<\/p>\n","protected":false},"author":1,"featured_media":1432,"comment_status":"closed","ping_status":"closed","sticky":false,"template":"","format":"standard","meta":[],"categories":[10],"tags":[],"_links":{"self":[{"href":"http:\/\/nuevacordoba.net\/index.php\/wp-json\/wp\/v2\/posts\/1431"}],"collection":[{"href":"http:\/\/nuevacordoba.net\/index.php\/wp-json\/wp\/v2\/posts"}],"about":[{"href":"http:\/\/nuevacordoba.net\/index.php\/wp-json\/wp\/v2\/types\/post"}],"author":[{"embeddable":true,"href":"http:\/\/nuevacordoba.net\/index.php\/wp-json\/wp\/v2\/users\/1"}],"replies":[{"embeddable":true,"href":"http:\/\/nuevacordoba.net\/index.php\/wp-json\/wp\/v2\/comments?post=1431"}],"version-history":[{"count":0,"href":"http:\/\/nuevacordoba.net\/index.php\/wp-json\/wp\/v2\/posts\/1431\/revisions"}],"wp:featuredmedia":[{"embeddable":true,"href":"http:\/\/nuevacordoba.net\/index.php\/wp-json\/wp\/v2\/media\/1432"}],"wp:attachment":[{"href":"http:\/\/nuevacordoba.net\/index.php\/wp-json\/wp\/v2\/media?parent=1431"}],"wp:term":[{"taxonomy":"category","embeddable":true,"href":"http:\/\/nuevacordoba.net\/index.php\/wp-json\/wp\/v2\/categories?post=1431"},{"taxonomy":"post_tag","embeddable":true,"href":"http:\/\/nuevacordoba.net\/index.php\/wp-json\/wp\/v2\/tags?post=1431"}],"curies":[{"name":"wp","href":"https:\/\/api.w.org\/{rel}","templated":true}]}}