{"id":1458,"date":"2021-02-26T18:14:44","date_gmt":"2021-02-26T18:14:44","guid":{"rendered":"http:\/\/nuevacordoba.net\/index.php\/2021\/02\/26\/crece-la-presion-popular-en-armenia-para-que-renuncie-el-primer-ministro\/"},"modified":"2021-02-26T18:14:44","modified_gmt":"2021-02-26T18:14:44","slug":"crece-la-presion-popular-en-armenia-para-que-renuncie-el-primer-ministro","status":"publish","type":"post","link":"http:\/\/nuevacordoba.net\/index.php\/2021\/02\/26\/crece-la-presion-popular-en-armenia-para-que-renuncie-el-primer-ministro\/","title":{"rendered":"Crece la presi\u00f3n popular en Armenia para que renuncie el primer ministro"},"content":{"rendered":"<div class=\"image\" id=\"image\" readability=\"8\"> <img src=\"http:\/\/nuevacordoba.net\/wp-content\/uploads\/2021\/02\/crece-la-presion-popular-en-armenia-para-que-renuncie-el-primer-ministro.jpg\" alt=\"Miles de personas se manifestaron por segundo d\u00eda consecutivo para reclamar la dimisi\u00f3n del primer ministro.\" title=\"Miles de personas se manifestaron por segundo d\u00eda consecutivo para reclamar la dimisi\u00f3n del primer ministro.\"><\/p>\n<p>Miles de personas se manifestaron por segundo d\u00eda consecutivo para reclamar la dimisi\u00f3n del primer ministro.<\/p>\n<\/div>\n<p>&nbsp;<br \/>Miles de personas se manifestaron este viernes por segundo d\u00eda consecutivo en Armenia para reclamar la dimisi\u00f3n del primer ministro, Nikol Pashinian, criticado por la derrota contra Azerbaiy\u00e1n en la guerra de oto\u00f1o de 2020 en el enclave de Nagorno Karabaj.<\/p>\n<p>El <strong>Estado Mayor de las Fuerzas Armadas pidi\u00f3 este jueves la renuncia de Pashinian,<\/strong> que denunci\u00f3 un intento de golpe de Estado y logr\u00f3 convocar a unos 20.000 simpatizantes en la capital, Erev\u00e1n.<\/p>\n<p>La <strong>oposici\u00f3n, por su parte, organiz\u00f3 una protesta de al menos 10.000 personas<\/strong>, que erigieron barricadas, levantaron tiendas y bloquearon las calles de las inmediaciones del Parlamento y prometieron quedarse all\u00ed hasta que el primer ministro dimita.<\/p>\n<p>Tras haber acampado por la noche, los opositores volvieron a tomar este viernes el centro de Erev\u00e1n, ondeando banderas armenias y coreando lemas contra el Gobierno.<\/p>\n<blockquote readability=\"5\">\n<p>\u00abO nos deshacemos de ellos [del Gobierno] o perdemos Armenia\u00bb<span class=\"comilla\">\u201d<\/span><\/p>\n<p><span>Vazguen Manukian<\/span><\/p>\n<\/blockquote>\n<p>&nbsp;<br \/>\u00abEl pueblo debe&nbsp;bajar a la calle y expresar su voluntad de evitar un derramamiento de sangre y una crisis\u00bb, lanz\u00f3 el ex primer ministro Vazguen Manukian, favorito de la oposici\u00f3n para suceder a Pashinian.<\/p>\n<p>\u00abO nos deshacemos de ellos [del Gobierno] o perdemos Armenia\u00bb, a\u00f1adi\u00f3.<\/p>\n<p>El enfado de parte de la poblaci\u00f3n era palpable en la marcha.<\/p>\n<p><strong>Grigor Airapetian, un jubilado de 68 a\u00f1os, consider\u00f3 que \u00abla \u00e9poca de Nikol termin\u00f3\u00bb<\/strong>. \u00abHan muerto muchos j\u00f3venes, sufrimos una derrota militar y la soberan\u00eda del pa\u00eds se debilit\u00f3\u00bb, dijo a la agencia de noticias AFP.<\/p>\n<p>Los congregados desfilaron hasta la sede de la Presidencia y la del Gobierno, antes de una reuni\u00f3n que Pashinian deb\u00eda mantener con el presidente Armen Sarkissian, cuyo cargo es esencialmente honor\u00edfico.<\/p>\n<div class=\"image\" id=\"image\" readability=\"8\"> <img src=\"http:\/\/nuevacordoba.net\/wp-content\/uploads\/2021\/02\/crece-la-presion-popular-en-armenia-para-que-renuncie-el-primer-ministro-1.jpg\" alt=\"Nikol Pashinian se declar\u00f3 dispuesto a participar en &quot;consultas&quot; con la oposici\u00f3n para bajar las tensiones.\" title=\"Nikol Pashinian se declar\u00f3 dispuesto a participar en &quot;consultas&quot; con la oposici\u00f3n para bajar las tensiones.\"><\/p>\n<p>Nikol Pashinian se declar\u00f3 dispuesto a participar en \u00abconsultas\u00bb con la oposici\u00f3n para bajar las tensiones.<\/p>\n<\/div>\n<p>&nbsp;<br \/>Y aunque Pashinian se declar\u00f3 dispuesto a participar en \u00abconsultas\u00bb con la oposici\u00f3n para bajar las tensiones, tambi\u00e9n amenaz\u00f3 con detener a todo aquel que viole la ley.<\/p>\n<p>Una figura del partido opositor Federaci\u00f3n Revolucionaria Armenia, Guegham Manukian, recalc\u00f3 este viernes que con Pashinian \u00fanicamente hablar\u00eda sobre su \u00abdimisi\u00f3n\u00bb.<\/p>\n<p>La <strong>oposici\u00f3n exige la dimisi\u00f3n del primer ministro, que lleg\u00f3 al poder en 2018 a ra\u00edz de una revoluci\u00f3n pac\u00edfica, desde la derrota de Armenia contra Azerbaiy\u00e1n<\/strong> en la guerra por el control de la regi\u00f3n de Nagorno Karabaj, en noviembre pasado.<\/p>\n<p>Ante el riesgo de una debacle, el primer ministro acept\u00f3, con el apoyo del Ej\u00e9rcito y de su estado mayor, las condiciones de un alto el fuego negociado por el presidente ruso, Vladimir Putin, que implicaba importantes p\u00e9rdidas territoriales para Armenia.<\/p>\n<p>El Ej\u00e9rcito en el marco de la crisis<\/p>\n<p>Aunque Armenia todav\u00eda controla de facto la mayor parte de la regi\u00f3n de Nagorno Karabaj, perdi\u00f3 la simb\u00f3lica ciudad de Shusha, adem\u00e1s de un conjunto de regiones azerbaiyanas alrededor de esa \u00e1rea. En seis semanas, la guerra dej\u00f3 unos 6.000 muertos.<\/p>\n<p>Hasta ahora, <strong>el Ej\u00e9rcito hab\u00eda apoyado al primer ministro, pero esta semana se puso en su contra tras la destituci\u00f3n de un oficial <\/strong>que hab\u00eda criticado unas declaraciones de Pashinian, en las que el mandatario afirmaba que la derrota se deb\u00eda, en parte, a la ineficacia de un sistema de armamento ruso, los lanzamisiles Iskander.<\/p>\n<p>El despido llev\u00f3 al <strong>Estado Mayor a reclamar la dimisi\u00f3n de Pashinian al juzgar que el primer ministro<\/strong> \u00abya no est\u00e1 en condiciones de tomar las decisiones que se imponen\u00bb y acusarlo de perpetrar \u00abataques para desacreditar a las fuerzas armadas\u00bb.<\/p>\n<p>La declaraci\u00f3n, no obstante, no estuvo seguida de ning\u00fan movimientos de tropas, y <strong>Pashinian decidi\u00f3 encabezar una manifestaci\u00f3n de unos 20.000 simpatizantes suyos<\/strong> en Erev\u00e1n para reafirmar su poder.<\/p>\n<p>\u00abEl Ej\u00e9rcito debe obedecer al pueblo y a las autoridades electas. Son mis \u00f3rdenes y nadie puede desobedecer\u00bb, declar\u00f3 ante los v\u00edtores de la multitud.<\/p>\n<p>Desde su independencia tras el hundimiento de la Uni\u00f3n Sovi\u00e9tica en 1991, Armenia ha atravesado varias crisis pol\u00edticas y revueltas, algunas de ellas muy violentas. <\/p>\n","protected":false},"excerpt":{"rendered":"<p>Miles de personas se manifestaron por segundo d\u00eda consecutivo para reclamar la dimisi\u00f3n del primer ministro. &nbsp;Miles de personas se manifestaron este viernes por segundo d\u00eda consecutivo en Armenia para reclamar la dimisi\u00f3n del primer ministro, Nikol Pashinian, criticado por la derrota contra Azerbaiy\u00e1n en la guerra de oto\u00f1o de 2020 en el enclave de [&hellip;]<\/p>\n","protected":false},"author":1,"featured_media":1459,"comment_status":"closed","ping_status":"closed","sticky":false,"template":"","format":"standard","meta":[],"categories":[13],"tags":[],"_links":{"self":[{"href":"http:\/\/nuevacordoba.net\/index.php\/wp-json\/wp\/v2\/posts\/1458"}],"collection":[{"href":"http:\/\/nuevacordoba.net\/index.php\/wp-json\/wp\/v2\/posts"}],"about":[{"href":"http:\/\/nuevacordoba.net\/index.php\/wp-json\/wp\/v2\/types\/post"}],"author":[{"embeddable":true,"href":"http:\/\/nuevacordoba.net\/index.php\/wp-json\/wp\/v2\/users\/1"}],"replies":[{"embeddable":true,"href":"http:\/\/nuevacordoba.net\/index.php\/wp-json\/wp\/v2\/comments?post=1458"}],"version-history":[{"count":0,"href":"http:\/\/nuevacordoba.net\/index.php\/wp-json\/wp\/v2\/posts\/1458\/revisions"}],"wp:featuredmedia":[{"embeddable":true,"href":"http:\/\/nuevacordoba.net\/index.php\/wp-json\/wp\/v2\/media\/1459"}],"wp:attachment":[{"href":"http:\/\/nuevacordoba.net\/index.php\/wp-json\/wp\/v2\/media?parent=1458"}],"wp:term":[{"taxonomy":"category","embeddable":true,"href":"http:\/\/nuevacordoba.net\/index.php\/wp-json\/wp\/v2\/categories?post=1458"},{"taxonomy":"post_tag","embeddable":true,"href":"http:\/\/nuevacordoba.net\/index.php\/wp-json\/wp\/v2\/tags?post=1458"}],"curies":[{"name":"wp","href":"https:\/\/api.w.org\/{rel}","templated":true}]}}