{"id":1487,"date":"2021-02-27T07:14:16","date_gmt":"2021-02-27T07:14:16","guid":{"rendered":"http:\/\/nuevacordoba.net\/index.php\/2021\/02\/27\/vacunados-nacion-definio-a-los-estrategicos-pero-siguen-las-dudas-sobre-a-quienes-incluye\/"},"modified":"2021-02-27T07:14:16","modified_gmt":"2021-02-27T07:14:16","slug":"vacunados-nacion-definio-a-los-estrategicos-pero-siguen-las-dudas-sobre-a-quienes-incluye","status":"publish","type":"post","link":"http:\/\/nuevacordoba.net\/index.php\/2021\/02\/27\/vacunados-nacion-definio-a-los-estrategicos-pero-siguen-las-dudas-sobre-a-quienes-incluye\/","title":{"rendered":"Vacunados: Naci\u00f3n defini\u00f3 a los \u201cestrat\u00e9gicos\u201d, pero siguen las dudas sobre a qui\u00e9nes incluye"},"content":{"rendered":"<div><img src=\"http:\/\/nuevacordoba.net\/wp-content\/uploads\/2021\/02\/vacunados-nacion-definio-a-los-estrategicos-pero-siguen-las-dudas-sobre-a-quienes-incluye.jpg\" class=\"ff-og-image-inserted\"><\/div>\n<p>Una resoluci\u00f3n firmada ayer por la ministra de Salud, <a href=\"https:\/\/www.lavoz.com.ar\/personas\/carla-vizzotti\" target=\"_blank\" rel=\"noopener\">Carla Vizzotti<\/a>, establece que, a partir de ahora, todos los funcionarios p\u00fablicos que se coloquen la <a href=\"https:\/\/www.lavoz.com.ar\/temas\/vacunacion\" target=\"_blank\" rel=\"noopener\">vacuna contra el coronavirus<\/a> deber\u00e1n previamente pedir autorizaci\u00f3n a la cartera de Salud nacional, que, de acuerdo con una serie de nuevos criterios fijados, decidir\u00e1 si corresponde destinar la dosis.<\/p>\n<p>Como una manera de buscar contener el esc\u00e1ndalo del denominado vacunagate, esa \u00e1rea del Gobierno nacional determin\u00f3 que las personas consideradas \u201cpersonal estrat\u00e9gico\u201d deber\u00e1n especificar los alcances de su funci\u00f3n, el grado de exposici\u00f3n y el riesgo que implica su desempe\u00f1o antes de ser habilitadas a inocularse.<\/p>\n<p>El texto con la firma de Vizzotti se hizo p\u00fablico horas antes de que la reemplazante del despedido exministro Gin\u00e9s Gonz\u00e1lez Garc\u00eda confirm\u00f3 que contrajo Covid-19. La funcionaria es una de las pocas autoridades del Ministerio de Salud que no est\u00e1 vacunada contra la enfermedad.<\/p>\n<p>Desde su entorno explicaron que es debido a que recibe una medicaci\u00f3n por otro tratamiento de salud en curso, y que le recomendaron no inocularse por el momento.<\/p>\n<div class=\"block-ad-node\">\n<div>\n<p> <span>Publicidad<\/span> <\/p>\n<\/div>\n<\/div>\n<p>Bajo la categor\u00eda de \u201cpersonal estrat\u00e9gico prioritario\u201d, en C\u00f3rdoba, fueron vacunados el gobernador Juan Schiaretti, el vicegobernador Manuel Calvo y cinco ministros del gabinete provincial. Tambi\u00e9n bajo esa misma etiqueta recibieron dosis ocho colaboradores estrechos de la primera y de la segunda autoridad provinciales.<\/p>\n<p>La resoluci\u00f3n de Vizzotti dice que las funciones ejercidas por los tomadores de decisi\u00f3n, en su calidad de personal estrat\u00e9gico, deben ser relevantes para el adecuado funcionamiento del Poder Ejecutivo. Tambi\u00e9n, que se debe acreditar el rol estrat\u00e9gico de la funci\u00f3n, independientemente de la edad y de la condici\u00f3n de salud; y se tienen que realizar tareas presenciales que impliquen riesgo aumentado de exposici\u00f3n.<\/p>\n<p>Si bien estos par\u00e1metros avanzan sobre el vac\u00edo que exist\u00eda hasta el momento y que posibilit\u00f3 la pol\u00e9mica vacunaci\u00f3n de agentes estatales, la nueva medida ayuda a las administraciones de todos los niveles a cobijarse frente a las cr\u00edticas que todav\u00eda persisten sobre los criterios adoptados para el suministro de dosis por fuera del cronograma de prioridades fijado.<\/p>\n<p>S\u00ed queda m\u00e1s claro que no se podr\u00e1 vacunar cualquier funcionario p\u00fablico.<\/p>\n<p>En la Provincia, la secretaria de Prevenci\u00f3n y Promoci\u00f3n de la Salud, Gabriela Barb\u00e1s, fue la \u00fanica funcionaria que hasta el momento busc\u00f3 delimitar los alcances del difuso t\u00e9rmino \u201cestrat\u00e9gico\u201d.<\/p>\n<div class=\"block-ad-node\">\n<div>\n<p> <span>Publicidad<\/span> <\/p>\n<\/div>\n<\/div>\n<p>El mi\u00e9rcoles, luego de que el Ministerio de Salud provincial divulg\u00f3 un listado desconocido hasta entonces con funcionarios de primera l\u00ednea vacunados, la profesional asegur\u00f3 que los aludidos encuadran en ese rango. \u201cSon los funcionarios de los que depende el correcto funcionamiento del Estado\u201d, estableci\u00f3. \u201cEs irrisorio que tengamos que dar explicaciones sobre las vacunas que recibieron el gobernador y el vicegobernador\u201d, se quej\u00f3 en ese momento.<\/p>\n<p class=\"SubTitulo\">Nuevo marco<\/p>\n<p>Las especificaciones de la resoluci\u00f3n de Vizzotti considera tambi\u00e9n personal estrat\u00e9gico a \u201clos y las representantes del Estado argentino en organismos internacionales y los funcionarios jer\u00e1rquicos y funcionarias jer\u00e1rquicas que se desempe\u00f1en en los mismos que realicen tareas presenciales que impliquen riesgo aumentado de exposici\u00f3n\u201d.<\/p>\n<div class=\"block-ad-node\">\n<div>\n<p> <span>Publicidad<\/span> <\/p>\n<\/div>\n<\/div>\n<p>Tambi\u00e9n, a las personas que realicen viajes fuera del pa\u00eds como miembros de delegaciones oficiales encabezadas por integrantes de los poderes del Estado nacional; o a personas que deban recibir, en nombre de estos poderes, comitivas oficiales que provengan del exterior en representaci\u00f3n de otros estados o de organismos internacionales.<\/p>\n<p>\u00bfC\u00f3mo se vacunar\u00e1n estas personas? Deber\u00e1n completar un formulario donde autorizan la difusi\u00f3n de sus datos en un registro p\u00fablico para poner a disposici\u00f3n los datos sobre las personas que desarrollen funciones de gesti\u00f3n o conducci\u00f3n necesarias para el adecuado funcionamiento del Estado.<\/p>\n<p>Vizzotti aclar\u00f3 que estas personas s\u00f3lo \u201cse deben vacunar en establecimientos autorizados\u201d.<\/p>\n<p>La vacunaci\u00f3n de todo el personal estrat\u00e9gico se notificar\u00e1 en el Registro Federal de Vacunaci\u00f3n Nominal. All\u00ed se constituir\u00e1 un listado p\u00fablico que se actualizar\u00e1 de manera peri\u00f3dica, seg\u00fan se anunci\u00f3.<\/p>\n<p>El Gobierno aclar\u00f3 que se invitar\u00e1 a todas las provincias a realizar un protocolo para la solicitud de anuencia para vacunaci\u00f3n contra el Covid-19, aplicable en el \u00e1mbito de su jurisdicci\u00f3n.<\/p>\n<p class=\"SubTitulo\">Marcha del 27-F: apuesta de la oposici\u00f3n<\/p>\n<p><em>Se espera una marcha multitudinaria en Buenos Aires.<\/em><\/p>\n<p>Con un fuerte impulso de los partidos que integran Juntos por el Cambio, especialmente del PRO, este viernes por la tarde, a partir de las 17, se realizar\u00e1 una marcha en reclamo por trasparentar la entrega de las vacunas. La manifestaci\u00f3n se produce luego del esc\u00e1ndalo del \u201cvacunatorio VIP\u201d que sacudi\u00f3 al Gobierno nacional. La principal convocatoria ser\u00e1 en la Plaza de Mayo en Capital Federal, pero se repetir\u00e1 en todas las ciudades del pa\u00eds. Como ocurri\u00f3 en anteriores protestas opositoras, en C\u00f3rdoba, el epicentro de la convocatoria ser\u00e1 en la explaza V\u00e9lez S\u00e1rsfield. Tambi\u00e9n a las 17.<\/p>\n<p class=\"SubTitulo\">Un concejal del PJ cuestion\u00f3 la \u201cautoridad moral\u201d de Cossar, que difundi\u00f3 listas<\/p>\n<p>El concejal Diego Casado (Hacemos por C\u00f3rdoba) cuestion\u00f3 que fuera el legislador radical Marcelo Cossar quien haya denunciado casos de funcionarios o familiares de estos que recibieron la vacuna sin ser personal prioritario.<\/p>\n<p>Casado, que responde pol\u00edticamente a la diputada Alejandra Vigo, record\u00f3 que Cossar fue denunciado en 2019 por Marcelo Fleurquin, un estafador que vendi\u00f3 60 terrenos a empleadas dom\u00e9sticas y cuentapropistas en barrio Ituzaing\u00f3 sin tener el aval municipal.<\/p>\n<p>Durante el juicio en el que fue condenado a cuatro a\u00f1os de prisi\u00f3n, Fleurquin dijo que no hab\u00eda cumplido con el supuesto desarrollo urbano porque concejales y funcionarios municipales le hab\u00edan pedido coimas para aprobar el loteo. Entre los funcionarios que mencion\u00f3, estaban Ram\u00f3n Mestre y Cossar. Por los dichos de Fleurquin, se abrieron tres causas.<\/p>\n<p>Consultado, Casado no ampli\u00f3 informaci\u00f3n. Se limit\u00f3 a decir que los expedientes segu\u00edan abiertos en distintas fiscal\u00edas.<\/p>\n<p>Oportunamente, cuando fue el juicio en el que se conden\u00f3 a Fleurquin y luego, cuando esta persona difundi\u00f3 un video de una supuesta reuni\u00f3n con funcionarios municipales, Cossar dijo que no le responder\u00eda a una persona condenada por estafas. Ayer, consultado por <strong>La Voz<\/strong> sobre los dichos de Casado, opt\u00f3 por la misma postura.<\/p>\n<div class=\"ctaNewsNotaContainer\" readability=\"6.5\">\n<div class=\"newsletterTextContainer\" readability=\"33\">\n<p> S\u00cdNTESIS POL\u00cdTICA<\/p>\n<p> Informaci\u00f3n exclusiva y el mejor an\u00e1lisis, los lunes en tu correo.<\/p>\n<form method=\"post\" action-xhr=\"https:\/\/www.lavoz.com.ar\/newsletters\/sintesis-politica\/signup\" id=\"newsletter-signup\" class=\"newsletterForm\" target=\"_blank\" custom-validation-reporting=\"as-you-go\" on=\"submit:AMP.setState({formLoading:true});submit-success:AMP.setState({formSuccess:true})\">\n<div submit-success class=\"is-paddingless-l\" readability=\"6\"> <template type=\"amp-mustache\" readability=\"2\"><\/p>\n<p> <strong>\u00a1Gracias por suscribirte!<\/strong><\/p>\n<p> <\/template><\/div>\n<div submit-error class=\"is-paddingless-l\" readability=\"6.5\"> <template type=\"amp-mustache\" readability=\"3\"><\/p>\n<p> <strong>Ha ocurrido un error, por favor intente nuevamente m\u00e1s tarde.<\/strong><\/p>\n<p> <\/template><\/div>\n<\/form>\n<\/div>\n<\/div>\n<div class=\"column is-inline-block\" readability=\"5.1111111111111\">\n<div class=\"notification is-padding-lr\" readability=\"5.962962962963\"> <a class=\"no-decoration is-font-bold\" href=\"https:\/\/www.lavoz.com.ar\/edicion-impresa\">Edici\u00f3n Impresa<\/a><\/p>\n<p class=\"is-font-sans-serif\">El texto original de este art\u00edculo fue publicado el 27\/02\/2021 en nuestra edici\u00f3n impresa.<\/p>\n<\/div>\n<\/div>\n<div>\n<p> <span>Publicidad<\/span> <\/p>\n<\/div>\n","protected":false},"excerpt":{"rendered":"<p>Una resoluci\u00f3n firmada ayer por la ministra de Salud, Carla Vizzotti, establece que, a partir de ahora, todos los funcionarios p\u00fablicos que se coloquen la vacuna contra el coronavirus deber\u00e1n previamente pedir autorizaci\u00f3n a la cartera de Salud nacional, que, de acuerdo con una serie de nuevos criterios fijados, decidir\u00e1 si corresponde destinar la dosis. [&hellip;]<\/p>\n","protected":false},"author":1,"featured_media":1488,"comment_status":"closed","ping_status":"closed","sticky":false,"template":"","format":"standard","meta":[],"categories":[12],"tags":[],"_links":{"self":[{"href":"http:\/\/nuevacordoba.net\/index.php\/wp-json\/wp\/v2\/posts\/1487"}],"collection":[{"href":"http:\/\/nuevacordoba.net\/index.php\/wp-json\/wp\/v2\/posts"}],"about":[{"href":"http:\/\/nuevacordoba.net\/index.php\/wp-json\/wp\/v2\/types\/post"}],"author":[{"embeddable":true,"href":"http:\/\/nuevacordoba.net\/index.php\/wp-json\/wp\/v2\/users\/1"}],"replies":[{"embeddable":true,"href":"http:\/\/nuevacordoba.net\/index.php\/wp-json\/wp\/v2\/comments?post=1487"}],"version-history":[{"count":0,"href":"http:\/\/nuevacordoba.net\/index.php\/wp-json\/wp\/v2\/posts\/1487\/revisions"}],"wp:featuredmedia":[{"embeddable":true,"href":"http:\/\/nuevacordoba.net\/index.php\/wp-json\/wp\/v2\/media\/1488"}],"wp:attachment":[{"href":"http:\/\/nuevacordoba.net\/index.php\/wp-json\/wp\/v2\/media?parent=1487"}],"wp:term":[{"taxonomy":"category","embeddable":true,"href":"http:\/\/nuevacordoba.net\/index.php\/wp-json\/wp\/v2\/categories?post=1487"},{"taxonomy":"post_tag","embeddable":true,"href":"http:\/\/nuevacordoba.net\/index.php\/wp-json\/wp\/v2\/tags?post=1487"}],"curies":[{"name":"wp","href":"https:\/\/api.w.org\/{rel}","templated":true}]}}