{"id":1493,"date":"2021-02-27T19:23:34","date_gmt":"2021-02-27T19:23:34","guid":{"rendered":"http:\/\/nuevacordoba.net\/index.php\/2021\/02\/27\/la-noche-magica-sera-el-primer-estreno-nacional-de-2021-que-podra-verse-en-salas\/"},"modified":"2021-02-27T19:23:34","modified_gmt":"2021-02-27T19:23:34","slug":"la-noche-magica-sera-el-primer-estreno-nacional-de-2021-que-podra-verse-en-salas","status":"publish","type":"post","link":"http:\/\/nuevacordoba.net\/index.php\/2021\/02\/27\/la-noche-magica-sera-el-primer-estreno-nacional-de-2021-que-podra-verse-en-salas\/","title":{"rendered":"\u00abLa noche m\u00e1gica\u00bb ser\u00e1 el primer estreno nacional de 2021 que podr\u00e1 verse en salas"},"content":{"rendered":"<div class=\"image\" id=\"image\" readability=\"7\"> <img src=\"http:\/\/nuevacordoba.net\/wp-content\/uploads\/2021\/02\/la-noche-magica-sera-el-primer-estreno-nacional-de-2021-que-podra-verse-en-salas.jpg\" alt=\"La \u00f3pera prima de Gast\u00f3n Portal de estrenar\u00e1 el 11 de marzo.\" title=\"La \u00f3pera prima de Gast\u00f3n Portal de estrenar\u00e1 el 11 de marzo.\"><\/p>\n<p>La \u00f3pera prima de Gast\u00f3n Portal de estrenar\u00e1 el 11 de marzo.<\/p>\n<\/div>\n<p>Tras el anuncio del regreso de los cines a la regi\u00f3n del AMBA a partir del jueves pr\u00f3ximo, el filme \u00abLa noche m\u00e1gica\u00bb ser\u00e1 el 11 de marzo el primer estreno local de 2021 que podr\u00e1 verse en salas nacionales.<\/p>\n<p>La \u00f3pera prima de Gast\u00f3n Portal, protagonizada por Natalia Oreiro y Diego Peretti, se presenta como \u00abuna innovadora comedia dram\u00e1tica\u00bb. El reparto central se completa con los actores Pablo Rago y Esteban Bigliardi.<\/p>\n<p>\u00ab\u00bfSe acuerdan de lo que era una sala de cine?\u00bb, public\u00f3 el director en su cuenta de Twitter para anunciar el estreno.<\/p>\n<p>Adem\u00e1s de la actividad en plataformas (como la dependiente del Instituto Nacional de Cine y Artes Audiovisuales, Cine.ar), debido a la pandemia de coronavirus la industria audiovisual argentina solamente lleg\u00f3 a salas en cines de C\u00f3rdoba.<\/p>\n<p>All\u00ed se ven \u00abLa noche m\u00e1s larga\u00bb, de Morocco Colman, que vendi\u00f3 15.000 localidades en cuatro semanas de exhibici\u00f3n; y \u00abEl silencio del cazador\u00bb, de Mart\u00edn Desalvo, que se estren\u00f3 el jueves pasado.<\/p>\n","protected":false},"excerpt":{"rendered":"<p>La \u00f3pera prima de Gast\u00f3n Portal de estrenar\u00e1 el 11 de marzo. Tras el anuncio del regreso de los cines a la regi\u00f3n del AMBA a partir del jueves pr\u00f3ximo, el filme \u00abLa noche m\u00e1gica\u00bb ser\u00e1 el 11 de marzo el primer estreno local de 2021 que podr\u00e1 verse en salas nacionales. La \u00f3pera prima [&hellip;]<\/p>\n","protected":false},"author":1,"featured_media":1494,"comment_status":"closed","ping_status":"closed","sticky":false,"template":"","format":"standard","meta":[],"categories":[9],"tags":[],"_links":{"self":[{"href":"http:\/\/nuevacordoba.net\/index.php\/wp-json\/wp\/v2\/posts\/1493"}],"collection":[{"href":"http:\/\/nuevacordoba.net\/index.php\/wp-json\/wp\/v2\/posts"}],"about":[{"href":"http:\/\/nuevacordoba.net\/index.php\/wp-json\/wp\/v2\/types\/post"}],"author":[{"embeddable":true,"href":"http:\/\/nuevacordoba.net\/index.php\/wp-json\/wp\/v2\/users\/1"}],"replies":[{"embeddable":true,"href":"http:\/\/nuevacordoba.net\/index.php\/wp-json\/wp\/v2\/comments?post=1493"}],"version-history":[{"count":0,"href":"http:\/\/nuevacordoba.net\/index.php\/wp-json\/wp\/v2\/posts\/1493\/revisions"}],"wp:featuredmedia":[{"embeddable":true,"href":"http:\/\/nuevacordoba.net\/index.php\/wp-json\/wp\/v2\/media\/1494"}],"wp:attachment":[{"href":"http:\/\/nuevacordoba.net\/index.php\/wp-json\/wp\/v2\/media?parent=1493"}],"wp:term":[{"taxonomy":"category","embeddable":true,"href":"http:\/\/nuevacordoba.net\/index.php\/wp-json\/wp\/v2\/categories?post=1493"},{"taxonomy":"post_tag","embeddable":true,"href":"http:\/\/nuevacordoba.net\/index.php\/wp-json\/wp\/v2\/tags?post=1493"}],"curies":[{"name":"wp","href":"https:\/\/api.w.org\/{rel}","templated":true}]}}