{"id":1526,"date":"2021-02-28T07:23:27","date_gmt":"2021-02-28T07:23:27","guid":{"rendered":"http:\/\/nuevacordoba.net\/index.php\/2021\/02\/28\/sin-freno-en-febrero-los-precios-en-el-super-aumentaron-casi-4\/"},"modified":"2021-02-28T07:23:27","modified_gmt":"2021-02-28T07:23:27","slug":"sin-freno-en-febrero-los-precios-en-el-super-aumentaron-casi-4","status":"publish","type":"post","link":"http:\/\/nuevacordoba.net\/index.php\/2021\/02\/28\/sin-freno-en-febrero-los-precios-en-el-super-aumentaron-casi-4\/","title":{"rendered":"Sin freno: en febrero, los precios en el s\u00faper aumentaron casi 4%"},"content":{"rendered":"<div><img src=\"http:\/\/nuevacordoba.net\/wp-content\/uploads\/2021\/02\/sin-freno-en-febrero-los-precios-en-el-super-aumentaron-casi-4.jpg\" class=\"ff-og-image-inserted\"><\/div>\n<p>No hay caso. Los precios en el <a href=\"https:\/\/www.lavoz.com.ar\/temas\/supermercados\" target=\"_blank\" rel=\"noopener\">s\u00faper<\/a> siguen subiendo. En febrero, seg\u00fan el relevamiento que mes a mes realiza <strong>La Voz<\/strong>, la canasta de alimentos y productos de limpieza y tocador para una familia tipo de clase media se encareci\u00f3 3,9 por ciento, para llegar a 27.997 pesos, unos mil pesos m\u00e1s que los 26.947 que demandaba en enero.<\/p>\n<p>En rigor, el incremento de los precios en febrero estuvo por debajo de la fuerte suba que se hab\u00eda registrado en el primer mes del a\u00f1o, que hab\u00eda sido del 5,5 por ciento.<\/p>\n<p>No obstante, se trata de un alza todav\u00eda muy significativa para una econom\u00eda castigada desde hace a\u00f1os por una alta tasa de <a href=\"https:\/\/www.lavoz.com.ar\/temas\/inflacion\" target=\"_blank\" rel=\"noopener\">inflaci\u00f3n<\/a>.<\/p>\n<p>De hecho, s\u00f3lo en el primer bimestre de este 2021, la canasta en cuesti\u00f3n se increment\u00f3 casi 10 puntos (9,7 por ciento), lo que muestra un ritmo de aumento que, de consolidarse en los pr\u00f3ximos meses, podr\u00eda cerrar el a\u00f1o muy por encima de la pauta oficial de inflaci\u00f3n (29 por ciento).<\/p>\n<div class=\"block-ad-node\">\n<div>\n<p> <span>Publicidad<\/span> <\/p>\n<\/div>\n<\/div>\n<p>Y, lo que es peor, volviendo a ganarles por \u201cgoleada\u201d a los incrementos salariales que se est\u00e1n discutiendo por estos d\u00edas en negociaciones paritarias, que apenas superan el 30 por ciento anual.<\/p>\n<p>Seg\u00fan datos preliminares de la C\u00e1mara de Supermercados y Autoservicios de C\u00f3rdoba (Casac), los precios en febrero sufrieron un ajuste promedio de 4,5 por ciento, similar a lo advertido por el relevamiento de este diario.<\/p>\n<p>\u201cLa suba de febrero es parecida a la enero, que fue muy alta, producto de las modificaciones de listas de precios, que no han cesado. Incluso despu\u00e9s de las intimaciones que envi\u00f3 a las empresas la Secretar\u00eda de Comercio, las subas han continuado\u201d, dijo V\u00edctor Palpacelli, presidente de la Casac.<\/p>\n<p>Seg\u00fan el directivo, los l\u00e1cteos han encabezado los aumentos en las \u00faltimas dos semanas, con fuertes subas. \u201cLa leche subi\u00f3 10 pesos por sach\u00e9; la manteca se fue a las nubes, y los quesos treparon entre 25 y 30 por ciento\u201d, detall\u00f3.<\/p>\n<div class=\"block-ad-node\">\n<div>\n<p> <span>Publicidad<\/span> <\/p>\n<\/div>\n<\/div>\n<p>\u201cLas listas con aumento han seguido llegando. El promedio en febrero va entre el 4,5 y el 5,5 por ciento de incremento\u201d, dijo por su parte Vanesa Ruiz, directora del Centro de Almaceneros C\u00f3rdoba.<\/p>\n<p>\u201cY ahora hay rumores de que la harina y sus derivados llegar\u00e1n con subas significativas en los pr\u00f3ximos d\u00edas\u201d, anticip\u00f3 Palpacelli.<\/p>\n<p>Esta inercia a la suba que vienen experimentando los precios impacta tambi\u00e9n en el nivel de ventas. La c\u00e1mara supermercadista estima una baja interanual del cuatro por ciento en febrero, medida en unidades despachadas.<\/p>\n<div class=\"block-ad-node\">\n<div>\n<p> <span>Publicidad<\/span> <\/p>\n<\/div>\n<\/div>\n<p>Respecto del a\u00f1o pasado, cuando la baja en las ventas lleg\u00f3 al siete o al ocho por ciento interanual, la situaci\u00f3n mejor\u00f3, pero todav\u00eda sin poder recuperar el nivel de consumo de mediados de 2019.<\/p>\n<p>Desde el Centro de Almaceneros, en cambio, advirtieron una mejora leve en las ventas en este mes.<\/p>\n<p class=\"SubTitulo\">Lo m\u00e1s b\u00e1sico<\/p>\n<p>En este mes que termina, la suba en los precios de la canasta del s\u00faper no s\u00f3lo fue importante, sino que tambi\u00e9n impact\u00f3 en productos de primera necesidad y alta rotaci\u00f3n en cualquier econom\u00eda dom\u00e9stica.<\/p>\n<p>El pan, la leche, el aceite, los fideos, varias verduras, los pa\u00f1ales y algunos cortes de carne se cuentan entre los productos que m\u00e1s se encarecieron en febrero.<\/p>\n<p>El rubro que m\u00e1s aument\u00f3 fue \u201climpieza y tocador\u201d, con un alza promedio del 12,8 por ciento. Lo ya dicho: las familias con beb\u00e9s tendr\u00e1n que destinar m\u00e1s dinero para la compra de pa\u00f1ales, que subieron 24,6 por ciento en apenas 30 d\u00edas. Un paquete de tama\u00f1o mediano, de 26 unidades, cuesta alrededor de 600 pesos, a raz\u00f3n de 23 pesos por pa\u00f1al.<\/p>\n<p>Los champ\u00fas y las cremas de enjuague tambi\u00e9n aumentaron mucho, un 21 por ciento, lo mismo que el jab\u00f3n para lavar la ropa, que subi\u00f3 15,1 por ciento.<\/p>\n<p>La otra familia de productos que se encareci\u00f3 notablemente es la de los l\u00e1cteos, con la manteca haciendo punta: en tan s\u00f3lo un mes, el paquete de primera marca de 200 gramos se dispar\u00f3 un impresionante 49 por ciento, para rondar los 180 pesos.<\/p>\n<p>La leche fluida tambi\u00e9n aument\u00f3, un 7,5 por ciento, para alcanzar los 67 pesos en promedio para el sach\u00e9 de un litro de primera marca. Las versiones larga vida tambi\u00e9n subieron mucho, y se venden entre 70 y 85 pesos por caja.<\/p>\n<p>S\u00f3lo el queso cremoso La Paulina, incluido dentro del listado de Precios Cuidados, se mantuvo estable en febrero, en 401 pesos por kilo.<\/p>\n<p>En el rubro carnes, el comportamiento de los precios fue muy dispar, impactado por la llegada a las g\u00f3ndolas de los cortes a precios populares acordados por el Gobierno nacional con los frigor\u00edficos exportadores.<\/p>\n<p>En general, los cortes de pulpa volvieron a mostrar subas de alguna magnitud respecto de enero (la nalga subi\u00f3 6,8 por ciento), lo mismo que el pollo (8,9 por ciento).<\/p>\n<p>Pero la mayor\u00eda de los s\u00faper e hipermercados relevados comenzaron a ofrecer en los \u00faltimos d\u00edas los cortes con precios subsidiados, entre ellos el asado a 399 pesos, lo que implic\u00f3 una baja sustancial en relaci\u00f3n con enero, cuando el kilo rondaba los 600 pesos al p\u00fablico. En general, los cortes encontrados durante el relevamiento de <strong>La Voz<\/strong> eran de buena calidad.<\/p>\n<p class=\"SubTitulo\">Secos y verduras<\/p>\n<p>Entre los productos de almac\u00e9n tambi\u00e9n hubo subas y bajas, con varios productos alcanzados por los programas de contenci\u00f3n de precios gestionados por el Gobierno nacional. No obstante, el rubro en su conjunto tuvo un alza preocupante del 4,12 por ciento.<\/p>\n<p>El pan franc\u00e9s fue lo que m\u00e1s subi\u00f3, un 13,4 por ciento, para llevar el kilo a 135 pesos promedio. Tambi\u00e9n aumentaron los fideos, por arriba de los cinco puntos, y el aceite, casi 10 por ciento. En este \u00faltimo producto, es notable la falta de stock y variedad de marcas en todas las cadenas relevadas (ver aparte).<\/p>\n<p>Finalmente, las frutas y verduras mostraron un comportamiento estable, que incluso ayudaron a que la suba general de la canasta no fuera mayor.<\/p>\n<p>Se observaron algunas subas estacionales importantes, como la de la cebolla, del tomate o de la papa, que aumentaron 26, 17 y 13 por ciento respectivamente, pero tambi\u00e9n bajaron la mayor\u00eda de las frutas y algunas otras verduras.<\/p>\n<p class=\"SubTitulo\">Una fuerte dispersi\u00f3n de precios en la lista<\/p>\n<p><em>Hay muchas diferencias de precios en cada s\u00faper.<\/em><\/p>\n<p>Como suele suceder en momentos de alta inflaci\u00f3n, se advierte en los s\u00faper e hipermercados una marcada dispersi\u00f3n de precios, con diferencias muy significativas para un mismo producto en distintas cadenas comerciales. Las diferencias llegan al 30% o al 40%, tanto en productos de primeras como de segundas marcas. Esto puede deberse, en algunos casos, al impacto en las ofertas, que negocia cada firma con el proveedor. Pero tambi\u00e9n existen desfases en los aumentos, aunque todos los productos est\u00e1n en un camino alcista.<\/p>\n<p class=\"SubTitulo\">Hay cortes de carne a precios populares<\/p>\n<p>A diferencia de lo ocurrido en enero, en febrero fue posible encontrar en las g\u00f3ndolas cordobesas los cortes a precios populares impulsados por el Gobierno nacional, con valores un 30% menores que los habituales y que el resto de la oferta en heladeras. Lo m\u00e1s buscado es la tira de costilla para asado, a $ 399; el vac\u00edo, a $ 499, y el matambre, a $ 549. Tambi\u00e9n se ofrece tapa de asado a $ 429; cuadrada o bola de lomo, a $ 489; carnaza, a $ 359; falda, a $ 229, y el roastbeef, a $ 399. En general, los cortes encontrados durante el relevamiento de <strong>La Voz<\/strong> eran de buena calidad.<\/p>\n<p class=\"SubTitulo\">En las g\u00f3ndolas se ven aceites sin marca y el arroz se vende con cupo<\/p>\n<p>En todas las cadenas supermercadistas relevadas por <strong>La Voz<\/strong>, fue notable la escasa oferta de aceites, tanto en cantidad como en variedad.<\/p>\n<p>La mayor\u00eda de las sucursales ten\u00edan apenas unas o dos marcas disponibles, e incluso algunas ofrec\u00edan una sola presentaci\u00f3n, por lo general los envases de 900 cent\u00edmetros c\u00fabicos.<\/p>\n<p>Adem\u00e1s, las g\u00f3ndolas mostraban pocas unidades disponibles, y carteles que advert\u00edan que s\u00f3lo se pod\u00edan llevar uno o dos por familia.<\/p>\n<p>\u201cCon el aceite, sigue la falta. A pesar de los acuerdos entre el Gobierno y las aceiteras, todav\u00eda no se ve soluci\u00f3n. No hay surtido ni cantidad. A los supermercados nos est\u00e1n entregando aceite en forma muy cuotificada. Algunos reciben s\u00f3lo el 20 por ciento de los pedidos\u201d, asegur\u00f3 V\u00edctor Palpacelli, de la Casac.<\/p>\n<p>Lo propio suced\u00eda con el arroz. Las marcas m\u00e1s reconocidas faltaban en varios s\u00faper e hipermercados, y en otros directamente casi no hab\u00eda stock disponible.<\/p>\n<p>Por lo general, los comercios buscaban las marcas de primera l\u00ednea con otras menos conocidas, aunque tambi\u00e9n en este caso se permit\u00eda comprar una sola unidad por cliente.<\/p>\n<p>\u201cEl arroz viene con muchas modificaciones de precio. En lo que va del a\u00f1o ya aument\u00f3 un 30 por ciento. Las empresas aducen problemas en las zonas de producci\u00f3n y baja productividad. Lo cierto es que no hay stock\u201d, sostuvo Palpacelli.<\/p>\n<p>\u201cSeguimos con la cuotificaci\u00f3n en la entrega de mercader\u00eda. Hay problemas con los aceites, con los enlatados y este mes tambi\u00e9n con las yerbas\u201d, detall\u00f3 Vanesa Ruiz, desde el Centro de Almaceneros.<\/p>\n<p>\u201cHay una puja importante entre el Gobierno nacional y las industrias alimentarias que buscan eludir el programa de Precios M\u00e1ximos. Y nosotros, los comerciantes, quedamos al medio de ese tironeo. No hay desabastecimiento, pero s\u00ed problemas para conseguir mercader\u00eda\u201d, dijo.<\/p>\n<p>El viernes pasado, supermercadistas de todo el pa\u00eds, incluidos representantes cordobeses, participaron de una reuni\u00f3n con el ministro de Desarrollo Productivo, Mat\u00edas Kulfas, a quien le plantearon este problema de falta de stock de algunos productos.<\/p>\n<p class=\"SubTitulo\">Cambio de envase, para zafar de Precios Cuidados<\/p>\n<p>Seg\u00fan los supermercadistas, hay empresas elaboradoras de alimentos que est\u00e1n cambiando el packaging de sus productos para evitar ser alcanzados por el programa Precios Cuidados. Lanzan nuevos envases, con gramajes diferentes, y diferentes c\u00f3digos de barra, para de ese modo ajustar los precios por encima de lo acordado con la Secretar\u00eda de Comercio de la Naci\u00f3n. Esta maniobra es habitual: tambi\u00e9n se hace para reducir el contenido y no subir precio.<\/p>\n<p class=\"SubTitulo\">M\u00e1s informaci\u00f3n:<\/p>\n<div class=\"ctaNewsNotaContainer\" readability=\"6.5\">\n<div class=\"newsletterTextContainer\" readability=\"33\">\n<p> S\u00cdNTESIS POL\u00cdTICA<\/p>\n<p> Informaci\u00f3n exclusiva y el mejor an\u00e1lisis, los lunes en tu correo.<\/p>\n<form method=\"post\" action-xhr=\"https:\/\/www.lavoz.com.ar\/newsletters\/sintesis-politica\/signup\" id=\"newsletter-signup\" class=\"newsletterForm\" target=\"_blank\" custom-validation-reporting=\"as-you-go\" on=\"submit:AMP.setState({formLoading:true});submit-success:AMP.setState({formSuccess:true})\">\n<div submit-success class=\"is-paddingless-l\" readability=\"6\"> <template type=\"amp-mustache\" readability=\"2\"><\/p>\n<p> <strong>\u00a1Gracias por suscribirte!<\/strong><\/p>\n<p> <\/template><\/div>\n<div submit-error class=\"is-paddingless-l\" readability=\"6.5\"> <template type=\"amp-mustache\" readability=\"3\"><\/p>\n<p> <strong>Ha ocurrido un error, por favor intente nuevamente m\u00e1s tarde.<\/strong><\/p>\n<p> <\/template><\/div>\n<\/form>\n<\/div>\n<\/div>\n<div class=\"column is-inline-block\" readability=\"5.1111111111111\">\n<div class=\"notification is-padding-lr\" readability=\"5.962962962963\"> <a class=\"no-decoration is-font-bold\" href=\"https:\/\/www.lavoz.com.ar\/edicion-impresa\">Edici\u00f3n Impresa<\/a><\/p>\n<p class=\"is-font-sans-serif\">El texto original de este art\u00edculo fue publicado el 28\/02\/2021 en nuestra edici\u00f3n impresa.<\/p>\n<\/div>\n<\/div>\n<div>\n<p> <span>Publicidad<\/span> <\/p>\n<\/div>\n","protected":false},"excerpt":{"rendered":"<p>No hay caso. Los precios en el s\u00faper siguen subiendo. En febrero, seg\u00fan el relevamiento que mes a mes realiza La Voz, la canasta de alimentos y productos de limpieza y tocador para una familia tipo de clase media se encareci\u00f3 3,9 por ciento, para llegar a 27.997 pesos, unos mil pesos m\u00e1s que los [&hellip;]<\/p>\n","protected":false},"author":1,"featured_media":1527,"comment_status":"closed","ping_status":"closed","sticky":false,"template":"","format":"standard","meta":[],"categories":[12],"tags":[],"_links":{"self":[{"href":"http:\/\/nuevacordoba.net\/index.php\/wp-json\/wp\/v2\/posts\/1526"}],"collection":[{"href":"http:\/\/nuevacordoba.net\/index.php\/wp-json\/wp\/v2\/posts"}],"about":[{"href":"http:\/\/nuevacordoba.net\/index.php\/wp-json\/wp\/v2\/types\/post"}],"author":[{"embeddable":true,"href":"http:\/\/nuevacordoba.net\/index.php\/wp-json\/wp\/v2\/users\/1"}],"replies":[{"embeddable":true,"href":"http:\/\/nuevacordoba.net\/index.php\/wp-json\/wp\/v2\/comments?post=1526"}],"version-history":[{"count":0,"href":"http:\/\/nuevacordoba.net\/index.php\/wp-json\/wp\/v2\/posts\/1526\/revisions"}],"wp:featuredmedia":[{"embeddable":true,"href":"http:\/\/nuevacordoba.net\/index.php\/wp-json\/wp\/v2\/media\/1527"}],"wp:attachment":[{"href":"http:\/\/nuevacordoba.net\/index.php\/wp-json\/wp\/v2\/media?parent=1526"}],"wp:term":[{"taxonomy":"category","embeddable":true,"href":"http:\/\/nuevacordoba.net\/index.php\/wp-json\/wp\/v2\/categories?post=1526"},{"taxonomy":"post_tag","embeddable":true,"href":"http:\/\/nuevacordoba.net\/index.php\/wp-json\/wp\/v2\/tags?post=1526"}],"curies":[{"name":"wp","href":"https:\/\/api.w.org\/{rel}","templated":true}]}}