{"id":1589,"date":"2021-03-02T07:50:02","date_gmt":"2021-03-02T07:50:02","guid":{"rendered":"https:\/\/www.espinof.com\/series-de-ficcion\/juego-tronos-a-star-wars-indira-varma-ficha-serie-obi-wan-kenobi-que-prepara-disney-plus"},"modified":"2021-03-02T07:50:02","modified_gmt":"2021-03-02T07:50:02","slug":"de-juego-de-tronos-a-star-wars-indira-varma-ficha-por-la-serie-de-obi-wan-kenobi-que-prepara-disney","status":"publish","type":"post","link":"http:\/\/nuevacordoba.net\/index.php\/2021\/03\/02\/de-juego-de-tronos-a-star-wars-indira-varma-ficha-por-la-serie-de-obi-wan-kenobi-que-prepara-disney\/","title":{"rendered":"De &#8216;Juego de Tronos&#8217; a &#8216;Star Wars&#8217;: Indira Varma ficha por la serie de Obi-Wan Kenobi que prepara Disney+"},"content":{"rendered":"<p>La actriz <strong>Indira Varma<\/strong>, popular por haber dado vida a Ellaria Sand en <a href=\"https:\/\/www.espinof.com\/tag\/juego-de-tronos\">&#8216;Juego de Tronos&#8217;<\/a>, ha llegado a un acuerdo para sumarse al reparto de <a href=\"https:\/\/www.espinof.com\/tag\/obi-wan-kenobi\">&#8216;Obi-Wan Kenobi&#8217;<\/a>, la nueva serie situada en el universo <strong>Star Wars<\/strong> que prepara <a href=\"https:\/\/disneyplus.bn5x.net\/c\/2196586\/771893\/9358\">Disney+<\/a>.<\/p>\n<p><!-- BREAK 1 --><\/p>\n<h2>Todos los implicados confirmados<\/h2>\n<p>De esta forma, Varma se une a los previamente confirmados <strong>Ewan McGregor y Hayden Christensen<\/strong>, quien <a href=\"https:\/\/www.espinof.com\/series-de-ficcion\/star-wars-hayden-christensen-volvera-a-ser-darth-vader-serie-obi-wan-kenobi-que-prepara-disney-plus\">volver\u00e1 a meterse en la piel de Darth Vader<\/a> 16 a\u00f1os despu\u00e9s de <a href=\"https:\/\/www.espinof.com\/criticas\/star-wars-la-venganza-de-los-sith-bienvenida-oscuridad\">&#8216;La venganza de los Sith&#8217;<\/a>. Por el momento se desconoce qu\u00e9 papel interpretar\u00e1 la actriz, ya que el proyecto se est\u00e1 desarrollando en el mayor de los secretos.<\/p>\n<p><!-- BREAK 2 --> <\/p>\n<div class=\"article-asset article-asset-normal article-asset-center\">\n<div class=\"desvio-container\">\n<div class=\"desvio\">\n<div class=\"desvio-figure js-desvio-figure\"> <a href=\"https:\/\/www.espinof.com\/series-de-ficcion\/the-mandalorian-todos-episodios-serie-star-wars-ordenados-peor-a-mejor\"> <img alt=\"'The Mandalorian': todos los episodios de la serie de Star Wars ordenados de peor a mejor\" src=\"http:\/\/nuevacordoba.net\/wp-content\/uploads\/2021\/03\/de-juego-de-tronos-a-star-wars-indira-varma-ficha-por-la-serie-de-obi-wan-kenobi-que-prepara-disney.jpg\"> <\/a> <\/div><\/div><\/div>\n<\/div>\n<p>La serie de &#8216;Obi-Wan Kenobi&#8217; contar\u00e1 con la presencia tras las c\u00e1maras de <strong>Deborah Chow,<\/strong> responsable de dos episodios de la primera temporada de <a href=\"https:\/\/www.espinof.com\/tag\/the-mandalorian\">&#8216;The Mandalorian&#8217;<\/a>. De esa serie tambi\u00e9n se recuperar\u00e1 <a href=\"https:\/\/www.espinof.com\/series-de-ficcion\/the-mandalorian-asi-funciona-stagecraft-revolucionaria-tecnologia-que-se-ha-rodado-serie-disney\">la revolucionaria tecnolog\u00eda StageCraft<\/a> que permite crear fondos hiperrealistas sin la necesidad de abandonar un plat\u00f3.<\/p>\n<p><!-- BREAK 3 --><\/p>\n<p>A Varma tambi\u00e9n hemos podido verla en otras series como <a href=\"https:\/\/www.espinof.com\/tag\/roma\">&#8216;Roma&#8217;<\/a>, &#8216;<strong>Escudo humano&#8217;<\/strong>, <a href=\"https:\/\/www.espinof.com\/criticas\/carnival-row-ambiciosa-fantasia-amazon-apuesta-todo-a-ambientacion\">&#8216;Carnival Row&#8217;<\/a> o <strong>&#8216;For Life&#8217;<\/strong>, am\u00e9n de en largometrajes como <a href=\"https:\/\/www.espinof.com\/criticas\/exodus-dioses-y-reyes-la-mayor-perdida-de-tiempo-del-ano\">&#8216;Exodus: Dioses y reyes&#8217;<\/a> o la m\u00e1s reciente <strong>&#8216;El magn\u00edfico Iv\u00e1n&#8217;<\/strong>. Eso s\u00ed, inevitable pensar en un posible crossover entre &#8216;The Mandalorian&#8217; y &#8216;Obi-Wan Kenobi&#8217; que re\u00fana de nuevo a Varma con Pedro Pascal.<\/p>\n<p><!-- BREAK 4 --><\/p>\n<p>Tal y como informa <a href=\"https:\/\/deadline.com\/2021\/03\/obi-wan-kenobi-series-star-wars-game-of-thrones-indira-varma-disney-plus-1234704207\/\">Deadline<\/a>, se espera que la acci\u00f3n de &#8216;Obi-Wan Kenobi&#8217; transcurra entre el final de &#8216;La venganza de los Sith&#8217; y el comienzo de <a href=\"https:\/\/www.espinof.com\/criticas\/star-wars-una-nueva-esperanza-origen-de-un-mito\">&#8216;Una nueva esperanza&#8217;<\/a>, pero no se ha concretado su emplazamiento exacto dentro del universo cread por <strong>George Lucas<\/strong>.<\/p>\n<p><!-- BREAK 5 --> <\/p>\n","protected":false},"excerpt":{"rendered":"<p>La actriz Indira Varma, popular por haber dado vida a Ellaria Sand en &#8216;Juego de Tronos&#8217;, ha llegado a un acuerdo para sumarse al reparto de &#8216;Obi-Wan Kenobi&#8217;, la nueva serie situada en el universo Star Wars que prepara Disney+. Todos los implicados confirmados De esta forma, Varma se une a los previamente confirmados Ewan [&hellip;]<\/p>\n","protected":false},"author":1,"featured_media":1590,"comment_status":"closed","ping_status":"closed","sticky":false,"template":"","format":"standard","meta":[],"categories":[6],"tags":[],"_links":{"self":[{"href":"http:\/\/nuevacordoba.net\/index.php\/wp-json\/wp\/v2\/posts\/1589"}],"collection":[{"href":"http:\/\/nuevacordoba.net\/index.php\/wp-json\/wp\/v2\/posts"}],"about":[{"href":"http:\/\/nuevacordoba.net\/index.php\/wp-json\/wp\/v2\/types\/post"}],"author":[{"embeddable":true,"href":"http:\/\/nuevacordoba.net\/index.php\/wp-json\/wp\/v2\/users\/1"}],"replies":[{"embeddable":true,"href":"http:\/\/nuevacordoba.net\/index.php\/wp-json\/wp\/v2\/comments?post=1589"}],"version-history":[{"count":0,"href":"http:\/\/nuevacordoba.net\/index.php\/wp-json\/wp\/v2\/posts\/1589\/revisions"}],"wp:featuredmedia":[{"embeddable":true,"href":"http:\/\/nuevacordoba.net\/index.php\/wp-json\/wp\/v2\/media\/1590"}],"wp:attachment":[{"href":"http:\/\/nuevacordoba.net\/index.php\/wp-json\/wp\/v2\/media?parent=1589"}],"wp:term":[{"taxonomy":"category","embeddable":true,"href":"http:\/\/nuevacordoba.net\/index.php\/wp-json\/wp\/v2\/categories?post=1589"},{"taxonomy":"post_tag","embeddable":true,"href":"http:\/\/nuevacordoba.net\/index.php\/wp-json\/wp\/v2\/tags?post=1589"}],"curies":[{"name":"wp","href":"https:\/\/api.w.org\/{rel}","templated":true}]}}