{"id":1602,"date":"2021-03-02T07:50:23","date_gmt":"2021-03-02T07:50:23","guid":{"rendered":"http:\/\/nuevacordoba.net\/index.php\/2021\/03\/02\/alberto-fernandez-poca-autocritica-y-fuertes-ataques-a-la-justicia-y-a-la-oposicion\/"},"modified":"2021-03-02T07:50:23","modified_gmt":"2021-03-02T07:50:23","slug":"alberto-fernandez-poca-autocritica-y-fuertes-ataques-a-la-justicia-y-a-la-oposicion","status":"publish","type":"post","link":"http:\/\/nuevacordoba.net\/index.php\/2021\/03\/02\/alberto-fernandez-poca-autocritica-y-fuertes-ataques-a-la-justicia-y-a-la-oposicion\/","title":{"rendered":"Alberto Fern\u00e1ndez: poca autocr\u00edtica y fuertes ataques a la Justicia y a la oposici\u00f3n"},"content":{"rendered":"<div><img src=\"http:\/\/nuevacordoba.net\/wp-content\/uploads\/2021\/03\/alberto-fernandez-poca-autocritica-y-fuertes-ataques-a-la-justicia-y-a-la-oposicion.jpg\" class=\"ff-og-image-inserted\"><\/div>\n<p>En su discurso de casi dos horas y 62 p\u00e1ginas, <a href=\"https:\/\/www.lavoz.com.ar\/temas\/alberto-fernandez\" target=\"_blank\" rel=\"noopener\">Alberto Fern\u00e1ndez<\/a> le dedic\u00f3 tan s\u00f3lo dos p\u00e1rrafos al esc\u00e1ndalo del momento: las <a href=\"https:\/\/www.lavoz.com.ar\/temas\/vacunas-vip\" target=\"_blank\" rel=\"noopener\">vacunaciones<\/a> sin turno previo a los amigos de su gobierno. El resto del mensaje que pronunci\u00f3 en la inauguraci\u00f3n del 139\u00ba per\u00edodo de sesiones ordinarias estuvo cargado de ataques al Poder Judicial, a la oposici\u00f3n y al periodismo. Este a\u00f1o, el Presidente tuvo que ir al Congreso en un contexto que no pudo ser m\u00e1s adverso: indignaci\u00f3n social por esos privilegios consentidos, que desataron la peor crisis pol\u00edtica de su gesti\u00f3n de apenas 15 meses; y una econom\u00eda que contin\u00faa deprimida, y con una inflaci\u00f3n que asoma indomable, a 22 semanas de su primera elecci\u00f3n de medio t\u00e9rmino.<\/p>\n<p>Escoltado por la due\u00f1a de los votos que lo llevaron al poder, la vicepresidenta, Cristina Kirchner, y por el presidente de la C\u00e1mara de Diputados, Sergio Massa, un Fern\u00e1ndez adusto y poco sonriente brind\u00f3 un mensaje con una autocr\u00edtica sobre las vacunaciones VIP que pas\u00f3 inadvertida.<\/p>\n<p>\u201cAun cuando en lo personal me causaran mucho dolor, tom\u00e9 las decisiones que correspond\u00edan\u201d, dijo en alusi\u00f3n a la renuncia que le pidi\u00f3 hace 10 d\u00edas al ministro de Salud Gin\u00e9s Gonz\u00e1lez Garc\u00eda, tras haber destacado que su gobierno encara \u201cel mayor operativo de vacunaci\u00f3n de la historia argentina\u201d, pese a que las vacunas todav\u00eda llegan a cuentagotas.<\/p>\n<p>Como cada a\u00f1o, el jefe del Estado se sent\u00f3 en el estrado del recinto de la C\u00e1mara Baja, pero, esta vez, con solamente un tercio de los diputados y senadores presentes y la ausencia f\u00edsica de los cinco jueces de la Corte Suprema de Justicia.<\/p>\n<div class=\"block-ad-node\">\n<div>\n<p> <span>Publicidad<\/span> <\/p>\n<\/div>\n<\/div>\n<p class=\"SubTitulo\"><strong>Faltazo decidido<\/strong><\/p>\n<p>La apertura de sesiones ordinarias es el evento institucional del a\u00f1o, porque se re\u00fanen en un mismo sitio los m\u00e1ximos representantes de los tres poderes del Estado: el Presidente, los legisladores y la Corte.<\/p>\n<p>Esta vez, aunque deb\u00edan y pod\u00edan hacerlo, ning\u00fan juez del m\u00e1ximo tribunal estuvo presente: decidieron reunirse, los cinco juntos, en el sal\u00f3n de acuerdos de su propio palacio y participar de manera remota.<\/p>\n<p>El jueves hab\u00edan sido avisados de que deb\u00edan hisoparse para ir al Congreso, pero prefirieron no ir. Sab\u00edan lo que les esperaba.<\/p>\n<p>Es que los principales dardos del mandatario apuntaron justamente hacia ellos: dijo, entre otras frases lacerantes, que \u201cel Poder Judicial de la Naci\u00f3n est\u00e1 en crisis\u201d y que \u201ces el \u00fanico poder que parece vivir en las m\u00e1rgenes del sistema republicano\u201d.<\/p>\n<div class=\"block-ad-node\">\n<div>\n<p> <span>Publicidad<\/span> <\/p>\n<\/div>\n<\/div>\n<p>El compa\u00f1ero de f\u00f3rmula de Cristina se despach\u00f3 contra la Justicia a pocas semanas de condenas dictadas contra Amado Boudou y Milagro Sala, y cinco d\u00edas de la sentencia contra L\u00e1zaro B\u00e1ez, que podr\u00eda afectar a la vicepresidenta.<\/p>\n<p>Fern\u00e1ndez tambi\u00e9n apunt\u00f3 contra la Justicia en momentos en que dos leyes, la de ordenamiento de los tribunales federales (suya) y la de modificaci\u00f3n del Ministerio P\u00fablico Fiscal (de Cristina), aunque obtuvieron la media sanci\u00f3n del Senado, con la mayor\u00eda invencible del oficialismo, est\u00e1n frenadas en Diputados.<\/p>\n<p>En esa c\u00e1mara el oficialismo no tiene mayor\u00eda y no ha podido convencer ni siquiera a la oposici\u00f3n no cambiemista, la que le presta los votos para la sanci\u00f3n de leyes, de los supuestos beneficios de ambas leyes judiciales. Pese a la insistencia presidencial, no parece haber margen para que ambas propuestas avancen en este a\u00f1o rabioso y electoral.<\/p>\n<div class=\"block-ad-node\">\n<div>\n<p> <span>Publicidad<\/span> <\/p>\n<\/div>\n<\/div>\n<p class=\"SubTitulo\"><strong>Tribunal intermedio<\/strong><\/p>\n<p>Pese a que su reforma judicial est\u00e1 empantanada, el mandatario anunci\u00f3 el env\u00edo de otros cuatro proyectos que integran ese paquete.<\/p>\n<p>Las iniciativas, hizo saber, surgen de las recomendaciones de la comisi\u00f3n de juristas que \u00e9l convoc\u00f3, conocida como Comisi\u00f3n Beraldi, porque la integra, junto a otros 11 expertos, Carlos Beraldi, abogado defensor de Cristina.<\/p>\n<p>El m\u00e1s pol\u00e9mico de estos cuatro proyectos anunciados es el que crea un tribunal intermedio para sacarle competencias a la Corte. Es decir, para quitarle poder, lo que ya provoca rechazos de una oposici\u00f3n endurecida, que aprovecha con regodeo y enjundia cada error no forzado de un gobierno que transita su peor hora.<\/p>\n<p>Pero Fern\u00e1ndez tambi\u00e9n anunci\u00f3 el env\u00edo de leyes y pidi\u00f3 por otras que podr\u00edan ser bien recibidas. Por ejemplo, reclam\u00f3 que \u201capuren el tratamiento\u201d de la \u201creducci\u00f3n del Impuesto a las Ganancias en los salarios\u201d, un proyecto de Massa que establece que este a\u00f1o \u2014electoral\u2014 no pagar\u00e1n este gravamen quienes cobren salarios brutos de hasta 150 mil pesos.<\/p>\n<p>Y anticip\u00f3 que mandar\u00e1 un proyecto que declara \u201cla emergencia de servicios p\u00fablicos y regulados con el objetivo de desdolarizarlos y adecuarlos a una econom\u00eda en la que los ingresos son en pesos\u201d.<\/p>\n<p class=\"SubTitulo\"><strong>Contra la oposici\u00f3n<\/strong><\/p>\n<p>\u201cTuvo cuatro a\u00f1os para hablar, \u00bfpor qu\u00e9 no me deja hablar a m\u00ed, por favor?\u201d. As\u00ed, Fern\u00e1ndez interrumpi\u00f3 su discurso para responderle al diputado del PRO Fernando Iglesias, que junto con su colega de bloque Waldo Wolff hab\u00edan lanzado cr\u00edticas desde sus bancas, varias veces y a los gritos.<\/p>\n<p>En ese escenario, Fern\u00e1ndez tambi\u00e9n critic\u00f3 al periodismo, al se\u00f1alar que no asumi\u00f3 en la Presidencia para dejarse \u201caturdir por cr\u00edticas maliciosas que responden a intereses inconfesables de poderes econ\u00f3micos concentrados, que en ocasiones buscan sembrar la fractura, la polarizaci\u00f3n y discordia entre el pueblo\u201d.<\/p>\n<p>Despu\u00e9s, al encargarse de la oposici\u00f3n, destac\u00f3 la renegociaci\u00f3n de la deuda encabezada por el ministro de Econom\u00eda, Mart\u00edn Guzm\u00e1n, y anunci\u00f3 que instruy\u00f3 a sus colaboradores a iniciar una \u201cquerella criminal tendiente a determinar qui\u00e9nes han sido los autores y part\u00edcipes de la mayor administraci\u00f3n fraudulenta y de la mayor malversaci\u00f3n de caudales que nuestra memoria registra\u201d, en alusi\u00f3n al gobierno de su antecesor, Macri.<\/p>\n<p>En ese sentido, dijo que la actual conducci\u00f3n del FMI comparte su inquietud por la deuda argentina y atribuy\u00f3 a los gobiernos peronistas el \u201cdesendeudamiento de la Patria\u201d.<\/p>\n<p>Golpeado por el esc\u00e1ndalo, una crisis sanitaria que sigue ofreciendo cifras preocupantes de contagios y muertos, un proceso de vacunaci\u00f3n lento, descontento generalizado y las elecciones a la vuelta de la esquina, el Presidente eligi\u00f3 con tanto esmero cada palabra de su mensaje y cada destinatario que se olvid\u00f3 de pronunciar la frase final \u2014y medular\u2014 de cada 1\u00ba de marzo: \u201cDejo inauguradas las sesiones ordinarias del Congreso\u201d.<\/p>\n<p class=\"SubTitulo\"><strong>M\u00e1s informaci\u00f3n<\/strong><\/p>\n<div class=\"ctaNewsNotaContainer\" readability=\"6.5\">\n<div class=\"newsletterTextContainer\" readability=\"33\">\n<p> S\u00cdNTESIS POL\u00cdTICA<\/p>\n<p> Informaci\u00f3n exclusiva y el mejor an\u00e1lisis, los lunes en tu correo.<\/p>\n<form method=\"post\" action-xhr=\"https:\/\/www.lavoz.com.ar\/newsletters\/sintesis-politica\/signup\" id=\"newsletter-signup\" class=\"newsletterForm\" target=\"_blank\" custom-validation-reporting=\"as-you-go\" on=\"submit:AMP.setState({formLoading:true});submit-success:AMP.setState({formSuccess:true})\">\n<div submit-success class=\"is-paddingless-l\" readability=\"6\"> <template type=\"amp-mustache\" readability=\"2\"><\/p>\n<p> <strong>\u00a1Gracias por suscribirte!<\/strong><\/p>\n<p> <\/template><\/div>\n<div submit-error class=\"is-paddingless-l\" readability=\"6.5\"> <template type=\"amp-mustache\" readability=\"3\"><\/p>\n<p> <strong>Ha ocurrido un error, por favor intente nuevamente m\u00e1s tarde.<\/strong><\/p>\n<p> <\/template><\/div>\n<\/form>\n<\/div>\n<\/div>\n<div class=\"column is-inline-block\" readability=\"5.1028037383178\">\n<div class=\"notification is-padding-lr\" readability=\"5.9532710280374\"> <a class=\"no-decoration is-font-bold\" href=\"https:\/\/www.lavoz.com.ar\/edicion-impresa\">Edici\u00f3n Impresa<\/a><\/p>\n<p class=\"is-font-sans-serif\">El texto original de este art\u00edculo fue publicado el 2\/03\/2021 en nuestra edici\u00f3n impresa.<\/p>\n<\/div>\n<\/div>\n<div>\n<p> <span>Publicidad<\/span> <\/p>\n<\/div>\n","protected":false},"excerpt":{"rendered":"<p>En su discurso de casi dos horas y 62 p\u00e1ginas, Alberto Fern\u00e1ndez le dedic\u00f3 tan s\u00f3lo dos p\u00e1rrafos al esc\u00e1ndalo del momento: las vacunaciones sin turno previo a los amigos de su gobierno. El resto del mensaje que pronunci\u00f3 en la inauguraci\u00f3n del 139\u00ba per\u00edodo de sesiones ordinarias estuvo cargado de ataques al Poder Judicial, [&hellip;]<\/p>\n","protected":false},"author":1,"featured_media":1603,"comment_status":"closed","ping_status":"closed","sticky":false,"template":"","format":"standard","meta":[],"categories":[12],"tags":[],"_links":{"self":[{"href":"http:\/\/nuevacordoba.net\/index.php\/wp-json\/wp\/v2\/posts\/1602"}],"collection":[{"href":"http:\/\/nuevacordoba.net\/index.php\/wp-json\/wp\/v2\/posts"}],"about":[{"href":"http:\/\/nuevacordoba.net\/index.php\/wp-json\/wp\/v2\/types\/post"}],"author":[{"embeddable":true,"href":"http:\/\/nuevacordoba.net\/index.php\/wp-json\/wp\/v2\/users\/1"}],"replies":[{"embeddable":true,"href":"http:\/\/nuevacordoba.net\/index.php\/wp-json\/wp\/v2\/comments?post=1602"}],"version-history":[{"count":0,"href":"http:\/\/nuevacordoba.net\/index.php\/wp-json\/wp\/v2\/posts\/1602\/revisions"}],"wp:featuredmedia":[{"embeddable":true,"href":"http:\/\/nuevacordoba.net\/index.php\/wp-json\/wp\/v2\/media\/1603"}],"wp:attachment":[{"href":"http:\/\/nuevacordoba.net\/index.php\/wp-json\/wp\/v2\/media?parent=1602"}],"wp:term":[{"taxonomy":"category","embeddable":true,"href":"http:\/\/nuevacordoba.net\/index.php\/wp-json\/wp\/v2\/categories?post=1602"},{"taxonomy":"post_tag","embeddable":true,"href":"http:\/\/nuevacordoba.net\/index.php\/wp-json\/wp\/v2\/tags?post=1602"}],"curies":[{"name":"wp","href":"https:\/\/api.w.org\/{rel}","templated":true}]}}