{"id":16055,"date":"2022-02-09T02:35:17","date_gmt":"2022-02-09T02:35:17","guid":{"rendered":"http:\/\/nuevacordoba.net\/index.php\/2022\/02\/09\/tomi-lebrero-se-presenta-en-caba\/"},"modified":"2022-02-09T02:35:17","modified_gmt":"2022-02-09T02:35:17","slug":"tomi-lebrero-se-presenta-en-caba","status":"publish","type":"post","link":"http:\/\/nuevacordoba.net\/index.php\/2022\/02\/09\/tomi-lebrero-se-presenta-en-caba\/","title":{"rendered":"Tomi Lebrero se presenta en CABA"},"content":{"rendered":"<figure class=\"mb-3\"><img loading=\"lazy\" src=\"http:\/\/nuevacordoba.net\/wp-content\/uploads\/2022\/02\/tomi-lebrero-se-presenta-en-caba.jpg\" width=\"100%\" height=\"100%\" alt=\"Tomi Lebrero nuevamente en el club CAFF de Almagro\"><figcaption> Tomi Lebrero, nuevamente en el club CAFF de Almagro <\/figcaption><\/figure>\n<p>El cantor, instrumentista y compositor <strong>Tomi Lebrero<\/strong> se presentar\u00e1 al frente de su banda <strong>El Puchero Misterioso<\/strong> este jueves a las 21 en el Club Atl\u00e9tico Fern\u00e1ndez Fierro (CAFF, S\u00e1nchez de Bustamante 772).<\/p>\n<p>Con <strong>Alex Musatov<\/strong> en viol\u00edn, <strong>Lu Pivetta<\/strong> bajo, <strong>Santi Grandone<\/strong> piano, <strong>Nico Echeverria<\/strong> bater\u00eda y Lebrero en bandone\u00f3n, el grupo interpretar\u00e1 cl\u00e1sicos del repertorio de Lebrero, adem\u00e1s de anticipar algunos temas de un disco homenaje a <strong>Ricardo Vilca<\/strong> que presentar\u00e1n este a\u00f1o.<\/p>\n<p>En septiembre del a\u00f1o pasado el grupo hizo tres presentaciones a sala llena en el CAFF, donde qued\u00f3 de manifiesto su capacidad para abordar estilos diferentes y transmutarlos en un sonido personal, adem\u00e1s de la inventiva, marca registrada de la banda.<\/p>\n<p>Lebrero arranc\u00f3 su trayectoria en 2005 con el registro discogr\u00e1fico Tomi Lebrero y el Puchero Misterioso, al que sigui\u00f3 las canciones reunidas en la excelente banda de sonido de la pel\u00edcula <strong>\u00abUpa!\u00bb<\/strong> (2008) y <strong>\u00abCosas de Tomi\u00bb<\/strong> (2009).<\/p>\n<p>Luego vinieron <strong>\u00abMe arrepiento de todo\u00bb<\/strong> (2011), <strong>\u00abFraude\u00bb<\/strong> (2014) y el monumental <strong>\u00abDoce\u00bb<\/strong> (2019), que comprende doce \u00e1lbumes distintos. <\/p>\n","protected":false},"excerpt":{"rendered":"<p>Tomi Lebrero, nuevamente en el club CAFF de Almagro El cantor, instrumentista y compositor Tomi Lebrero se presentar\u00e1 al frente de su banda El Puchero Misterioso este jueves a las 21 en el Club Atl\u00e9tico Fern\u00e1ndez Fierro (CAFF, S\u00e1nchez de Bustamante 772). Con Alex Musatov en viol\u00edn, Lu Pivetta bajo, Santi Grandone piano, Nico Echeverria [&hellip;]<\/p>\n","protected":false},"author":1,"featured_media":16056,"comment_status":"closed","ping_status":"closed","sticky":false,"template":"","format":"standard","meta":[],"categories":[9],"tags":[],"_links":{"self":[{"href":"http:\/\/nuevacordoba.net\/index.php\/wp-json\/wp\/v2\/posts\/16055"}],"collection":[{"href":"http:\/\/nuevacordoba.net\/index.php\/wp-json\/wp\/v2\/posts"}],"about":[{"href":"http:\/\/nuevacordoba.net\/index.php\/wp-json\/wp\/v2\/types\/post"}],"author":[{"embeddable":true,"href":"http:\/\/nuevacordoba.net\/index.php\/wp-json\/wp\/v2\/users\/1"}],"replies":[{"embeddable":true,"href":"http:\/\/nuevacordoba.net\/index.php\/wp-json\/wp\/v2\/comments?post=16055"}],"version-history":[{"count":0,"href":"http:\/\/nuevacordoba.net\/index.php\/wp-json\/wp\/v2\/posts\/16055\/revisions"}],"wp:featuredmedia":[{"embeddable":true,"href":"http:\/\/nuevacordoba.net\/index.php\/wp-json\/wp\/v2\/media\/16056"}],"wp:attachment":[{"href":"http:\/\/nuevacordoba.net\/index.php\/wp-json\/wp\/v2\/media?parent=16055"}],"wp:term":[{"taxonomy":"category","embeddable":true,"href":"http:\/\/nuevacordoba.net\/index.php\/wp-json\/wp\/v2\/categories?post=16055"},{"taxonomy":"post_tag","embeddable":true,"href":"http:\/\/nuevacordoba.net\/index.php\/wp-json\/wp\/v2\/tags?post=16055"}],"curies":[{"name":"wp","href":"https:\/\/api.w.org\/{rel}","templated":true}]}}