{"id":16057,"date":"2022-02-09T04:35:31","date_gmt":"2022-02-09T04:35:31","guid":{"rendered":"https:\/\/www.bbc.com\/mundo\/noticias-60224535"},"modified":"2022-02-09T04:35:31","modified_gmt":"2022-02-09T04:35:31","slug":"en-espana-la-conquista-de-america-se-ve-como-un-hito-historico-pero-en-realidad-fue-una-brutal-y-sangrienta-invasion-que-deberia-generar-verguenza","status":"publish","type":"post","link":"http:\/\/nuevacordoba.net\/index.php\/2022\/02\/09\/en-espana-la-conquista-de-america-se-ve-como-un-hito-historico-pero-en-realidad-fue-una-brutal-y-sangrienta-invasion-que-deberia-generar-verguenza\/","title":{"rendered":"\u00abEn Espa\u00f1a la conquista de Am\u00e9rica se ve como un hito hist\u00f3rico, pero en realidad fue una brutal y sangrienta invasi\u00f3n que deber\u00eda generar verg\u00fcenza\u00bb"},"content":{"rendered":"<div dir=\"ltr\" class=\"e1j2237y5 bbc-q4ibpr e57qer20\">\n<div class=\"bbc-1atl7vu e1c9i7u14\">\n<ul role=\"list\" class=\"bbc-k0l9bd e1c9i7u12\">\n<li role=\"listitem\" class=\"bbc-1a3w4ok e1c9i7u11\">Irene Hern\u00e1ndez Velasco<\/li>\n<li role=\"listitem\" class=\"bbc-1p92jtu e1c9i7u10\">Especial para BBC News Mundo<\/li>\n<\/ul>\n<\/div>\n<\/div>\n<p><time datetime=\"2022-02-08\" class=\"bbc-14xtggo e4zesg50\">8 febrero 2022<\/time><\/p>\n<div dir=\"ltr\" class=\"bbc-1ka88fa e57qer20\">\n<figure class=\"bbc-1qdcvv9 e6bmn90\">\n<div dir=\"ltr\" class=\"bbc-172p16q e57qer20\">\n<div dir=\"ltr\" class=\"bbc-189y18v e57qer20\">\n<div data-e2e=\"image-placeholder\" class=\"bbc-997y1y e1whu0\"><picture class=\"bbc-yfiktt e1enwo3v1\"><source srcset=\"https:\/\/ichef.bbci.co.uk\/news\/240\/cpsprodpb\/E90A\/production\/_123085695_antonio_espino_color_-002.jpg.webp 240w, https:\/\/ichef.bbci.co.uk\/news\/320\/cpsprodpb\/E90A\/production\/_123085695_antonio_espino_color_-002.jpg.webp 320w, https:\/\/ichef.bbci.co.uk\/news\/480\/cpsprodpb\/E90A\/production\/_123085695_antonio_espino_color_-002.jpg.webp 480w, https:\/\/ichef.bbci.co.uk\/news\/624\/cpsprodpb\/E90A\/production\/_123085695_antonio_espino_color_-002.jpg.webp 624w, https:\/\/ichef.bbci.co.uk\/news\/800\/cpsprodpb\/E90A\/production\/_123085695_antonio_espino_color_-002.jpg.webp 800w\" type=\"image\/webp\"><source srcset=\"https:\/\/ichef.bbci.co.uk\/news\/240\/cpsprodpb\/E90A\/production\/_123085695_antonio_espino_color_-002.jpg 240w, https:\/\/ichef.bbci.co.uk\/news\/320\/cpsprodpb\/E90A\/production\/_123085695_antonio_espino_color_-002.jpg 320w, https:\/\/ichef.bbci.co.uk\/news\/480\/cpsprodpb\/E90A\/production\/_123085695_antonio_espino_color_-002.jpg 480w, https:\/\/ichef.bbci.co.uk\/news\/624\/cpsprodpb\/E90A\/production\/_123085695_antonio_espino_color_-002.jpg 624w, https:\/\/ichef.bbci.co.uk\/news\/800\/cpsprodpb\/E90A\/production\/_123085695_antonio_espino_color_-002.jpg 800w\" type=\"image\/jpeg\"><img loading=\"lazy\" src=\"http:\/\/nuevacordoba.net\/wp-content\/uploads\/2022\/02\/en-espana-la-conquista-de-america-se-ve-como-un-hito-historico-pero-en-realidad-fue-una-brutal-y-sangrienta-invasion-que-deberia-generar-verguenza.jpg\" alt=\"El historiador espa\u00f1ol Antonio Espino L\u00f3pez\" sizes=\"(min-width: 1008px) 645px, 100vw\" width=\"976\" height=\"549\" class=\"eehpdyc0 bbc-rb7xa0 e1enwo3v0\"><\/picture><\/div>\n<\/div>\n<\/div>\n<\/figure>\n<\/div>\n<div dir=\"ltr\" class=\"bbc-19j92fr e57qer20\" readability=\"9\">\n<p dir=\"ltr\" class=\"bbc-bm53ic e1cc2ql70\"><b>No, al historiador espa\u00f1ol Antonio Espino L\u00f3pez no le gusta hablar de descubrimiento de Am\u00e9rica ni de conquista de Am\u00e9rica. <\/b><\/p>\n<\/div>\n<div dir=\"ltr\" class=\"bbc-19j92fr e57qer20\" readability=\"14\">\n<p dir=\"ltr\" class=\"bbc-bm53ic e1cc2ql70\">\u00abEl verbo invadir es mucho m\u00e1s inequ\u00edvoco. Implica irrumpir, entrar por la fuerza, as\u00ed como ocupar anormal e irregularmente un lugar. Y eso es lo que ocurri\u00f3 en el caso de Am\u00e9rica\u00bb, sostiene este catedr\u00e1tico de Historia Moderna en la Universidad Aut\u00f3noma de Barcelona, especialista en historia de la guerra en la Edad Moderna y en la conquista hispana de Am\u00e9rica. <\/p>\n<\/div>\n<div dir=\"ltr\" class=\"bbc-19j92fr e57qer20\" readability=\"10\">\n<p dir=\"ltr\" class=\"bbc-bm53ic e1cc2ql70\">Es comprensible que Espino L\u00f3pez reh\u00faya los t\u00e9rminos conquista o descubrimiento. En \u00abLa invasi\u00f3n de Am\u00e9rica: una historia de violencia y destrucci\u00f3n\u00bb -un libro publicado por la editorial Arpa- desvela la cultura del terror empleada por los espa\u00f1oles a la hora de invadir el territorio americano. <\/p>\n<\/div>\n<div dir=\"ltr\" class=\"bbc-19j92fr e57qer20\" readability=\"16\">\n<p dir=\"ltr\" class=\"bbc-bm53ic e1cc2ql70\">Amputaciones de manos, ejecuciones en la hoguera, empalamientos, ahorcamientos, aperreamientos en los que se lanzaban grandes perros de combate contra personas, abusos sexuales contra mujeres y ni\u00f1as y masacres fueron algunos de los m\u00e9todos empleados por los espa\u00f1oles para someter a las poblaciones locales, seg\u00fan detalla Espino L\u00f3pez en su libro. <\/p>\n<\/div>\n<div dir=\"ltr\" class=\"bbc-19j92fr e57qer20\" readability=\"7\">\n<p dir=\"ltr\" class=\"bbc-bm53ic e1cc2ql70\">BBC Mundo ha hablado con \u00e9l. <\/p>\n<\/div>\n<div dir=\"ltr\" class=\"ek1plzs1 bbc-9m7iam e57qer20\">\n<figure class=\"bbc-1qdcvv9 e6bmn90\">\n<div dir=\"ltr\" class=\"bbc-vx18wi e57qer20\">\n<div dir=\"ltr\" class=\"bbc-rprdln e57qer20\" readability=\"6.5\">\n<div data-e2e=\"image-placeholder\" class=\"bbc-997y1y e1whu0\" readability=\"8\"><noscript><picture class=\"bbc-yfiktt e1enwo3v1\"><source srcset=\"http:\/\/nuevacordoba.net\/wp-content\/uploads\/2022\/02\/en-espana-la-conquista-de-america-se-ve-como-un-hito-historico-pero-en-realidad-fue-una-brutal-y-sangrienta-invasion-que-deberia-generar-verguenza.webp 240w, http:\/\/nuevacordoba.net\/wp-content\/uploads\/2022\/02\/en-espana-la-conquista-de-america-se-ve-como-un-hito-historico-pero-en-realidad-fue-una-brutal-y-sangrienta-invasion-que-deberia-generar-verguenza-1.webp 320w, http:\/\/nuevacordoba.net\/wp-content\/uploads\/2022\/02\/en-espana-la-conquista-de-america-se-ve-como-un-hito-historico-pero-en-realidad-fue-una-brutal-y-sangrienta-invasion-que-deberia-generar-verguenza-2.webp 480w, http:\/\/nuevacordoba.net\/wp-content\/uploads\/2022\/02\/en-espana-la-conquista-de-america-se-ve-como-un-hito-historico-pero-en-realidad-fue-una-brutal-y-sangrienta-invasion-que-deberia-generar-verguenza-3.webp 624w, http:\/\/nuevacordoba.net\/wp-content\/uploads\/2022\/02\/en-espana-la-conquista-de-america-se-ve-como-un-hito-historico-pero-en-realidad-fue-una-brutal-y-sangrienta-invasion-que-deberia-generar-verguenza-4.webp 800w\" type=\"image\/webp\"><source srcset=\"https:\/\/ichef.bbci.co.uk\/news\/240\/cpsprodpb\/C1FA\/production\/_123085694_134._la_invasion_de_america.png 240w, https:\/\/ichef.bbci.co.uk\/news\/320\/cpsprodpb\/C1FA\/production\/_123085694_134._la_invasion_de_america.png 320w, https:\/\/ichef.bbci.co.uk\/news\/480\/cpsprodpb\/C1FA\/production\/_123085694_134._la_invasion_de_america.png 480w, https:\/\/ichef.bbci.co.uk\/news\/624\/cpsprodpb\/C1FA\/production\/_123085694_134._la_invasion_de_america.png 624w, https:\/\/ichef.bbci.co.uk\/news\/800\/cpsprodpb\/C1FA\/production\/_123085694_134._la_invasion_de_america.png 800w\" type=\"image\/png\"><img loading=\"lazy\" src=\"http:\/\/nuevacordoba.net\/wp-content\/uploads\/2022\/02\/en-espana-la-conquista-de-america-se-ve-como-un-hito-historico-pero-en-realidad-fue-una-brutal-y-sangrienta-invasion-que-deberia-generar-verguenza-1.jpg\" alt=\"Portada del libro &quot;La invasi\u00f3n de Am\u00e9rica&quot;\" sizes=\"(min-width: 1008px) 645px, 100vw\" width=\"807\" height=\"1181\" class=\"eehpdyc0 bbc-rb7xa0 e1enwo3v0\"><\/picture><\/noscript><\/p>\n<p role=\"text\" class=\"bbc-1s1cxbv etq3yw90\"><span class=\"bbc-1gnhmg2 e1yt7oin0\">Fuente de la imagen, <\/span><span lang=\"en-GB\">Editorial Arpa<\/span><\/p>\n<\/div>\n<\/div>\n<\/div>\n<\/figure>\n<\/div>\n<div dir=\"ltr\" class=\"bbc-1ka88fa e57qer20\">\n<figure class=\"bbc-1qdcvv9 e6bmn90\">\n<div dir=\"ltr\" class=\"bbc-172p16q e57qer20\">\n<div dir=\"ltr\" class=\"bbc-189y18v e57qer20\">\n<div data-e2e=\"image-placeholder\" class=\"bbc-997y1y e1whu0\"><noscript><picture class=\"bbc-yfiktt e1enwo3v1\"><source srcset=\"http:\/\/nuevacordoba.net\/wp-content\/uploads\/2022\/02\/en-espana-la-conquista-de-america-se-ve-como-un-hito-historico-pero-en-realidad-fue-una-brutal-y-sangrienta-invasion-que-deberia-generar-verguenza-5.webp 240w, http:\/\/nuevacordoba.net\/wp-content\/uploads\/2022\/02\/en-espana-la-conquista-de-america-se-ve-como-un-hito-historico-pero-en-realidad-fue-una-brutal-y-sangrienta-invasion-que-deberia-generar-verguenza-6.webp 320w, http:\/\/nuevacordoba.net\/wp-content\/uploads\/2022\/02\/en-espana-la-conquista-de-america-se-ve-como-un-hito-historico-pero-en-realidad-fue-una-brutal-y-sangrienta-invasion-que-deberia-generar-verguenza-7.webp 464w\" type=\"image\/webp\"><source srcset=\"https:\/\/ichef.bbci.co.uk\/news\/240\/cpsprodpb\/3069\/production\/_108039321_lnea.jpg 240w, https:\/\/ichef.bbci.co.uk\/news\/320\/cpsprodpb\/3069\/production\/_108039321_lnea.jpg 320w, https:\/\/ichef.bbci.co.uk\/news\/464\/cpsprodpb\/3069\/production\/_108039321_lnea.jpg 464w\" type=\"image\/jpeg\"><img loading=\"lazy\" src=\"http:\/\/nuevacordoba.net\/wp-content\/uploads\/2022\/02\/en-espana-la-conquista-de-america-se-ve-como-un-hito-historico-pero-en-realidad-fue-una-brutal-y-sangrienta-invasion-que-deberia-generar-verguenza-2.jpg\" alt=\"L\u00ednea\" sizes=\"(min-width: 1008px) 645px, 100vw\" width=\"464\" height=\"2\" class=\"eehpdyc0 bbc-rb7xa0 e1enwo3v0\"><\/picture><\/noscript><\/div>\n<\/div>\n<\/div>\n<\/figure>\n<\/div>\n<div dir=\"ltr\" class=\"bbc-19j92fr e57qer20\" readability=\"10\">\n<p dir=\"ltr\" class=\"bbc-bm53ic e1cc2ql70\"><b>La conquista -o invasi\u00f3n, como usted reclama que se llame- de Am\u00e9rica, \u00bffue realmente una historia de violencia y destrucci\u00f3n? <\/b><\/p>\n<\/div>\n<div dir=\"ltr\" class=\"bbc-19j92fr e57qer20\" readability=\"11\">\n<p dir=\"ltr\" class=\"bbc-bm53ic e1cc2ql70\">S\u00ed. No fue diferente a cualquier otro proceso de invasi\u00f3n, conquista, sometimiento de un territorio y de los habitantes de ese territorio. A lo largo de la historia siempre ha ocurrido as\u00ed. Y la invasi\u00f3n y conquista hispana de Am\u00e9rica no es diferente. <\/p>\n<\/div>\n<div dir=\"ltr\" class=\"bbc-19j92fr e57qer20\" readability=\"11\">\n<p dir=\"ltr\" class=\"bbc-bm53ic e1cc2ql70\"><b>En su libro ofrece muchos y muy documentados ejemplos de la crueldad a la que llegaron los espa\u00f1oles en Am\u00e9rica. Uno de los m\u00e9todos que afirma que empleaban contra la poblaci\u00f3n aut\u00f3ctona era la amputaci\u00f3n de las manos, y a veces tambi\u00e9n de las narices y de las orejas. \u00bfEstaba esa pr\u00e1ctica muy extendida? <\/b><\/p>\n<\/div>\n<div dir=\"ltr\" class=\"bbc-19j92fr e57qer20\" readability=\"11\">\n<p dir=\"ltr\" class=\"bbc-bm53ic e1cc2ql70\">S\u00ed, fue una pr\u00e1ctica muy habitual que ya ven\u00eda de muy antiguo. Est\u00e1 perfectamente documentado que ya se aplicaba en el imperialismo de la antigua Roma y, desde entonces, se ha empleado. <\/p>\n<\/div>\n<div dir=\"ltr\" class=\"bbc-19j92fr e57qer20\" readability=\"9\">\n<p dir=\"ltr\" class=\"bbc-bm53ic e1cc2ql70\">En las terribles guerras civiles de finales del siglo XX en algunos Estados africanos se cortaba sistem\u00e1ticamente las manos a los enemigos. Se trata de una pr\u00e1ctica t\u00edpica en aquellas circunstancias o las situaciones en las que se tiene que dominar a grandes grupos de poblaci\u00f3n. <\/p>\n<\/div>\n<div dir=\"ltr\" class=\"bbc-19j92fr e57qer20\" readability=\"12\">\n<p dir=\"ltr\" class=\"bbc-bm53ic e1cc2ql70\">Cuando los efectivos son limitados o cuando todav\u00eda no se tiene un control profundo del territorio y de las personas, se emplea el terror para atemorizar a las personas de la forma m\u00e1s contundente posible. En Am\u00e9rica Latina fue una pr\u00e1ctica bastante extendida, se hace menci\u00f3n a ella en muchos textos. <\/p>\n<\/div>\n<div dir=\"ltr\" class=\"bbc-19j92fr e57qer20\" readability=\"7\">\n<p dir=\"ltr\" class=\"bbc-bm53ic e1cc2ql70\"><b>\u00bfY por qu\u00e9 hac\u00edan algo tan abominable? <\/b><\/p>\n<\/div>\n<div dir=\"ltr\" class=\"bbc-19j92fr e57qer20\" readability=\"8\">\n<p dir=\"ltr\" class=\"bbc-bm53ic e1cc2ql70\">Los conquistadores con frecuencia cortaban las manos de los habitantes y cauterizaban la herida con aceite hirviendo o con fuego. <\/p>\n<\/div>\n<div dir=\"ltr\" class=\"bbc-19j92fr e57qer20\" readability=\"11\">\n<p dir=\"ltr\" class=\"bbc-bm53ic e1cc2ql70\">Evidentemente, de lo que se trata es que el resto de la comunidad percibiera de manera clara y contundente que el castigo aplicado a esa persona pod\u00eda extenderse a muchas otras, lo que frenaba su instinto de rebelarse. <\/p>\n<\/div>\n<div dir=\"ltr\" class=\"bbc-19j92fr e57qer20\" readability=\"8\">\n<p dir=\"ltr\" class=\"bbc-bm53ic e1cc2ql70\"><b>Durante el sitio de Cuzco la mutilaci\u00f3n de las manos se emple\u00f3 con mucha asiduidad, \u00bfverdad?<\/b><\/p>\n<\/div>\n<div dir=\"ltr\" class=\"bbc-19j92fr e57qer20\" readability=\"10\">\n<p dir=\"ltr\" class=\"bbc-bm53ic e1cc2ql70\">S\u00ed. Ese fue precisamente un momento muy comprometido, hab\u00eda un grupo muy reducido de espa\u00f1oles que defend\u00edan Cuzco, aunque estaban apoyados por unos pocos miles de indios aliados. <\/p>\n<\/div>\n<div dir=\"ltr\" class=\"bbc-19j92fr e57qer20\" readability=\"10\">\n<p dir=\"ltr\" class=\"bbc-bm53ic e1cc2ql70\">Como la presi\u00f3n a la que se someti\u00f3 a Cuzco en los a\u00f1os 1536 y 1537 fue muy fuerte, cuando los espa\u00f1oles consegu\u00edan hacer prisioneros les cortaban las manos para demostrar al resto a lo que se enfrentaban e intentar frenarles.<\/p>\n<\/div>\n<div dir=\"ltr\" class=\"bbc-19j92fr e57qer20\" readability=\"12\">\n<p dir=\"ltr\" class=\"bbc-bm53ic e1cc2ql70\">Pero en el sitio del Cuzco no s\u00f3lo se cortaron manos a los guerreros enemigos, sino que cuando los conquistadores consegu\u00edan atacar alguno de sus campamentos mataban a las familias de los beligerantes, pues los acompa\u00f1aban en los combates. Recurr\u00edan a cualquier tipo de barbaridad con tal de frenar las revueltas contra los intereses espa\u00f1oles. <\/p>\n<\/div>\n<div dir=\"ltr\" class=\"bbc-19j92fr e57qer20\" readability=\"8\">\n<p dir=\"ltr\" class=\"bbc-bm53ic e1cc2ql70\"><b>Otras de esas pr\u00e1cticas aterrorizantes que menciona en su libro es el aperreamiento. \u00bfEn qu\u00e9 consist\u00eda? <\/b><\/p>\n<\/div>\n<div dir=\"ltr\" class=\"bbc-19j92fr e57qer20\" readability=\"10\">\n<p dir=\"ltr\" class=\"bbc-bm53ic e1cc2ql70\">En el aperreamiento se utilizaban perros de combate y, de nuevo, se trata de una pr\u00e1ctica muy antigua que probablemente ya se empleaba en la antigua Grecia. <\/p>\n<\/div>\n<div dir=\"ltr\" class=\"bbc-19j92fr e57qer20\" readability=\"15\">\n<p dir=\"ltr\" class=\"bbc-bm53ic e1cc2ql70\">Se trata de utilizar perros de gran tama\u00f1o y de gran poder f\u00edsico, como alanos o mastines, contra las personas. Es una pr\u00e1ctica muy, muy terrible. Hay que imaginarse a una persona indefensa, en ocasiones con las manos atadas, que se tiene que enfrentar a un animal o a varios animales ante los ojos del resto de la comunidad. <\/p>\n<\/div>\n<div dir=\"ltr\" class=\"bbc-19j92fr e57qer20\" readability=\"11\">\n<p dir=\"ltr\" class=\"bbc-bm53ic e1cc2ql70\">Esa persona mor\u00eda despezada en cuesti\u00f3n de minutos, y verlo provocaba un fuerte shock en los que lo presenciaban. Un shock tan terrible que anulaba psicol\u00f3gicamente durante mucho tiempo a los que lo ve\u00edan, si no para siempre. <\/p>\n<\/div>\n<div dir=\"ltr\" class=\"bbc-19j92fr e57qer20\" readability=\"14\">\n<p dir=\"ltr\" class=\"bbc-bm53ic e1cc2ql70\">Y el mensaje que se buscaba lanzar con los aperreamientos, de nuevo, era que si alguien se portaba mal, iba a acabar siendo ejecutada de esa forma tan horrorosa. Yo me imagino que, despu\u00e9s de ver un aperreamiento, las personas se lo pensar\u00edan dos veces antes de rebelarse a los espa\u00f1oles. <\/p>\n<\/div>\n<div dir=\"ltr\" class=\"bbc-19j92fr e57qer20\" readability=\"7\">\n<p dir=\"ltr\" class=\"bbc-bm53ic e1cc2ql70\"><b>\u00bfY era una pr\u00e1ctica habitual? <\/b><\/p>\n<\/div>\n<div dir=\"ltr\" class=\"bbc-19j92fr e57qer20\" readability=\"11\">\n<p dir=\"ltr\" class=\"bbc-bm53ic e1cc2ql70\">S\u00ed, es una pr\u00e1ctica que se menciona en bastantes sitios. Quiz\u00e1s no estaba tan extendida, o no est\u00e1 tan documentada, como otras. <\/p>\n<\/div>\n<div dir=\"ltr\" class=\"bbc-19j92fr e57qer20\" readability=\"10\">\n<p dir=\"ltr\" class=\"bbc-bm53ic e1cc2ql70\">Pero se trata de una pr\u00e1ctica tan abominable que hizo reaccionar a la monarqu\u00eda espa\u00f1ola de una forma contundente, lo que revela que se utilizaba. En 1541 se publica un Real Decreto en el que se proh\u00edbe que se cr\u00eden perros con la intenci\u00f3n \u00faltima de ejecutar a las personas. <\/p>\n<\/div>\n<div dir=\"ltr\" class=\"bbc-19j92fr e57qer20\" readability=\"12\">\n<p dir=\"ltr\" class=\"bbc-bm53ic e1cc2ql70\">Se ha llegado a decir que en algunos casos a esos perros se les alimentaba con carne humana, evidentemente, con carne de indio. Es posible que se considerara que los aperreamientos eran \u00fatiles en los primeros momentos de invasi\u00f3n, conquista y asentamiento de Am\u00e9rica. <\/p>\n<\/div>\n<div dir=\"ltr\" class=\"bbc-19j92fr e57qer20\" readability=\"9\">\n<p dir=\"ltr\" class=\"bbc-bm53ic e1cc2ql70\">Pero que una vez que el sistema colonial ya estaba implantado, algunos espa\u00f1oles empezaron a verlo como algo demasiado abominable. <\/p>\n<\/div>\n<div dir=\"ltr\" class=\"bbc-19j92fr e57qer20\" readability=\"11\">\n<p dir=\"ltr\" class=\"bbc-bm53ic e1cc2ql70\">Hubo reacciones de algunos juristas y, sobre todo, de muchos miembros del clero que empez\u00f3 a decir que ese tipo de pr\u00e1cticas no eran propias de cristianos ni de gente civilizada como los espa\u00f1oles. <\/p>\n<\/div>\n<div dir=\"ltr\" class=\"bbc-19j92fr e57qer20\" readability=\"11\">\n<p dir=\"ltr\" class=\"bbc-bm53ic e1cc2ql70\"><b>En su libro tambi\u00e9n menciona ejecuciones en la hoguera, ind\u00edgenas que eran quemados vivos. Fue sobre todo Pizarro el que utiliz\u00f3 esta pr\u00e1ctica, pero no fue el \u00fanico, \u00bfverdad? <\/b><\/p>\n<\/div>\n<div class=\"bbc-sffzb7 e8v25yx0\">\n<div dir=\"ltr\" class=\"bbc-1ka88fa e57qer20\">\n<figure class=\"bbc-1qdcvv9 e6bmn90\">\n<div dir=\"ltr\" class=\"bbc-172p16q e57qer20\">\n<div dir=\"ltr\" class=\"bbc-189y18v e57qer20\" readability=\"6.5\">\n<div data-e2e=\"image-placeholder\" class=\"bbc-997y1y e1whu0\" readability=\"8\"><noscript><picture class=\"bbc-yfiktt e1enwo3v1\"><source srcset=\"http:\/\/nuevacordoba.net\/wp-content\/uploads\/2022\/02\/en-espana-la-conquista-de-america-se-ve-como-un-hito-historico-pero-en-realidad-fue-una-brutal-y-sangrienta-invasion-que-deberia-generar-verguenza-8.webp 240w, http:\/\/nuevacordoba.net\/wp-content\/uploads\/2022\/02\/en-espana-la-conquista-de-america-se-ve-como-un-hito-historico-pero-en-realidad-fue-una-brutal-y-sangrienta-invasion-que-deberia-generar-verguenza-9.webp 320w, http:\/\/nuevacordoba.net\/wp-content\/uploads\/2022\/02\/en-espana-la-conquista-de-america-se-ve-como-un-hito-historico-pero-en-realidad-fue-una-brutal-y-sangrienta-invasion-que-deberia-generar-verguenza-10.webp 480w, http:\/\/nuevacordoba.net\/wp-content\/uploads\/2022\/02\/en-espana-la-conquista-de-america-se-ve-como-un-hito-historico-pero-en-realidad-fue-una-brutal-y-sangrienta-invasion-que-deberia-generar-verguenza-11.webp 624w, http:\/\/nuevacordoba.net\/wp-content\/uploads\/2022\/02\/en-espana-la-conquista-de-america-se-ve-como-un-hito-historico-pero-en-realidad-fue-una-brutal-y-sangrienta-invasion-que-deberia-generar-verguenza-12.webp 800w\" type=\"image\/webp\"><source srcset=\"https:\/\/ichef.bbci.co.uk\/news\/240\/cpsprodpb\/10C3E\/production\/_123107686_gettyimages-1219343277.jpg 240w, https:\/\/ichef.bbci.co.uk\/news\/320\/cpsprodpb\/10C3E\/production\/_123107686_gettyimages-1219343277.jpg 320w, https:\/\/ichef.bbci.co.uk\/news\/480\/cpsprodpb\/10C3E\/production\/_123107686_gettyimages-1219343277.jpg 480w, https:\/\/ichef.bbci.co.uk\/news\/624\/cpsprodpb\/10C3E\/production\/_123107686_gettyimages-1219343277.jpg 624w, https:\/\/ichef.bbci.co.uk\/news\/800\/cpsprodpb\/10C3E\/production\/_123107686_gettyimages-1219343277.jpg 800w\" type=\"image\/jpeg\"><img loading=\"lazy\" src=\"http:\/\/nuevacordoba.net\/wp-content\/uploads\/2022\/02\/en-espana-la-conquista-de-america-se-ve-como-un-hito-historico-pero-en-realidad-fue-una-brutal-y-sangrienta-invasion-que-deberia-generar-verguenza-3.jpg\" alt=\"La estrangulaci\u00f3n del rey inca Atahualpa a manos de Francisco Pizarro\" sizes=\"(min-width: 1008px) 645px, 100vw\" width=\"976\" height=\"549\" class=\"eehpdyc0 bbc-rb7xa0 e1enwo3v0\"><\/picture><\/noscript><\/p>\n<p role=\"text\" class=\"bbc-1s1cxbv etq3yw90\"><span class=\"bbc-1gnhmg2 e1yt7oin0\">Fuente de la imagen, <\/span><span lang=\"en-GB\">Getty Images<\/span><\/p>\n<\/div>\n<\/div>\n<div dir=\"ltr\" class=\"bbc-3edg7g e57qer20\" readability=\"6\"><figcaption dir=\"ltr\" class=\"bbc-1t9zlwf eede9f50\" readability=\"2\"><span class=\"bbc-1gnhmg2 e1yt7oin0\">Pie de foto, <\/span><\/p>\n<p>La tortura fue una pr\u00e1ctica extendida en la conquista de Am\u00e9rica<\/p>\n<\/figcaption><\/div>\n<\/div>\n<\/figure>\n<\/div>\n<\/div>\n<div dir=\"ltr\" class=\"bbc-19j92fr e57qer20\" readability=\"13\">\n<p dir=\"ltr\" class=\"bbc-bm53ic e1cc2ql70\">No, se utiliz\u00f3 por parte de much\u00edsima gente, sobre todo al principio de la invasi\u00f3n de Am\u00e9rica. Era un tipo de ejecuci\u00f3n que se reservaba sobre todo para los caciques. Porque si se ejecutaba al jefe de una comunidad, de un territorio, de nuevo se estaba mandando un mensaje muy claro. <\/p>\n<\/div>\n<div dir=\"ltr\" class=\"bbc-19j92fr e57qer20\" readability=\"9\">\n<p dir=\"ltr\" class=\"bbc-bm53ic e1cc2ql70\">Al ver el terrible fin que hab\u00eda tenido una persona de su mismo status, otros caciques dejaban de tener ganas de rebelarse. <\/p>\n<\/div>\n<div dir=\"ltr\" class=\"bbc-19j92fr e57qer20\" readability=\"9\">\n<p dir=\"ltr\" class=\"bbc-bm53ic e1cc2ql70\">Las ejecuciones en la hoguera se emplearon mucho en la conquista de las Antillas, en especial en Santo Domingo. Tanto Pizarro como Cort\u00e9s las utilizaron en situaciones espec\u00edficas. <\/p>\n<\/div>\n<div dir=\"ltr\" class=\"bbc-19j92fr e57qer20\" readability=\"11\">\n<p dir=\"ltr\" class=\"bbc-bm53ic e1cc2ql70\">Cort\u00e9s no dud\u00f3, por ejemplo, en quemar vivos a un gran jefe mexica y a algunos de sus correligionarios para demostrarle precisamente a Moctezuma y al resto de la sociedad mexica que no tolerar\u00eda ninguna revuelta ni acci\u00f3n en contra de los intereses espa\u00f1oles. <\/p>\n<\/div>\n<div dir=\"ltr\" class=\"bbc-19j92fr e57qer20\" readability=\"7\">\n<p dir=\"ltr\" class=\"bbc-bm53ic e1cc2ql70\"><b>Tambi\u00e9n habla de los empalamientos\u2026 <\/b><\/p>\n<\/div>\n<div dir=\"ltr\" class=\"bbc-19j92fr e57qer20\" readability=\"10\">\n<p dir=\"ltr\" class=\"bbc-bm53ic e1cc2ql70\">Esa pr\u00e1ctica no era tan habitual, no he encontrado muchas menciones a ella, aparece sobre todo en algunas cr\u00f3nicas sobre la conquista de Venezuela. <\/p>\n<\/div>\n<div dir=\"ltr\" class=\"bbc-19j92fr e57qer20\" readability=\"10\">\n<p dir=\"ltr\" class=\"bbc-bm53ic e1cc2ql70\">El empalamiento parece ser que se empleaba con el objetivo de denigrar a una persona y que se asocia sobre todo al emperador Manco Inca, quien se levant\u00f3 contra Pizarro y organiz\u00f3 una revuelta para intentar recuperar Cuzco en 1536-1537. <\/p>\n<\/div>\n<div dir=\"ltr\" class=\"bbc-19j92fr e57qer20\" readability=\"14\">\n<p dir=\"ltr\" class=\"bbc-bm53ic e1cc2ql70\">Manco Inca fue derrotado en esa ocasi\u00f3n y se retir\u00f3 a un territorio cercano, a Vilcabamba, y desde all\u00ed organiz\u00f3 durante muchos a\u00f1os la guerra contra los espa\u00f1oles y sus aliados abor\u00edgenes, sobre todo en los pueblos indios huancas. Leyendo a los cronistas, parece ser que era Manco Inca quien utilizaba sistem\u00e1ticamente los empalamientos. <\/p>\n<\/div>\n<div dir=\"ltr\" class=\"bbc-19j92fr e57qer20\" readability=\"9\">\n<p dir=\"ltr\" class=\"bbc-bm53ic e1cc2ql70\">Pero es obvio que los propios espa\u00f1oles y sus aliados indios tambi\u00e9n la utilizaban. Yo he localizado empalamientos cometidos muy puntualmente por los espa\u00f1oles en Nueva Granada, Venezuela y Per\u00fa. <\/p>\n<\/div>\n<div dir=\"ltr\" class=\"bbc-19j92fr e57qer20\" readability=\"9\">\n<p dir=\"ltr\" class=\"bbc-bm53ic e1cc2ql70\">El empalamiento se pod\u00eda llevar a cabo con el cuerpo de una persona ca\u00edda en combate o bien con alguien vivo, yo he encontrado los dos casos. <\/p>\n<\/div>\n<div dir=\"ltr\" class=\"bbc-19j92fr e57qer20\" readability=\"7\">\n<p dir=\"ltr\" class=\"bbc-bm53ic e1cc2ql70\"><b>\u00bfFueron habituales las masacres en la conquista de Am\u00e9rica? <\/b><\/p>\n<\/div>\n<div dir=\"ltr\" class=\"ek1plzs1 bbc-9m7iam e57qer20\">\n<figure class=\"bbc-1qdcvv9 e6bmn90\">\n<div dir=\"ltr\" class=\"bbc-vx18wi e57qer20\">\n<div dir=\"ltr\" class=\"bbc-rprdln e57qer20\" readability=\"6.5\">\n<div data-e2e=\"image-placeholder\" class=\"bbc-997y1y e1whu0\" readability=\"8\"><noscript><picture class=\"bbc-yfiktt e1enwo3v1\"><source srcset=\"http:\/\/nuevacordoba.net\/wp-content\/uploads\/2022\/02\/en-espana-la-conquista-de-america-se-ve-como-un-hito-historico-pero-en-realidad-fue-una-brutal-y-sangrienta-invasion-que-deberia-generar-verguenza-13.webp 240w, http:\/\/nuevacordoba.net\/wp-content\/uploads\/2022\/02\/en-espana-la-conquista-de-america-se-ve-como-un-hito-historico-pero-en-realidad-fue-una-brutal-y-sangrienta-invasion-que-deberia-generar-verguenza-14.webp 320w, http:\/\/nuevacordoba.net\/wp-content\/uploads\/2022\/02\/en-espana-la-conquista-de-america-se-ve-como-un-hito-historico-pero-en-realidad-fue-una-brutal-y-sangrienta-invasion-que-deberia-generar-verguenza-15.webp 480w, http:\/\/nuevacordoba.net\/wp-content\/uploads\/2022\/02\/en-espana-la-conquista-de-america-se-ve-como-un-hito-historico-pero-en-realidad-fue-una-brutal-y-sangrienta-invasion-que-deberia-generar-verguenza-16.webp 624w, http:\/\/nuevacordoba.net\/wp-content\/uploads\/2022\/02\/en-espana-la-conquista-de-america-se-ve-como-un-hito-historico-pero-en-realidad-fue-una-brutal-y-sangrienta-invasion-que-deberia-generar-verguenza-17.webp 800w\" type=\"image\/webp\"><source srcset=\"https:\/\/ichef.bbci.co.uk\/news\/240\/cpsprodpb\/25C6\/production\/_123107690_gettyimages-173506567.jpg 240w, https:\/\/ichef.bbci.co.uk\/news\/320\/cpsprodpb\/25C6\/production\/_123107690_gettyimages-173506567.jpg 320w, https:\/\/ichef.bbci.co.uk\/news\/480\/cpsprodpb\/25C6\/production\/_123107690_gettyimages-173506567.jpg 480w, https:\/\/ichef.bbci.co.uk\/news\/624\/cpsprodpb\/25C6\/production\/_123107690_gettyimages-173506567.jpg 624w, https:\/\/ichef.bbci.co.uk\/news\/800\/cpsprodpb\/25C6\/production\/_123107690_gettyimages-173506567.jpg 800w\" type=\"image\/jpeg\"><img loading=\"lazy\" src=\"http:\/\/nuevacordoba.net\/wp-content\/uploads\/2022\/02\/en-espana-la-conquista-de-america-se-ve-como-un-hito-historico-pero-en-realidad-fue-una-brutal-y-sangrienta-invasion-que-deberia-generar-verguenza-4.jpg\" alt=\"Hern\u00e1n Cort\u00e9s\" sizes=\"(min-width: 1008px) 645px, 100vw\" width=\"1536\" height=\"1953\" class=\"eehpdyc0 bbc-rb7xa0 e1enwo3v0\"><\/picture><\/noscript><\/p>\n<p role=\"text\" class=\"bbc-1s1cxbv etq3yw90\"><span class=\"bbc-1gnhmg2 e1yt7oin0\">Fuente de la imagen, <\/span><span lang=\"en-GB\">Getty Images<\/span><\/p>\n<\/div>\n<\/div>\n<div dir=\"ltr\" class=\"bbc-3edg7g e57qer20\" readability=\"6.5\"><figcaption dir=\"ltr\" class=\"bbc-1t9zlwf eede9f50\" readability=\"3\"><span class=\"bbc-1gnhmg2 e1yt7oin0\">Pie de foto, <\/span><\/p>\n<p>Las pr\u00e1cticas como la quema de personas fueron utilizadas por muchos conquistadores como Hern\u00e1n Cort\u00e9s<\/p>\n<\/figcaption><\/div>\n<\/div>\n<\/figure>\n<\/div>\n<div dir=\"ltr\" class=\"bbc-19j92fr e57qer20\" readability=\"11\">\n<p dir=\"ltr\" class=\"bbc-bm53ic e1cc2ql70\">Las masacres tuvieron lugar en determinadas circunstancias y por motivos variados: porque, por ejemplo, uno de los lugartenientes espa\u00f1oles o directamente los grandes caudillos entienden que se tiene que dar un gran escarmiento. <\/p>\n<\/div>\n<div dir=\"ltr\" class=\"bbc-19j92fr e57qer20\" readability=\"13\">\n<p dir=\"ltr\" class=\"bbc-bm53ic e1cc2ql70\">Es el caso de Alonso de Ojeda que, cuando est\u00e1 intentando conquistar Nueva Andaluc\u00eda, hoy la costa de Colombia, recurre a las masacres, y tambi\u00e9n tenemos alg\u00fan ejemplo de masacre en la conquista de Cuba. <\/p>\n<\/div>\n<div dir=\"ltr\" class=\"bbc-19j92fr e57qer20\" readability=\"10\">\n<p dir=\"ltr\" class=\"bbc-bm53ic e1cc2ql70\">Asimismo Cort\u00e9s emprende masacres muy, muy importantes; por ejemplo en la de la ciudad de Cholula, justo antes de entrar en Ciudad de M\u00e9xico. <\/p>\n<\/div>\n<div dir=\"ltr\" class=\"bbc-19j92fr e57qer20\" readability=\"8\">\n<p dir=\"ltr\" class=\"bbc-bm53ic e1cc2ql70\">En la ciudad de Cholula tuvo lugar una masacre que hoy est\u00e1 muy bien documentada en la que pudieron morir entre 2.000 y 6.000 personas. <\/p>\n<\/div>\n<div dir=\"ltr\" class=\"bbc-19j92fr e57qer20\" readability=\"14\">\n<p dir=\"ltr\" class=\"bbc-bm53ic e1cc2ql70\">Tambi\u00e9n cuando Pizarro captur\u00f3 a Atahualpa en la ciudad de Cajamarca se puede hablar de masacre, hubo una reacci\u00f3n contra el s\u00e9quito de Atahualpa y se produjeron bastantes muertes. Pero parece que en ese suceso hay determinados cronistas que tratan de limpiar la imagen de Pizarro, porque seg\u00fan su versi\u00f3n de lo sucedido fue el propio Pizarro el que fren\u00f3 el impulso de su gente de seguir matando, y aun as\u00ed probablemente murieron varios cientos de personas, quiz\u00e1s miles de personas. <\/p>\n<\/div>\n<div dir=\"ltr\" class=\"bbc-19j92fr e57qer20\" readability=\"14\">\n<p dir=\"ltr\" class=\"bbc-bm53ic e1cc2ql70\">Hay cronistas que dicen que los hombres de Pizarro le pidieron permiso para comenzar a cortar las manos a los enemigos, y que Pizarro les dijo que no, que ya era suficiente, que no era el momento. Por la propia adrenalina que generan estas situaciones de violencia, la gente iba a m\u00e1s y Pizarro los fren\u00f3 porque era oportuno. <\/p>\n<\/div>\n<div dir=\"ltr\" class=\"bbc-19j92fr e57qer20\" readability=\"11\">\n<p dir=\"ltr\" class=\"bbc-bm53ic e1cc2ql70\">Pero en las cr\u00f3nicas s\u00ed que se encuentran pasajes sobre el uso sistem\u00e1tico de matanzas, matanzas de mayor o menor grado, pero matanzas al fin y al cabo. Las hubo en Chile, en Yucat\u00e1n\u2026 <\/p>\n<\/div>\n<div dir=\"ltr\" class=\"bbc-19j92fr e57qer20\" readability=\"10\">\n<p dir=\"ltr\" class=\"bbc-bm53ic e1cc2ql70\">La primera conquista de Yucat\u00e1n es especialmente terrible, se usaron las matanzas porque hab\u00eda una resistencia fuerte. Hubo grandes p\u00e9rdidas de vidas humanas en los combates y en las matanzas posteriores a los combates. <\/p>\n<\/div>\n<div dir=\"ltr\" class=\"bbc-19j92fr e57qer20\" readability=\"9\">\n<p dir=\"ltr\" class=\"bbc-bm53ic e1cc2ql70\"><b>Dice usted que tambi\u00e9n los conquistadores recurrieron a las violaciones de mujeres como arma de guerra para sembrar el terror. Algunas de esas violaciones de mujeres incluso se comet\u00edan delante de sus maridos y de sus padres. <\/b><\/p>\n<\/div>\n<div dir=\"ltr\" class=\"bbc-19j92fr e57qer20\" readability=\"11\">\n<p dir=\"ltr\" class=\"bbc-bm53ic e1cc2ql70\">En algunas ocasiones as\u00ed ocurri\u00f3, pero son cuestiones mucho m\u00e1s dif\u00edciles de documentar, porque en la documentaci\u00f3n de la \u00e9poca las mujeres no aparecen al nivel que uno desear\u00eda. En la documentaci\u00f3n las menciones a las mujeres son bastante escasas. <\/p>\n<\/div>\n<div dir=\"ltr\" class=\"bbc-19j92fr e57qer20\" readability=\"12\">\n<p dir=\"ltr\" class=\"bbc-bm53ic e1cc2ql70\">Y las mujeres abor\u00edgenes pr\u00e1cticamente ni aparecen. En todo caso, las que aparecen son las mujeres asociadas con la \u00e9lite aborigen, que son las que pueden ser objeto de intercambio pol\u00edtico, se pod\u00edan ofrecer al grupo hispano para mantener una buena relaci\u00f3n con \u00e9l. <\/p>\n<\/div>\n<div dir=\"ltr\" class=\"bbc-19j92fr e57qer20\" readability=\"13\">\n<p dir=\"ltr\" class=\"bbc-bm53ic e1cc2ql70\">Algunos testimonios de Bernal D\u00edaz del Castillo y de otros cronistas hablan, en la conquista de M\u00e9xico, de que Cort\u00e9s tuvo que dictar una ordenanza para obligar a sus hombres a seguir una serie de preceptos a la hora de hacer la guerra. Y eso inclu\u00eda no molestar a las mujeres de los indios aliados, con lo que se dejaba el campo libre para molestar a las mujeres de los enemigos.<\/p>\n<\/div>\n<div dir=\"ltr\" class=\"bbc-19j92fr e57qer20\" readability=\"14\">\n<p dir=\"ltr\" class=\"bbc-bm53ic e1cc2ql70\">Adem\u00e1s, una de las formas de compensar a los soldados cuando todav\u00eda no se pod\u00eda repartir un bot\u00edn en objetos, en oro y plata era permitir hacer esclavos a los varones, que evidentemente ten\u00edan un valor, y tambi\u00e9n hacer esclavas a mujeres, que ten\u00edan otro tipo de valor. <\/p>\n<\/div>\n<div dir=\"ltr\" class=\"bbc-19j92fr e57qer20\" readability=\"15\">\n<p dir=\"ltr\" class=\"bbc-bm53ic e1cc2ql70\">D\u00edaz del Castillo recoge, por ejemplo, que la tropa, los participantes en la conquista que no son altos oficiales, se quejaban de que las mujeres esclavizadas m\u00e1s bellas son ojeadas y r\u00e1pidamente apartadas porque eran para uso y disfrute de la oficialidad, y el resto de las mujeres ya se repart\u00edan entre los dem\u00e1s. <\/p>\n<\/div>\n<div dir=\"ltr\" class=\"bbc-19j92fr e57qer20\" readability=\"13\">\n<p dir=\"ltr\" class=\"bbc-bm53ic e1cc2ql70\">Todo eso existi\u00f3, pero es muy dif\u00edcil de documentar. Hay algunas voces cr\u00edticas -alg\u00fan jurista, alg\u00fan miembro de la Iglesia- que s\u00ed hacen referencia a esas circunstancias, y que son especialmente terribles. Hay autores que han encontrado expedientes de determinados personajes que hoy d\u00eda considerar\u00edamos directamente pederastas. <\/p>\n<\/div>\n<div dir=\"ltr\" class=\"bbc-19j92fr e57qer20\" readability=\"8\">\n<p dir=\"ltr\" class=\"bbc-bm53ic e1cc2ql70\"><b>\u00bfPor qu\u00e9 todas esas pr\u00e1cticas de las que usted habla no se ense\u00f1an en los colegios espa\u00f1oles? \u00bfPor qu\u00e9 la poblaci\u00f3n espa\u00f1ola desconoce el nivel de crueldad de los conquistadores de Am\u00e9rica? <\/b><\/p>\n<\/div>\n<div dir=\"ltr\" class=\"bbc-19j92fr e57qer20\" readability=\"9\">\n<p dir=\"ltr\" class=\"bbc-bm53ic e1cc2ql70\">Yo creo que porque todav\u00eda somos rehenes de la historia imperial maravillosa, hay de hecho alg\u00fan autor que ha hablado de la historia sagrada de la conquista de Am\u00e9rica.<\/p>\n<\/div>\n<div dir=\"ltr\" class=\"bbc-19j92fr e57qer20\" readability=\"11\">\n<p dir=\"ltr\" class=\"bbc-bm53ic e1cc2ql70\">Eso nos viene de la \u00e9poca franquista, el r\u00e9gimen franquista pretendi\u00f3 -y consigui\u00f3- desarrollar una historia imperial de la conquista de Am\u00e9rica, jugando con la baza de que el final del siglo XV y todo el siglo XVI es el gran momento de la monarqu\u00eda hisp\u00e1nica. <\/p>\n<\/div>\n<div dir=\"ltr\" class=\"bbc-19j92fr e57qer20\" readability=\"12\">\n<p dir=\"ltr\" class=\"bbc-bm53ic e1cc2ql70\">Y, en ese contexto, se consideraba que no se pod\u00eda ensombrecer un asunto tan trascendente para la historia de la humanidad como es el descubrimiento de Am\u00e9rica revelando las f\u00f3rmulas que se utilizaron para esa invasi\u00f3n, conquista y asentamiento. <\/p>\n<\/div>\n<div dir=\"ltr\" class=\"bbc-19j92fr e57qer20\" readability=\"10\">\n<p dir=\"ltr\" class=\"bbc-bm53ic e1cc2ql70\">El franquismo se apropi\u00f3 de la historia de Espa\u00f1a con fines ideol\u00f3gicos, y ocult\u00f3 los elementos m\u00e1s terribles que toda invasi\u00f3n, conquista e imperialismo conlleva. Y esa idea perdura hasta hoy. <\/p>\n<\/div>\n<div dir=\"ltr\" class=\"bbc-19j92fr e57qer20\" readability=\"17\">\n<p dir=\"ltr\" class=\"bbc-bm53ic e1cc2ql70\">El rey Felipe VI, que recientemente viaj\u00f3 a Puerto Rico con motivo de los 500 a\u00f1os de la fundaci\u00f3n de San Juan de Puerto Rico, sigue con este discurso t\u00edpico de que Espa\u00f1a llev\u00f3 a Am\u00e9rica la civilizaci\u00f3n, la cultura, la lengua, la religi\u00f3n, la tecnolog\u00eda y la palabra libertad. Porque encima cuentan c\u00f3mo los conquistadores se aliaron con algunos grupos abor\u00edgenes para luchar contra otros grupos dominantes que los ten\u00edan sometidos, y que por lo tanto \u00abliberaron\u00bb a esas poblaciones. <\/p>\n<\/div>\n<div dir=\"ltr\" class=\"bbc-19j92fr e57qer20\">\n<p dir=\"ltr\" class=\"bbc-bm53ic e1cc2ql70\"><b>\u00bfY no es verdad? <\/b><\/p>\n<\/div>\n<div dir=\"ltr\" class=\"bbc-19j92fr e57qer20\" readability=\"12\">\n<p dir=\"ltr\" class=\"bbc-bm53ic e1cc2ql70\">Liberaron a las \u00e9lites de esas poblaciones. A aquellos grupos que se aliaron con los espa\u00f1oles y se enfrentaron a los mexicas o a los incas para intentar no estar sometidos a ellos, de vivir mejor en el sentido de no estar sometidos a estos, les fue muy bien. Pero solamente a esas gentes. A todo el resto de sociedades abor\u00edgenes les fue terriblemente mal. <\/p>\n<\/div>\n<div dir=\"ltr\" class=\"bbc-19j92fr e57qer20\" readability=\"9\">\n<p dir=\"ltr\" class=\"bbc-bm53ic e1cc2ql70\"><b>Uno de los argumentos a los que recurren los defensores de la conquista de Am\u00e9rica Latina es que all\u00ed hubo mestizaje, mientras que en la Am\u00e9rica de Norte no lo hubo\u2026 <\/b><\/p>\n<\/div>\n<div dir=\"ltr\" class=\"bbc-19j92fr e57qer20\" readability=\"9\">\n<p dir=\"ltr\" class=\"bbc-bm53ic e1cc2ql70\">Es cierto que el mestizaje en Am\u00e9rica Latina es muy alto. Pero es err\u00f3neo pensar en ese mestizaje como algo positivo para las dos partes, cuando fue algo m\u00e1s bien impuesto por los espa\u00f1oles. <\/p>\n<\/div>\n<div dir=\"ltr\" class=\"bbc-19j92fr e57qer20\" readability=\"12\">\n<p dir=\"ltr\" class=\"bbc-bm53ic e1cc2ql70\">En el siglo XVI s\u00f3lo el 20% -el 25% como m\u00e1ximo- de la poblaci\u00f3n espa\u00f1ola que se asent\u00f3 en Am\u00e9rica eran mujeres. El resto eran hombres, casi todos ellos j\u00f3venes. Y si la poblaci\u00f3n espa\u00f1ola en Am\u00e9rica Latina estaba formada por un alto porcentaje de hombres j\u00f3venes y el n\u00famero de mujeres era muy peque\u00f1o, es l\u00f3gico que hubiera mestizaje. <\/p>\n<\/div>\n<div dir=\"ltr\" class=\"bbc-19j92fr e57qer20\" readability=\"14\">\n<p dir=\"ltr\" class=\"bbc-bm53ic e1cc2ql70\">Fue una colonizaci\u00f3n muy distinta en ese sentido a la que llev\u00f3 cabo Inglaterra en el siglo XVII y sobre todo en el XVIII en las colonias de Norteam\u00e9rica, donde las personas que se trasladaron a esos territorios eran con frecuencia familias enteras. Adem\u00e1s, por una cuesti\u00f3n de religi\u00f3n y de raza, esa gente no quer\u00eda mezclarse con los indios, rechazan a los indios. <\/p>\n<\/div>\n<div dir=\"ltr\" class=\"bbc-19j92fr e57qer20\" readability=\"9\">\n<p dir=\"ltr\" class=\"bbc-bm53ic e1cc2ql70\"><b>Otro de los argumentos que esgrimen los defensores de la conquista de Am\u00e9rica es que fue heroico solo un pu\u00f1ado de hombres pudieran conquistar todos esos territorios. \u00bfSe consigui\u00f3 por medio de una crueldad extrema? <\/b><\/p>\n<\/div>\n<div dir=\"ltr\" class=\"bbc-1ka88fa e57qer20\">\n<figure class=\"bbc-1qdcvv9 e6bmn90\">\n<div dir=\"ltr\" class=\"bbc-172p16q e57qer20\">\n<div dir=\"ltr\" class=\"bbc-189y18v e57qer20\" readability=\"6.5\">\n<div data-e2e=\"image-placeholder\" class=\"bbc-997y1y e1whu0\" readability=\"8\"><noscript><picture class=\"bbc-yfiktt e1enwo3v1\"><source srcset=\"http:\/\/nuevacordoba.net\/wp-content\/uploads\/2022\/02\/en-espana-la-conquista-de-america-se-ve-como-un-hito-historico-pero-en-realidad-fue-una-brutal-y-sangrienta-invasion-que-deberia-generar-verguenza-18.webp 240w, http:\/\/nuevacordoba.net\/wp-content\/uploads\/2022\/02\/en-espana-la-conquista-de-america-se-ve-como-un-hito-historico-pero-en-realidad-fue-una-brutal-y-sangrienta-invasion-que-deberia-generar-verguenza-19.webp 320w, http:\/\/nuevacordoba.net\/wp-content\/uploads\/2022\/02\/en-espana-la-conquista-de-america-se-ve-como-un-hito-historico-pero-en-realidad-fue-una-brutal-y-sangrienta-invasion-que-deberia-generar-verguenza-20.webp 480w, http:\/\/nuevacordoba.net\/wp-content\/uploads\/2022\/02\/en-espana-la-conquista-de-america-se-ve-como-un-hito-historico-pero-en-realidad-fue-una-brutal-y-sangrienta-invasion-que-deberia-generar-verguenza-21.webp 624w, http:\/\/nuevacordoba.net\/wp-content\/uploads\/2022\/02\/en-espana-la-conquista-de-america-se-ve-como-un-hito-historico-pero-en-realidad-fue-una-brutal-y-sangrienta-invasion-que-deberia-generar-verguenza-22.webp 800w\" type=\"image\/webp\"><source srcset=\"https:\/\/ichef.bbci.co.uk\/news\/240\/cpsprodpb\/6ED2\/production\/_123107382_gettyimages-1286821953.jpg 240w, https:\/\/ichef.bbci.co.uk\/news\/320\/cpsprodpb\/6ED2\/production\/_123107382_gettyimages-1286821953.jpg 320w, https:\/\/ichef.bbci.co.uk\/news\/480\/cpsprodpb\/6ED2\/production\/_123107382_gettyimages-1286821953.jpg 480w, https:\/\/ichef.bbci.co.uk\/news\/624\/cpsprodpb\/6ED2\/production\/_123107382_gettyimages-1286821953.jpg 624w, https:\/\/ichef.bbci.co.uk\/news\/800\/cpsprodpb\/6ED2\/production\/_123107382_gettyimages-1286821953.jpg 800w\" type=\"image\/jpeg\"><img loading=\"lazy\" src=\"http:\/\/nuevacordoba.net\/wp-content\/uploads\/2022\/02\/en-espana-la-conquista-de-america-se-ve-como-un-hito-historico-pero-en-realidad-fue-una-brutal-y-sangrienta-invasion-que-deberia-generar-verguenza-5.jpg\" alt=\"Los s\u00fabditos de Moctezuma hiriendo al emperador\" sizes=\"(min-width: 1008px) 645px, 100vw\" width=\"976\" height=\"549\" class=\"eehpdyc0 bbc-rb7xa0 e1enwo3v0\"><\/picture><\/noscript><\/p>\n<p role=\"text\" class=\"bbc-1s1cxbv etq3yw90\"><span class=\"bbc-1gnhmg2 e1yt7oin0\">Fuente de la imagen, <\/span><span lang=\"en-GB\">Getty Images<\/span><\/p>\n<\/div>\n<\/div>\n<div dir=\"ltr\" class=\"bbc-3edg7g e57qer20\" readability=\"6\"><figcaption dir=\"ltr\" class=\"bbc-1t9zlwf eede9f50\" readability=\"2\"><span class=\"bbc-1gnhmg2 e1yt7oin0\">Pie de foto, <\/span><\/p>\n<p>Los conquistadores se aliaban con grupos ind\u00edgenas para poder ganar sus batallas<\/p>\n<\/figcaption><\/div>\n<\/div>\n<\/figure>\n<\/div>\n<div dir=\"ltr\" class=\"bbc-19j92fr e57qer20\" readability=\"13\">\n<p dir=\"ltr\" class=\"bbc-bm53ic e1cc2ql70\">Por un lado, es cierto que hubo crueldad extrema, violencia extrema y terror, sobre todo en el comienzo, cuando los conquistadores tuvieron que imponerse a la fuerza a grupos humanos mucho m\u00e1s numerosos para poder sobrevivir. Y muchos murieron por el camino. <\/p>\n<\/div>\n<div dir=\"ltr\" class=\"bbc-19j92fr e57qer20\" readability=\"13\">\n<p dir=\"ltr\" class=\"bbc-bm53ic e1cc2ql70\">Pero los conquistadores tambi\u00e9n se dieron cuenta de que necesitaban aliarse con algunos grupos indios de territorios como M\u00e9xico, Per\u00fa, etc\u00e9tera, porque si no la guerra no la iban a ganar nunca. Otra de las falacias que nos ha contado el franquismo es el aspecto heroico de que con muy reducidas huestes se consigui\u00f3 conquistar todo un continente. <\/p>\n<\/div>\n<div dir=\"ltr\" class=\"bbc-19j92fr e57qer20\" readability=\"12\">\n<p dir=\"ltr\" class=\"bbc-bm53ic e1cc2ql70\">Cort\u00e9s empez\u00f3 la conquista de M\u00e9xico con 600 hombres y llega a tener 2.200. Pizarro, por su parte, consigue la conquista de Per\u00fa con menos de 600 hombres europeos. Lo que hasta hace relativamente poco tiempo no nos hab\u00edan explicado es que fue absolutamente necesaria la fuerza de los aliados abor\u00edgenes para derrotar al imperio Mexica y al imperio Inca. <\/p>\n<\/div>\n<div dir=\"ltr\" class=\"bbc-19j92fr e57qer20\" readability=\"10\">\n<p dir=\"ltr\" class=\"bbc-bm53ic e1cc2ql70\">Sin la ayuda de lo que en las cr\u00f3nicas llaman aliados, auxiliares o indios amigos, es imposible que los espa\u00f1oles hubiesen vencido en esos conflictos. <\/p>\n<\/div>\n<div dir=\"ltr\" class=\"bbc-19j92fr e57qer20\" readability=\"10\">\n<p dir=\"ltr\" class=\"bbc-bm53ic e1cc2ql70\">En sociedades m\u00e1s reducidas como las Antillas pudieron m\u00e1s o menos asentarse con los efectivos hispanos. Y en zonas como lo que hoy es Panam\u00e1 no lo habr\u00edan conseguido si no hubiera sido por el uso masivo del terror. Uno de los primeros en utilizar de manera abundante el aperreamiento del que habl\u00e1bamos antes fue N\u00fa\u00f1ez de Balboa en la zona del Panam\u00e1 actual. <\/p>\n<\/div>\n<div dir=\"ltr\" class=\"bbc-19j92fr e57qer20\" readability=\"8\">\n<p dir=\"ltr\" class=\"bbc-bm53ic e1cc2ql70\"><b>Muchos aseguran que murieron muchos m\u00e1s indios a causas de las enfermedades que llevaron espa\u00f1oles que por su violencia. \u00bfEs verdad? <\/b><\/p>\n<\/div>\n<div dir=\"ltr\" class=\"bbc-19j92fr e57qer20\" readability=\"11\">\n<p dir=\"ltr\" class=\"bbc-bm53ic e1cc2ql70\">Se puede decir que s\u00ed. Las epidemias y enfermedades desconocidas afectaron tanto a la poblaci\u00f3n aborigen como a los conquistadores, aunque a estos \u00faltimos en un grado mucho m\u00e1s reducido, y provocaron en la poblaci\u00f3n local una mortandad que dif\u00edcilmente con las armas se pudo conseguir.<\/p>\n<\/div>\n<div dir=\"ltr\" class=\"bbc-19j92fr e57qer20\" readability=\"14\">\n<p dir=\"ltr\" class=\"bbc-bm53ic e1cc2ql70\">Pero lo que es importante tener en cuenta es que las enfermedades y epidemias se desataron cuando ya se hab\u00edan iniciado los conflictos y la guerra, cuando ya se hab\u00eda producido un gran quebranto de la poblaci\u00f3n, cuando ya se hab\u00eda impuesto un sistema colonial que se caracterizaba por explotar, muchas veces hasta la muerte, a las personas\u2026 <\/p>\n<\/div>\n<div dir=\"ltr\" class=\"bbc-19j92fr e57qer20\" readability=\"11\">\n<p dir=\"ltr\" class=\"bbc-bm53ic e1cc2ql70\">Es en este contexto de destrucci\u00f3n de una sociedad, de destrucci\u00f3n de una religi\u00f3n y de desestructuraci\u00f3n de la vida de las personas cuando llegaron las enfermedades, provocando a\u00fan m\u00e1s muertes y m\u00e1s destrucci\u00f3n. <\/p>\n<\/div>\n<div dir=\"ltr\" class=\"bbc-19j92fr e57qer20\" readability=\"11\">\n<p dir=\"ltr\" class=\"bbc-bm53ic e1cc2ql70\"><b>El presidente de M\u00e9xico, Andr\u00e9s Manuel L\u00f3pez Obrador, reclama que Espa\u00f1a pida perd\u00f3n por la conquista de Am\u00e9rica, de la invasi\u00f3n de Am\u00e9rica. \u00bfCree que Espa\u00f1a deber\u00eda hacerlo? <\/b><\/p>\n<\/div>\n<div dir=\"ltr\" class=\"bbc-19j92fr e57qer20\" readability=\"11\">\n<p dir=\"ltr\" class=\"bbc-bm53ic e1cc2ql70\">Quiz\u00e1s el t\u00e9rmino perd\u00f3n es un poco excesivo. Yo me conformar\u00eda con que desde el Estado espa\u00f1ol se pidieran disculpas p\u00fablicamente por buena parte de lo ocurrido hace 500 a\u00f1os, reconociendo que se cometieron excesos t\u00edpicos de cualquier imperialismo, tanto anterior como posterior. <\/p>\n<\/div>\n<div dir=\"ltr\" class=\"bbc-19j92fr e57qer20\" readability=\"14\">\n<p dir=\"ltr\" class=\"bbc-bm53ic e1cc2ql70\">Los norteamericanos llevaron a cabo masacres contra la poblaci\u00f3n aborigen en el siglo XIX, los brit\u00e1nicos cometieron aut\u00e9nticas barbaridades en Australia, los turcos cometieron un genocidio contra los armenios, los alemanes cometieron genocidios en \u00c1frica, Leopoldo II de B\u00e9lgica cometi\u00f3 un terrible genocidio en el Congo\u2026 <\/p>\n<\/div>\n<div dir=\"ltr\" class=\"bbc-19j92fr e57qer20\" readability=\"11\">\n<p dir=\"ltr\" class=\"bbc-bm53ic e1cc2ql70\">Pero nosotros tambi\u00e9n hicimos muchas barbaridades. Nosotros, los espa\u00f1oles, no somos mejores ni peores que los dem\u00e1s, nos comportamos exactamente igual que cualquier otro imperialismo. <\/p>\n<\/div>\n<div dir=\"ltr\" class=\"bbc-19j92fr e57qer20\" readability=\"7\">\n<p dir=\"ltr\" class=\"bbc-bm53ic e1cc2ql70\"><b>\u00bfHubo un genocidio en Am\u00e9rica Latina por parte de los conquistadores? <\/b><\/p>\n<\/div>\n<div dir=\"ltr\" class=\"bbc-19j92fr e57qer20\" readability=\"10\">\n<p dir=\"ltr\" class=\"bbc-bm53ic e1cc2ql70\">Me cuesta emplear la palabra genocidio para el caso de Am\u00e9rica Latina, porque no hubo voluntad de destrucci\u00f3n y de exterminio como s\u00ed la hubo por ejemplo en el Congo para aquellos que no quer\u00edan trabajar en la extracci\u00f3n del caucho. <\/p>\n<\/div>\n<div dir=\"ltr\" class=\"bbc-19j92fr e57qer20\" readability=\"11\">\n<p dir=\"ltr\" class=\"bbc-bm53ic e1cc2ql70\">El caso espa\u00f1ol en Am\u00e9rica Latina fue bastante distinto, aunque las consecuencias de las pol\u00edticas que se aplicaron all\u00ed acabaron como si de un genocidio se hubiese tratado. Pero no es un genocidio como tal, porque no hab\u00eda voluntad de exterminio. <\/p>\n<\/div>\n<div dir=\"ltr\" class=\"bbc-19j92fr e57qer20\" readability=\"9\">\n<p dir=\"ltr\" class=\"bbc-bm53ic e1cc2ql70\">El indio era la mano de obra b\u00e1sica para el sistema colonialista espa\u00f1ol, si se exterminaba a los indios desaparec\u00eda la mano de obra. <\/p>\n<\/div>\n<div dir=\"ltr\" class=\"bbc-19j92fr e57qer20\" readability=\"12\">\n<p dir=\"ltr\" class=\"bbc-bm53ic e1cc2ql70\">Lo que pasa es que el deseo por enriquecerse fue tan brutal que no vacilaron en aplicar una violencia enorme cuando lo consideraron necesario. Sobre todo al principio, cuando los espa\u00f1oles pensaban que los indios eran un bien inagotable. Luego se dieron cuenta de que no, de que eran un bien escaso. <\/p>\n<\/div>\n<div dir=\"ltr\" class=\"bbc-1ka88fa e57qer20\">\n<figure class=\"bbc-1qdcvv9 e6bmn90\">\n<div dir=\"ltr\" class=\"bbc-172p16q e57qer20\">\n<div dir=\"ltr\" class=\"bbc-189y18v e57qer20\" readability=\"6.5\">\n<div data-e2e=\"image-placeholder\" class=\"bbc-997y1y e1whu0\" readability=\"8\"><noscript><picture class=\"bbc-yfiktt e1enwo3v1\"><source srcset=\"http:\/\/nuevacordoba.net\/wp-content\/uploads\/2022\/02\/en-espana-la-conquista-de-america-se-ve-como-un-hito-historico-pero-en-realidad-fue-una-brutal-y-sangrienta-invasion-que-deberia-generar-verguenza-23.webp 240w, http:\/\/nuevacordoba.net\/wp-content\/uploads\/2022\/02\/en-espana-la-conquista-de-america-se-ve-como-un-hito-historico-pero-en-realidad-fue-una-brutal-y-sangrienta-invasion-que-deberia-generar-verguenza-24.webp 320w, http:\/\/nuevacordoba.net\/wp-content\/uploads\/2022\/02\/en-espana-la-conquista-de-america-se-ve-como-un-hito-historico-pero-en-realidad-fue-una-brutal-y-sangrienta-invasion-que-deberia-generar-verguenza-25.webp 480w, http:\/\/nuevacordoba.net\/wp-content\/uploads\/2022\/02\/en-espana-la-conquista-de-america-se-ve-como-un-hito-historico-pero-en-realidad-fue-una-brutal-y-sangrienta-invasion-que-deberia-generar-verguenza-26.webp 624w, http:\/\/nuevacordoba.net\/wp-content\/uploads\/2022\/02\/en-espana-la-conquista-de-america-se-ve-como-un-hito-historico-pero-en-realidad-fue-una-brutal-y-sangrienta-invasion-que-deberia-generar-verguenza-27.webp 800w\" type=\"image\/webp\"><source srcset=\"https:\/\/ichef.bbci.co.uk\/news\/240\/cpsprodpb\/FD02\/production\/_123107746_estatua.jpg 240w, https:\/\/ichef.bbci.co.uk\/news\/320\/cpsprodpb\/FD02\/production\/_123107746_estatua.jpg 320w, https:\/\/ichef.bbci.co.uk\/news\/480\/cpsprodpb\/FD02\/production\/_123107746_estatua.jpg 480w, https:\/\/ichef.bbci.co.uk\/news\/624\/cpsprodpb\/FD02\/production\/_123107746_estatua.jpg 624w, https:\/\/ichef.bbci.co.uk\/news\/800\/cpsprodpb\/FD02\/production\/_123107746_estatua.jpg 800w\" type=\"image\/jpeg\"><img loading=\"lazy\" src=\"http:\/\/nuevacordoba.net\/wp-content\/uploads\/2022\/02\/en-espana-la-conquista-de-america-se-ve-como-un-hito-historico-pero-en-realidad-fue-una-brutal-y-sangrienta-invasion-que-deberia-generar-verguenza-6.jpg\" alt=\"Estatua del conquistador Hern\u00e1n Cort\u00e9s\" sizes=\"(min-width: 1008px) 645px, 100vw\" width=\"976\" height=\"549\" class=\"eehpdyc0 bbc-rb7xa0 e1enwo3v0\"><\/picture><\/noscript><\/p>\n<p role=\"text\" class=\"bbc-1s1cxbv etq3yw90\"><span class=\"bbc-1gnhmg2 e1yt7oin0\">Fuente de la imagen, <\/span><span lang=\"en-GB\">Jeremy Lightfoot \/ robertharding<\/span><\/p>\n<\/div>\n<\/div>\n<\/div>\n<\/figure>\n<\/div>\n<div dir=\"ltr\" class=\"bbc-19j92fr e57qer20\" readability=\"7\">\n<p dir=\"ltr\" class=\"bbc-bm53ic e1cc2ql70\"><b>\u00bfY qu\u00e9 cambiar\u00eda si Espa\u00f1a pidiera perd\u00f3n?<\/b><\/p>\n<\/div>\n<div dir=\"ltr\" class=\"bbc-19j92fr e57qer20\" readability=\"12\">\n<p dir=\"ltr\" class=\"bbc-bm53ic e1cc2ql70\">Yo creo que en el momento en que en Am\u00e9rica Latina se perciba que hay cierta voluntad por entendernos mejor, por reconocer que se hicieron cosas muy, muy terribles, la presi\u00f3n a la que a veces se somete a la sociedad espa\u00f1ola desde Latinoam\u00e9rica se reducir\u00e1. <\/p>\n<\/div>\n<div dir=\"ltr\" class=\"bbc-19j92fr e57qer20\" readability=\"12\">\n<p dir=\"ltr\" class=\"bbc-bm53ic e1cc2ql70\">Si Espa\u00f1a sigue sin reconocer los excesos que se cometieron, la rapi\u00f1a a la que se someti\u00f3 a todo un continente, etc\u00e9tera, es normal que desde determinados ambientes de Am\u00e9rica Latina si siga reclamando que lo haga. <\/p>\n<\/div>\n<div dir=\"ltr\" class=\"bbc-19j92fr e57qer20\" readability=\"8\">\n<p dir=\"ltr\" class=\"bbc-bm53ic e1cc2ql70\"><b>Se han derribado en Am\u00e9rica estatuas de Col\u00f3n, de Fray Jun\u00edpero Serra<\/b><b>..<\/b><b>. \u00bfLo entiende? <\/b><\/p>\n<\/div>\n<div dir=\"ltr\" class=\"bbc-19j92fr e57qer20\" readability=\"10\">\n<p dir=\"ltr\" class=\"bbc-bm53ic e1cc2ql70\">Lo entiendo desde el presupuesto de que se cometieron excesos que Espa\u00f1a nunca ha reconocido. Col\u00f3n no s\u00f3lo fue el almirante que descubri\u00f3 Am\u00e9rica, es alguien que a partir de 1492 pone en marcha una empresa de venta de esclavos. <\/p>\n<\/div>\n<div dir=\"ltr\" class=\"bbc-19j92fr e57qer20\" readability=\"12\">\n<p dir=\"ltr\" class=\"bbc-bm53ic e1cc2ql70\">Si no se sabe eso, y en Espa\u00f1a apenas se sabe, dif\u00edcilmente se puede entender que se derribe una estatua de Col\u00f3n. Por su parte Jun\u00edpero Serra era un misionero, y los misioneros en general eran personas con las mejores intenciones del mundo. <\/p>\n<\/div>\n<div dir=\"ltr\" class=\"bbc-19j92fr e57qer20\" readability=\"12\">\n<p dir=\"ltr\" class=\"bbc-bm53ic e1cc2ql70\">De hecho, fueron utilizados por la monarqu\u00eda hisp\u00e1nica en la segunda mitad del XVII y a lo largo del XVIII como la cara amable de la conquista. Pero inmediatamente detr\u00e1s de los misioneros y de sus cruces iban las espadas. Desde ese presupuesto, tambi\u00e9n puedo entender que la estatua de Jun\u00edpero Serra sea objeto de cr\u00edtica pol\u00edtica. <\/p>\n<\/div>\n<div dir=\"ltr\" class=\"bbc-1ka88fa e57qer20\">\n<figure class=\"bbc-1qdcvv9 e6bmn90\">\n<div dir=\"ltr\" class=\"bbc-172p16q e57qer20\">\n<div dir=\"ltr\" class=\"bbc-189y18v e57qer20\">\n<div data-e2e=\"image-placeholder\" class=\"bbc-997y1y e1whu0\"><noscript><picture class=\"bbc-yfiktt e1enwo3v1\"><source srcset=\"http:\/\/nuevacordoba.net\/wp-content\/uploads\/2022\/02\/en-espana-la-conquista-de-america-se-ve-como-un-hito-historico-pero-en-realidad-fue-una-brutal-y-sangrienta-invasion-que-deberia-generar-verguenza-5.webp 240w, http:\/\/nuevacordoba.net\/wp-content\/uploads\/2022\/02\/en-espana-la-conquista-de-america-se-ve-como-un-hito-historico-pero-en-realidad-fue-una-brutal-y-sangrienta-invasion-que-deberia-generar-verguenza-6.webp 320w, http:\/\/nuevacordoba.net\/wp-content\/uploads\/2022\/02\/en-espana-la-conquista-de-america-se-ve-como-un-hito-historico-pero-en-realidad-fue-una-brutal-y-sangrienta-invasion-que-deberia-generar-verguenza-7.webp 464w\" type=\"image\/webp\"><source srcset=\"https:\/\/ichef.bbci.co.uk\/news\/240\/cpsprodpb\/3069\/production\/_108039321_lnea.jpg 240w, https:\/\/ichef.bbci.co.uk\/news\/320\/cpsprodpb\/3069\/production\/_108039321_lnea.jpg 320w, https:\/\/ichef.bbci.co.uk\/news\/464\/cpsprodpb\/3069\/production\/_108039321_lnea.jpg 464w\" type=\"image\/jpeg\"><img loading=\"lazy\" src=\"http:\/\/nuevacordoba.net\/wp-content\/uploads\/2022\/02\/en-espana-la-conquista-de-america-se-ve-como-un-hito-historico-pero-en-realidad-fue-una-brutal-y-sangrienta-invasion-que-deberia-generar-verguenza-2.jpg\" alt=\"L\u00ednea\" sizes=\"(min-width: 1008px) 645px, 100vw\" width=\"464\" height=\"2\" class=\"eehpdyc0 bbc-rb7xa0 e1enwo3v0\"><\/picture><\/noscript><\/div>\n<\/div>\n<\/div>\n<\/figure>\n<\/div>\n<div dir=\"ltr\" class=\"bbc-19j92fr e57qer20\" readability=\"9\">\n<p dir=\"ltr\" class=\"bbc-bm53ic e1cc2ql70\"><i class=\"bbc-h1y5j7 ewc4zcb0\">Este art\u00edculo es parte de la versi\u00f3n digital del Hay Festival Cartagena, un encuentro de escritores y pensadores que se realiza en esa ciudad colombiana<\/i><i class=\"bbc-h1y5j7 ewc4zcb0\">del 2<\/i><i class=\"bbc-h1y5j7 ewc4zcb0\">7<\/i><i class=\"bbc-h1y5j7 ewc4zcb0\"> al 3<\/i><i class=\"bbc-h1y5j7 ewc4zcb0\">0<\/i><i class=\"bbc-h1y5j7 ewc4zcb0\"> de enero de 202<\/i><i class=\"bbc-h1y5j7 ewc4zcb0\">2<\/i><i class=\"bbc-h1y5j7 ewc4zcb0\">.<\/i><\/p>\n<\/div>\n<div dir=\"ltr\" class=\"bbc-1ka88fa e57qer20\">\n<figure class=\"bbc-1qdcvv9 e6bmn90\">\n<div dir=\"ltr\" class=\"bbc-172p16q e57qer20\">\n<div dir=\"ltr\" class=\"bbc-189y18v e57qer20\">\n<div data-e2e=\"image-placeholder\" class=\"bbc-997y1y e1whu0\"><noscript><picture class=\"bbc-yfiktt e1enwo3v1\"><source srcset=\"http:\/\/nuevacordoba.net\/wp-content\/uploads\/2022\/02\/en-espana-la-conquista-de-america-se-ve-como-un-hito-historico-pero-en-realidad-fue-una-brutal-y-sangrienta-invasion-que-deberia-generar-verguenza-5.webp 240w, http:\/\/nuevacordoba.net\/wp-content\/uploads\/2022\/02\/en-espana-la-conquista-de-america-se-ve-como-un-hito-historico-pero-en-realidad-fue-una-brutal-y-sangrienta-invasion-que-deberia-generar-verguenza-6.webp 320w, http:\/\/nuevacordoba.net\/wp-content\/uploads\/2022\/02\/en-espana-la-conquista-de-america-se-ve-como-un-hito-historico-pero-en-realidad-fue-una-brutal-y-sangrienta-invasion-que-deberia-generar-verguenza-7.webp 464w\" type=\"image\/webp\"><source srcset=\"https:\/\/ichef.bbci.co.uk\/news\/240\/cpsprodpb\/3069\/production\/_108039321_lnea.jpg 240w, https:\/\/ichef.bbci.co.uk\/news\/320\/cpsprodpb\/3069\/production\/_108039321_lnea.jpg 320w, https:\/\/ichef.bbci.co.uk\/news\/464\/cpsprodpb\/3069\/production\/_108039321_lnea.jpg 464w\" type=\"image\/jpeg\"><img loading=\"lazy\" src=\"http:\/\/nuevacordoba.net\/wp-content\/uploads\/2022\/02\/en-espana-la-conquista-de-america-se-ve-como-un-hito-historico-pero-en-realidad-fue-una-brutal-y-sangrienta-invasion-que-deberia-generar-verguenza-2.jpg\" alt=\"L\u00ednea\" sizes=\"(min-width: 1008px) 645px, 100vw\" width=\"464\" height=\"2\" class=\"eehpdyc0 bbc-rb7xa0 e1enwo3v0\"><\/picture><\/noscript><\/div>\n<\/div>\n<\/div>\n<\/figure>\n<\/div>\n<div dir=\"ltr\" class=\"bbc-19j92fr e57qer20\" readability=\"8\">\n<p dir=\"ltr\" class=\"bbc-bm53ic e1cc2ql70\"><i class=\"bbc-h1y5j7 ewc4zcb0\">Ahora puedes recibir notificaciones de BBC Mundo. Descarga nuestra app y act\u00edvalas para no perderte nuestro mejor contenido<\/i>.<\/p>\n<\/div>\n","protected":false},"excerpt":{"rendered":"<p>Irene Hern\u00e1ndez Velasco Especial para BBC News Mundo 8 febrero 2022 No, al historiador espa\u00f1ol Antonio Espino L\u00f3pez no le gusta hablar de descubrimiento de Am\u00e9rica ni de conquista de Am\u00e9rica. \u00abEl verbo invadir es mucho m\u00e1s inequ\u00edvoco. Implica irrumpir, entrar por la fuerza, as\u00ed como ocupar anormal e irregularmente un lugar. Y eso es [&hellip;]<\/p>\n","protected":false},"author":1,"featured_media":16058,"comment_status":"closed","ping_status":"closed","sticky":false,"template":"","format":"standard","meta":[],"categories":[13],"tags":[],"_links":{"self":[{"href":"http:\/\/nuevacordoba.net\/index.php\/wp-json\/wp\/v2\/posts\/16057"}],"collection":[{"href":"http:\/\/nuevacordoba.net\/index.php\/wp-json\/wp\/v2\/posts"}],"about":[{"href":"http:\/\/nuevacordoba.net\/index.php\/wp-json\/wp\/v2\/types\/post"}],"author":[{"embeddable":true,"href":"http:\/\/nuevacordoba.net\/index.php\/wp-json\/wp\/v2\/users\/1"}],"replies":[{"embeddable":true,"href":"http:\/\/nuevacordoba.net\/index.php\/wp-json\/wp\/v2\/comments?post=16057"}],"version-history":[{"count":0,"href":"http:\/\/nuevacordoba.net\/index.php\/wp-json\/wp\/v2\/posts\/16057\/revisions"}],"wp:featuredmedia":[{"embeddable":true,"href":"http:\/\/nuevacordoba.net\/index.php\/wp-json\/wp\/v2\/media\/16058"}],"wp:attachment":[{"href":"http:\/\/nuevacordoba.net\/index.php\/wp-json\/wp\/v2\/media?parent=16057"}],"wp:term":[{"taxonomy":"category","embeddable":true,"href":"http:\/\/nuevacordoba.net\/index.php\/wp-json\/wp\/v2\/categories?post=16057"},{"taxonomy":"post_tag","embeddable":true,"href":"http:\/\/nuevacordoba.net\/index.php\/wp-json\/wp\/v2\/tags?post=16057"}],"curies":[{"name":"wp","href":"https:\/\/api.w.org\/{rel}","templated":true}]}}