{"id":16067,"date":"2022-02-09T11:00:09","date_gmt":"2022-02-09T11:00:09","guid":{"rendered":"https:\/\/cordoba.gob.ar\/?p=20072"},"modified":"2022-02-09T11:00:09","modified_gmt":"2022-02-09T11:00:09","slug":"los-parques-educativos-salen-al-encuentro-con-vecinos-y-vecinas-de-la-ciudad","status":"publish","type":"post","link":"http:\/\/nuevacordoba.net\/index.php\/2022\/02\/09\/los-parques-educativos-salen-al-encuentro-con-vecinos-y-vecinas-de-la-ciudad\/","title":{"rendered":"Los Parques Educativos salen al encuentro con vecinos y vecinas de la ciudad"},"content":{"rendered":"<div><img src=\"http:\/\/nuevacordoba.net\/wp-content\/uploads\/2022\/02\/los-parques-educativos-salen-al-encuentro-con-vecinos-y-vecinas-de-la-ciudad.jpg\" class=\"ff-og-image-inserted\"><\/div>\n<ul>\n<li><strong>La propuesta de Parques Educativos Itinerantes busca promover el acceso a la cultura, el deporte y la educaci\u00f3n en barrios de la ciudad.<\/strong><\/li>\n<li><strong>El proyect\u00f3, que comenz\u00f3 a desarrollarse el a\u00f1o pasado, continuar\u00e1 durante el 2022, ampliando las propuestas de actividades.<\/strong><\/li>\n<\/ul>\n<hr>\n<p>En el marco de las acciones para fortalecer la participaci\u00f3n comunitaria y la construcci\u00f3n ciudadana, desde la Direcci\u00f3n de Parques Educativos de la Secretar\u00eda de Educaci\u00f3n, se desarrolla el proyecto \u201cParques Itinerantes\u201d, una iniciativa que acerca los Parques Educativos a barrios, sectores y zonas de la ciudad que no pueden acceder a las actividades que se desarrollan en cada una de las sedes.<\/p>\n<p>Durante el 2021 desde los Parques educativos Este, Sureste, Norte y Noroeste, se llevaron adelante m\u00e1s de 20 propuestas art\u00edsticas, deportivas, formativas, ambientales,culturales y de participaci\u00f3n ciudadana. Todas las propuestas cuentan con la participaci\u00f3n de docentes y de los parques que facilitan la construcci\u00f3n. M\u00e1s de 1000 vecinas y vecinas participaron de esta iniciativa.<\/p>\n<p>En el Parque Educativo Sureste la propuesta Parque itinerante promovi\u00f3 el acceso a la cultura y el arte, la educaci\u00f3n, el desarrollo de formaciones para el cuidado del ambiente, intervenciones para la recuperaci\u00f3n de espacios verdes y mesas de accesibilidad digital para vecinas y vecinos. Las intervenciones se desarrollaron en los barrios: El Quebracho, C\u00e1rcanos de Horizonte, Ampliaci\u00f3n Ferreyra, Ciudad de mis Sue\u00f1os, Los 40 Guasos, Crisol Norte, Avellaneda, Empalme, Emanuel 1 y en la localidad de La Carbonada.<\/p>\n<p>Adem\u00e1s, se pusieron en marcha los proyectos \u201cUno m\u00e1s Uno, Todos: proyecto de inclusi\u00f3n inicial, autorretratos\u201d y la Huerta Escolar en la Escuela Rural Rep\u00fablica de Chile de La Carbonada junto a la Subsecretar\u00eda de Agricultura Familiar del Ministerio de Agricultura y Ganader\u00eda de la provincia de C\u00f3rdoba.<\/p>\n<p>En el Parque Educativo Este se llevaron adelante propuestas vinculadas a la cultura,salud y los derechos de ni\u00f1as y ni\u00f1os. Docentes de m\u00fasica y educaci\u00f3n f\u00edsica realizaron, junto a Hogar Padre Lamonaca, una experiencia desde el cuerpo y a trav\u00e9s del encuentro, la producci\u00f3n art\u00edstica y cultural y el movimiento consciente. Adem\u00e1s, se realizaron salidas recreativas al Jard\u00edn Bot\u00e1nico, al Casco hist\u00f3rico de la Ciudad de C\u00f3rdoba y participaron del Festival Encuentra.<\/p>\n<p>Junto al Centro Vecinal de Barrio M\u00fcller se realiz\u00f3 el festeo del D\u00eda de las Infancias, una propuesta para toda la familia, d\u00f3nde pudieron disfrutar de actividades l\u00fadicas,recreativas, deportivas y art\u00edsticas. Adem\u00e1s, se realizaron operativos de vacunaci\u00f3n coordinados con el Ministerio de Salud de la Provincia de C\u00f3rdoba, Centros Vecinales y organizaciones de la comunidad.<\/p>\n<p>Desde el Parque Educativo Noroeste se promovieron actividades en articulaci\u00f3n con \u201cLa Casita del Orgullo\u201d ubicado en Barrio Silvano Funes, un espacio de acompa\u00f1amiento para personas del colectivo LGTBIQ+. En las primeras intervenciones se llevaron adelante clases de Danzas urbanas y latinas.<\/p>\n<p>El Secretario de Educaci\u00f3n, Horacio Ferreyra, manifest\u00f3 que <em>\u201ceste proyecto se vincula con el desarrollo personal y social de las y los vecinos de los barrios, posibilit\u00e1ndoles el acceso a las actividades cotidianas que se llevan adelante en nuestras instituciones y propiciando el derecho a aprender en comunidad\u201d.<\/em><\/p>\n<p><em>\u201cEste proyecto nos permite, como sostiene nuestro Intendente Mart\u00edn LLaryora, extender las actividades de los Parques Educativos y nos pone a trabajar en movimiento,interviniendo en los lugares en los que viven cordobeses y cordobesas que necesiten que el Estado est\u00e9 presente\u201d.<\/em><\/p>\n<p>Durante el corriente a\u00f1o muchas de estas propuestas se replicar\u00e1n y se est\u00e1n desarrollando nuevos proyectos de intervenci\u00f3n y formaci\u00f3n en el marco de los Parques Itinerantes. Para conocer m\u00e1s, pod\u00e9s acercarte a los Parques Educativos y consultar c\u00f3mo participar.<\/p>\n","protected":false},"excerpt":{"rendered":"<p>La propuesta de Parques Educativos Itinerantes busca promover el acceso a la cultura, el deporte y la educaci\u00f3n en barrios de la ciudad. El proyect\u00f3, que comenz\u00f3 a desarrollarse el a\u00f1o pasado, continuar\u00e1 durante el 2022, ampliando las propuestas de actividades. En el marco de las acciones para fortalecer la participaci\u00f3n comunitaria y la construcci\u00f3n [&hellip;]<\/p>\n","protected":false},"author":1,"featured_media":16068,"comment_status":"closed","ping_status":"closed","sticky":false,"template":"","format":"standard","meta":[],"categories":[14],"tags":[],"_links":{"self":[{"href":"http:\/\/nuevacordoba.net\/index.php\/wp-json\/wp\/v2\/posts\/16067"}],"collection":[{"href":"http:\/\/nuevacordoba.net\/index.php\/wp-json\/wp\/v2\/posts"}],"about":[{"href":"http:\/\/nuevacordoba.net\/index.php\/wp-json\/wp\/v2\/types\/post"}],"author":[{"embeddable":true,"href":"http:\/\/nuevacordoba.net\/index.php\/wp-json\/wp\/v2\/users\/1"}],"replies":[{"embeddable":true,"href":"http:\/\/nuevacordoba.net\/index.php\/wp-json\/wp\/v2\/comments?post=16067"}],"version-history":[{"count":0,"href":"http:\/\/nuevacordoba.net\/index.php\/wp-json\/wp\/v2\/posts\/16067\/revisions"}],"wp:featuredmedia":[{"embeddable":true,"href":"http:\/\/nuevacordoba.net\/index.php\/wp-json\/wp\/v2\/media\/16068"}],"wp:attachment":[{"href":"http:\/\/nuevacordoba.net\/index.php\/wp-json\/wp\/v2\/media?parent=16067"}],"wp:term":[{"taxonomy":"category","embeddable":true,"href":"http:\/\/nuevacordoba.net\/index.php\/wp-json\/wp\/v2\/categories?post=16067"},{"taxonomy":"post_tag","embeddable":true,"href":"http:\/\/nuevacordoba.net\/index.php\/wp-json\/wp\/v2\/tags?post=16067"}],"curies":[{"name":"wp","href":"https:\/\/api.w.org\/{rel}","templated":true}]}}