{"id":16069,"date":"2022-02-09T13:35:28","date_gmt":"2022-02-09T13:35:28","guid":{"rendered":"http:\/\/nuevacordoba.net\/index.php\/2022\/02\/09\/piazzolla-100-culmina-en-marzo-con-un-concierto-gratis-en-el-luna-park\/"},"modified":"2022-02-09T13:35:28","modified_gmt":"2022-02-09T13:35:28","slug":"piazzolla-100-culmina-en-marzo-con-un-concierto-gratis-en-el-luna-park","status":"publish","type":"post","link":"http:\/\/nuevacordoba.net\/index.php\/2022\/02\/09\/piazzolla-100-culmina-en-marzo-con-un-concierto-gratis-en-el-luna-park\/","title":{"rendered":"\u00abPiazzolla 100\u00bb culmina en marzo con un concierto gratis en el Luna Park"},"content":{"rendered":"<figure class=\"mb-3\"><img loading=\"lazy\" src=\"http:\/\/nuevacordoba.net\/wp-content\/uploads\/2022\/02\/piazzolla-100-culmina-en-marzo-con-un-concierto-gratis-en-el-luna-park.jpg\" width=\"100%\" height=\"100%\" alt=\"Una vez ms la obra de Piazzolla ser homenajeada en el Luna Park\"><figcaption> Una vez m\u00e1s la obra de Piazzolla ser\u00e1 homenajeada en el Luna Park. <\/figcaption><\/figure>\n<p>La <strong>Fundaci\u00f3n Astor Piazzolla<\/strong> realizar\u00e1 el domingo 6 de marzo el concierto de cierre de<strong> \u00abPiazzolla 100\u00bb<\/strong>, que conmemora el centenario del nacimiento del m\u00fasico, con entrada gratuita en el Luna Park.<\/p>\n<p>El evento recorrer\u00e1 su trayectoria, abarcar\u00e1 su relaci\u00f3n con el tango, el jazz y la m\u00fasica cl\u00e1sica y clausura las celebraciones desarrolladas durante todo 2021, en las que pa\u00edses, ciudades e instituciones de todo el mundo homenajearon la m\u00fasica de Piazzolla.<\/p>\n<p>El concierto tendr\u00e1 la curadur\u00eda art\u00edstica de <strong>Daniel \u00abPipi\u00bb Piazzolla y la participaci\u00f3n del Quinteto Revolucionario, Escalandrum, Julia Zenko, Elena Roger, Ra\u00fal Lavi\u00e9 y Jairo<\/strong>, entre otros, y una gran orquesta dirigida por <strong>Gustavo Fontana, <\/strong>con<strong> Horacio Romo<\/strong> como bandone\u00f3n solista y <strong>Pablo Agri<\/strong> como solista de viol\u00edn.<\/p>\n<p>No es esta la primera vez que se escuchar\u00e1 Piazzolla en el Luna Park: el 16 de noviembre de 1969 se desarrollaron los concursos del Primer Festival Iberoamericano de la Danza y la Canci\u00f3n, donde se escuch\u00f3 por primera vez <strong>\u00abBalada para un loco\u00bb<\/strong>, la obra de Astor Piazzolla con letra de <strong>Horacio Ferrer<\/strong>. Luego, en 1987, junto a la <strong>Camerata Bariloche<\/strong>, brill\u00f3 con su m\u00fasica. <\/p>\n","protected":false},"excerpt":{"rendered":"<p>Una vez m\u00e1s la obra de Piazzolla ser\u00e1 homenajeada en el Luna Park. La Fundaci\u00f3n Astor Piazzolla realizar\u00e1 el domingo 6 de marzo el concierto de cierre de \u00abPiazzolla 100\u00bb, que conmemora el centenario del nacimiento del m\u00fasico, con entrada gratuita en el Luna Park. El evento recorrer\u00e1 su trayectoria, abarcar\u00e1 su relaci\u00f3n con el [&hellip;]<\/p>\n","protected":false},"author":1,"featured_media":16070,"comment_status":"closed","ping_status":"closed","sticky":false,"template":"","format":"standard","meta":[],"categories":[9],"tags":[],"_links":{"self":[{"href":"http:\/\/nuevacordoba.net\/index.php\/wp-json\/wp\/v2\/posts\/16069"}],"collection":[{"href":"http:\/\/nuevacordoba.net\/index.php\/wp-json\/wp\/v2\/posts"}],"about":[{"href":"http:\/\/nuevacordoba.net\/index.php\/wp-json\/wp\/v2\/types\/post"}],"author":[{"embeddable":true,"href":"http:\/\/nuevacordoba.net\/index.php\/wp-json\/wp\/v2\/users\/1"}],"replies":[{"embeddable":true,"href":"http:\/\/nuevacordoba.net\/index.php\/wp-json\/wp\/v2\/comments?post=16069"}],"version-history":[{"count":0,"href":"http:\/\/nuevacordoba.net\/index.php\/wp-json\/wp\/v2\/posts\/16069\/revisions"}],"wp:featuredmedia":[{"embeddable":true,"href":"http:\/\/nuevacordoba.net\/index.php\/wp-json\/wp\/v2\/media\/16070"}],"wp:attachment":[{"href":"http:\/\/nuevacordoba.net\/index.php\/wp-json\/wp\/v2\/media?parent=16069"}],"wp:term":[{"taxonomy":"category","embeddable":true,"href":"http:\/\/nuevacordoba.net\/index.php\/wp-json\/wp\/v2\/categories?post=16069"},{"taxonomy":"post_tag","embeddable":true,"href":"http:\/\/nuevacordoba.net\/index.php\/wp-json\/wp\/v2\/tags?post=16069"}],"curies":[{"name":"wp","href":"https:\/\/api.w.org\/{rel}","templated":true}]}}