{"id":16073,"date":"2022-02-09T15:27:14","date_gmt":"2022-02-09T15:27:14","guid":{"rendered":"https:\/\/prensa.cba.gov.ar\/?p=486332"},"modified":"2022-02-09T15:27:14","modified_gmt":"2022-02-09T15:27:14","slug":"rio-cuarto-schiaretti-firmo-un-convenio-para-ejecutar-nuevas-redes-colectoras","status":"publish","type":"post","link":"http:\/\/nuevacordoba.net\/index.php\/2022\/02\/09\/rio-cuarto-schiaretti-firmo-un-convenio-para-ejecutar-nuevas-redes-colectoras\/","title":{"rendered":"R\u00edo Cuarto: Schiaretti firm\u00f3 un convenio para ejecutar nuevas redes colectoras"},"content":{"rendered":"<div><img src=\"http:\/\/nuevacordoba.net\/wp-content\/uploads\/2022\/02\/rio-cuarto-schiaretti-firmo-un-convenio-para-ejecutar-nuevas-redes-colectoras.jpg\" class=\"ff-og-image-inserted\"><\/div>\n<ul>\n<li><strong>Permitir\u00e1 ampliar la rede en el sector Banda Norte, beneficiando a 12.000 habitantes.<\/strong><\/li>\n<li><strong>Concluida la obra, la cobertura sanitaria cloacal en la ciudad se elevar\u00e1 al 90%<\/strong>, <strong>la mayor de toda la provincia.<\/strong><\/li>\n<li><strong>El gobernador tambi\u00e9n visit\u00f3 la planta de tratamiento y realiz\u00f3 aportes<\/strong> <strong>para conectar el gas en establecimientos educativos del sur provincial.<\/strong><\/li>\n<\/ul>\n<p>El gobernador Juan Schiaretti <strong>firm\u00f3 un convenio<\/strong> con el intendente de la capital alterna de C\u00f3rdoba, Juan Manuel Llamosas, que <strong>permitir\u00e1 ampliar las redes colectoras del sector Banda Norte de la ciudad de R\u00edo Cuarto<\/strong>, incluyendo los <strong>barrios Jard\u00edn Norte, Padre Carlos Mugica, 64 viviendas y Parque Alihuen<\/strong>.<\/p>\n<p>El mandatario <strong>recorri\u00f3 la planta de tratamiento de l\u00edquidos cloacales <\/strong>de la ciudad de R\u00edo Cuarto, donde se realiz\u00f3 la firma del acuerdo. \u00abPara m\u00ed es una enorme alegr\u00eda poder haber hecho hoy la visita a esta planta de tratamientos de l\u00edquidos cloacales, aqu\u00ed en R\u00edo Cuarto, que era un compromiso que yo hab\u00eda asumido con los habitantes de la ciudad\u00bb.<\/p>\n<p>Cabe recordar que esta planta fue <strong>financiada en un 30% por el Gobierno de C\u00f3rdoba<\/strong> y, lo restante, por la Naci\u00f3n. <em>\u00abY me alegra fundamentalmente que, luego de un a\u00f1o estar en funcionamiento, nos permita avanzar en seguir construyendo las colectoras troncales que ya est\u00e1n en marcha y que nos las financia el BID\u00bb<\/em>, agreg\u00f3 el gobernador.<\/p>\n<p>Adem\u00e1s, estuvieron presentes el ministro de Servicios P\u00fablicos, Fabi\u00e1n L\u00f3pez; el diputado nacional, Carlos Guti\u00e9rrez; el director de Vialidad Provincial, Mart\u00edn Guti\u00e9rrez; y los legisladores Franco Miranda y Antonio Rins. <\/p>\n<figure class=\"wp-block-gallery columns-3 is-cropped\"><\/figure>\n<p>Schiaretti se refiri\u00f3 al convenio firmado y las obras all\u00ed incluidas y expres\u00f3: <em>\u00abEs una enorme alegr\u00eda porque las cloacas son las obras que no se ven, pero que son absolutamente necesarias. Tienen que ver con <strong>la salud de la gente, con el cuidado de la ecolog\u00eda y tambi\u00e9n con el cuidado del medioambiente\u00bb<\/strong>.<\/em><\/p>\n<p>La obra beneficiar\u00e1 a <strong>m\u00e1s de 12.000 habitantes<\/strong>, siendo importante destacar que, a la fecha, residen en estos loteos municipales m\u00e1s de 70 familias, a la vez que hay una importante cantidad de viviendas en ejecuci\u00f3n, todas bajo distintas modalidades que incluyen el acompa\u00f1amiento estatal para familias de bajos ingresos.<\/p>\n<p><strong>Los trabajos tienen un presupuesto oficial de $179.880.330,68,<\/strong> que ser\u00e1 financiado por la Provincia en un 50%, mientras que el Municipio aporta el 50% restante.<\/p>\n<blockquote class=\"wp-block-quote\">\n<p>\u00abMe alegra que sigamos avanzando en mejorar la vida a los vecinos de cada rinc\u00f3n de nuestra C\u00f3rdoba. Somos un Gobierno que habla poco y hace mucho. C\u00f3rdoba no se pelea con nadie pero defiende lo de C\u00f3rdoba con u\u00f1as y dientes, como corresponde. C\u00f3rdoba trabaja con todas sus fuerzas pol\u00edticas y sociales, independientemente de c\u00f3mo viven. C\u00f3rdoba progresa porque somos capaces de pensar distinto y trabajar juntos.<\/p>\n<p><cite>Juan Schiaretti<\/cite><\/p><\/blockquote>\n<p><strong>Obra en ejecuci\u00f3n<\/strong><\/p>\n<p>Esta nueva obra es complementaria a la que se encuentra actualmente en ejecuci\u00f3n, con un avance del 56%, por medio del Pr\u00e9stamo BID 4312\/OC-AR. Se enmarca en el Plan de Saneamiento Cloacal de la localidad de R\u00edo Cuarto y permitir\u00e1 <strong>refuncionalizar tramos del colector sur,<\/strong> en dos etapas; <strong>ampliar la red colectora de Barrio Alberdi; construir una nueva estaci\u00f3n de bombeo en Barrio Bicentenario; y ejecutar la obra b\u00e1sica para receptar y conducir los efluentes de las futuras redes en Banda Norte.<\/strong><\/p>\n<p>La obra en ejecuci\u00f3n <strong>beneficiar\u00e1 a 85.000 habitantes en la actualidad y a 100.000 vecinos en los pr\u00f3ximos 20 a\u00f1os<\/strong>, por un monto de inversi\u00f3n actualizado de <strong>$335.330.463,58.<\/strong><\/p>\n<figure class=\"wp-block-gallery columns-3 is-cropped\"><\/figure>\n<p>Por su parte, el <strong>ministro de Servicios P\u00fablicos <\/strong>destac\u00f3 el estado de situaci\u00f3n del <strong>Plan Estrat\u00e9gico de Saneamiento Cloacal de la Provincia<\/strong>: <em>\u201cEntre finalizadas, en ejecuci\u00f3n y en proceso licitatorio, hay en total 59 obras, con m\u00e1s de 500 kil\u00f3metros de redes troncales y domiciliarias, beneficiando a 3.200.000 cordobeses, y una inversi\u00f3n estimada en 474 millones de d\u00f3lares, a lo largo y ancho de la provincia\u201d<\/em>.<\/p>\n<p>A tu turno, <strong>Llamosas<\/strong> resalt\u00f3 el trabajo que se viene realizando desde el Gobierno provincial para que hoy los vecinos puedan mejorar su calidad de vida:&nbsp;<em>\u201cEs un d\u00eda muy especial para la ciudad, primero porque estamos en esta planta que es un antes y un despu\u00e9s. D\u00e9cadas esperamos para poder construir<strong> esta obra que viene a sanear y a transformar la calidad de vida de los vecinos y de muchas localidades aguas abajo\u00bb.<\/strong><\/em><\/p>\n<p>Finalmente, el gobernador se refiri\u00f3 al trabajo mancomunado con la Municipalidad de R\u00edo Cuarto: <em>\u00abCuando se tienen los mismos ideales y objetivos, y se tiene voluntad de trabajo, las cosas van m\u00e1s r\u00e1pidas. Por eso, salen m\u00e1s r\u00e1pido las obras de saneamiento,<strong> vamos a superar el 90% de R\u00edo Cuarto con cloacas que va a terminar siendo la cuidad de C\u00f3rdoba con mayor servicio de cloacas en el a\u00f1o 2023, y esto es un gran m\u00e9rito de los intendentes de R\u00edo Cuarto<\/strong>\u00ab.<\/em><\/p>\n<p><strong>Aportes para gas natural<\/strong><\/p>\n<p>En la ocasi\u00f3n, Juan Schiaretti realiz\u00f3 <strong>aportes a diferentes localidades<\/strong> <strong>para que escuelas de estos lugares puedan conectarse a la red de gas natural.<\/strong><\/p>\n<p>De esta manera, <strong>Vicku\u00f1a Mackenna, Malena y Huinca Renanc\u00f3<\/strong> recibieron diversos montos para que los alumnos y alumnas de sus establecimientos educativos cuenten con calefacci\u00f3n en invierno y las cocinas de los colegios tengan el servicio.<\/p>\n<p>En detalle:<\/p>\n<ul>\n<li><strong>Vicu\u00f1a Mackenna<\/strong> recibi\u00f3 <strong>$4.150.000<\/strong> para conectar a la Sala de Infantes Carlos Guido y Spano; al Centro Educativo Guido y Spano; al Centro Educativo General Napole\u00f3n Uriburu; al I.P.E.T.A y M. N\u00b065 Juan A. Mena; y al Jard\u00edn de Infantes Mar\u00eda del Pilar Mecau de Cassanil.<\/li>\n<li><strong>Malena<\/strong> recibi\u00f3<strong> $2.780.000<\/strong> para conectar al Jard\u00edn de Infantes Jos\u00e9 de San Mart\u00edn Anexo Malena; al Centro Educativo Remedios de Escalada de San Mart\u00edn; y al IPEA N\u00b01 Ingeniero Agr\u00f3nomo Luciano Almir\u00f3n.<\/li>\n<li>En tanto que <strong>Huinca Renanc\u00f3<\/strong> recibi\u00f3 <strong>$3.735.875<\/strong> para la conexi\u00f3n al gas natural del establecimiento educativo Domingo Faustino Sarmiento; del IPEM 141 Dr. Dalmacio V\u00e9lez Sarsfield; y del IPEM 274 General Lucio V. Mansilla.<\/li>\n<\/ul>\n<figure class=\"wp-block-gallery columns-3 is-cropped\"><\/figure>\n","protected":false},"excerpt":{"rendered":"<p>Permitir\u00e1 ampliar la rede en el sector Banda Norte, beneficiando a 12.000 habitantes. Concluida la obra, la cobertura sanitaria cloacal en la ciudad se elevar\u00e1 al 90%, la mayor de toda la provincia. El gobernador tambi\u00e9n visit\u00f3 la planta de tratamiento y realiz\u00f3 aportes para conectar el gas en establecimientos educativos del sur provincial. El [&hellip;]<\/p>\n","protected":false},"author":1,"featured_media":16074,"comment_status":"closed","ping_status":"closed","sticky":false,"template":"","format":"standard","meta":[],"categories":[14],"tags":[],"_links":{"self":[{"href":"http:\/\/nuevacordoba.net\/index.php\/wp-json\/wp\/v2\/posts\/16073"}],"collection":[{"href":"http:\/\/nuevacordoba.net\/index.php\/wp-json\/wp\/v2\/posts"}],"about":[{"href":"http:\/\/nuevacordoba.net\/index.php\/wp-json\/wp\/v2\/types\/post"}],"author":[{"embeddable":true,"href":"http:\/\/nuevacordoba.net\/index.php\/wp-json\/wp\/v2\/users\/1"}],"replies":[{"embeddable":true,"href":"http:\/\/nuevacordoba.net\/index.php\/wp-json\/wp\/v2\/comments?post=16073"}],"version-history":[{"count":0,"href":"http:\/\/nuevacordoba.net\/index.php\/wp-json\/wp\/v2\/posts\/16073\/revisions"}],"wp:featuredmedia":[{"embeddable":true,"href":"http:\/\/nuevacordoba.net\/index.php\/wp-json\/wp\/v2\/media\/16074"}],"wp:attachment":[{"href":"http:\/\/nuevacordoba.net\/index.php\/wp-json\/wp\/v2\/media?parent=16073"}],"wp:term":[{"taxonomy":"category","embeddable":true,"href":"http:\/\/nuevacordoba.net\/index.php\/wp-json\/wp\/v2\/categories?post=16073"},{"taxonomy":"post_tag","embeddable":true,"href":"http:\/\/nuevacordoba.net\/index.php\/wp-json\/wp\/v2\/tags?post=16073"}],"curies":[{"name":"wp","href":"https:\/\/api.w.org\/{rel}","templated":true}]}}