{"id":16084,"date":"2022-02-09T16:54:23","date_gmt":"2022-02-09T16:54:23","guid":{"rendered":"http:\/\/cordobanewsnet.wordpress.com\/?p=6627"},"modified":"2022-02-09T16:54:23","modified_gmt":"2022-02-09T16:54:23","slug":"inglaterra-eliminara-el-confinamiento-obligatorio-para-casos-de-covid-positivos","status":"publish","type":"post","link":"http:\/\/nuevacordoba.net\/index.php\/2022\/02\/09\/inglaterra-eliminara-el-confinamiento-obligatorio-para-casos-de-covid-positivos\/","title":{"rendered":"Inglaterra eliminar\u00e1 el confinamiento obligatorio para casos de covid positivos"},"content":{"rendered":"<div><img src=\"http:\/\/nuevacordoba.net\/wp-content\/uploads\/2022\/02\/inglaterra-eliminara-el-confinamiento-obligatorio-para-casos-de-covid-positivos.jpg\" class=\"ff-og-image-inserted\"><\/div>\n<p>Boris Jonhson, primer ministro brit\u00e1nico, advirti\u00f3&nbsp;este&nbsp;mi\u00e9rcoles frente a la C\u00e1mara de Comunes&nbsp;que a&nbsp;<strong>fines de febrero de este a\u00f1o las restricciones por coronavirus perder\u00edan vigencia<\/strong>. Con la medida implementada, el aislamiento de los casos positivos se eliminar\u00eda.&nbsp;<\/p>\n<p>Si bien la disposiciones actuales&nbsp;estaban&nbsp;previstas hasta el&nbsp;24 de marzo, debido a la \u00abtendencias alentadoras\u00bb&nbsp;<strong>se adentar\u00eda el fin de confinamiento<\/strong>.&nbsp;<strong>Barbijos, pases sanitarios, PCR en viajeros&nbsp;<\/strong><strong>y aislamiento,&nbsp;<\/strong><strong>tanto para contactos estrechos como para positivos,&nbsp;<\/strong><strong>dejar\u00edan de exigirse.<\/strong><\/p>\n<p>Tras el receso de invierno, el pr\u00f3ximo 21 de febrero Jonhson anunciar\u00eda frente a diputados&nbsp;la nueva estrategia para el pa\u00eds. Las exigencias, seguidas de multas,<strong>&nbsp;se reemplazar\u00edan por consejos para la salud.&nbsp;<\/strong><\/p>\n<p>La decisi\u00f3n solo afectar\u00eda a Inglaterra,&nbsp;ya que Escocia, Gales e Irlanda del Norte gestionan su propias medidas sanitarias. Los viajeros que ingresen a partir de este viernes al pa\u00eds europeo,<strong>&nbsp;no deber\u00e1n presentar pruebas negativas.<\/strong><\/p>\n<div id=\"jp-post-flair\" class=\"sharedaddy sd-like-enabled sd-sharing-enabled\">\n<div class=\"sharedaddy sd-sharing-enabled\">\n<div class=\"robots-nocontent sd-block sd-social sd-social-icon-text sd-sharing\">\n<h3 class=\"sd-title\">Share this:<\/h3>\n<\/div>\n<\/div>\n<div class=\"sharedaddy sd-block sd-like jetpack-likes-widget-wrapper jetpack-likes-widget-unloaded\" id=\"like-post-wrapper-143108178-6627-62040e0615969\" data-src=\"\/\/widgets.wp.com\/likes\/index.html?ver=20220105#blog_id=143108178&amp;post_id=6627&amp;origin=cordobanewsnet.wordpress.com&amp;obj_id=143108178-6627-62040e0615969\" data-name=\"like-post-frame-143108178-6627-62040e0615969\" data-title=\"Me gusta o Compartir\">\n<h3 class=\"sd-title\">Me gusta esto:<\/h3>\n<p><span class=\"button\"><span>Me gusta<\/span><\/span> <span class=\"loading\">Cargando&#8230;<\/span><\/p>\n<p><span class=\"sd-text-color\"><\/span><\/div>\n<p><h3 class=\"jp-relatedposts-headline\"><em>Relacionado<\/em><\/h3>\n<\/p>\n<\/div>\n","protected":false},"excerpt":{"rendered":"<p>Boris Jonhson, primer ministro brit\u00e1nico, advirti\u00f3&nbsp;este&nbsp;mi\u00e9rcoles frente a la C\u00e1mara de Comunes&nbsp;que a&nbsp;fines de febrero de este a\u00f1o las restricciones por coronavirus perder\u00edan vigencia. Con la medida implementada, el aislamiento de los casos positivos se eliminar\u00eda.&nbsp; Si bien la disposiciones actuales&nbsp;estaban&nbsp;previstas hasta el&nbsp;24 de marzo, debido a la \u00abtendencias alentadoras\u00bb&nbsp;se adentar\u00eda el fin de confinamiento.&nbsp;Barbijos, [&hellip;]<\/p>\n","protected":false},"author":1,"featured_media":16085,"comment_status":"closed","ping_status":"closed","sticky":false,"template":"","format":"standard","meta":[],"categories":[14],"tags":[],"_links":{"self":[{"href":"http:\/\/nuevacordoba.net\/index.php\/wp-json\/wp\/v2\/posts\/16084"}],"collection":[{"href":"http:\/\/nuevacordoba.net\/index.php\/wp-json\/wp\/v2\/posts"}],"about":[{"href":"http:\/\/nuevacordoba.net\/index.php\/wp-json\/wp\/v2\/types\/post"}],"author":[{"embeddable":true,"href":"http:\/\/nuevacordoba.net\/index.php\/wp-json\/wp\/v2\/users\/1"}],"replies":[{"embeddable":true,"href":"http:\/\/nuevacordoba.net\/index.php\/wp-json\/wp\/v2\/comments?post=16084"}],"version-history":[{"count":0,"href":"http:\/\/nuevacordoba.net\/index.php\/wp-json\/wp\/v2\/posts\/16084\/revisions"}],"wp:featuredmedia":[{"embeddable":true,"href":"http:\/\/nuevacordoba.net\/index.php\/wp-json\/wp\/v2\/media\/16085"}],"wp:attachment":[{"href":"http:\/\/nuevacordoba.net\/index.php\/wp-json\/wp\/v2\/media?parent=16084"}],"wp:term":[{"taxonomy":"category","embeddable":true,"href":"http:\/\/nuevacordoba.net\/index.php\/wp-json\/wp\/v2\/categories?post=16084"},{"taxonomy":"post_tag","embeddable":true,"href":"http:\/\/nuevacordoba.net\/index.php\/wp-json\/wp\/v2\/tags?post=16084"}],"curies":[{"name":"wp","href":"https:\/\/api.w.org\/{rel}","templated":true}]}}