{"id":16096,"date":"2022-02-09T16:48:32","date_gmt":"2022-02-09T16:48:32","guid":{"rendered":"https:\/\/www.ole.com.ar\/autos\/red-bull-presento-auto_0_P3zPmJYZlE.html"},"modified":"2022-02-09T16:48:32","modified_gmt":"2022-02-09T16:48:32","slug":"el-que-llevara-el-1","status":"publish","type":"post","link":"http:\/\/nuevacordoba.net\/index.php\/2022\/02\/09\/el-que-llevara-el-1\/","title":{"rendered":"El que llevar\u00e1 el \u00ab1\u00bb"},"content":{"rendered":"<div><img src=\"http:\/\/nuevacordoba.net\/wp-content\/uploads\/2022\/02\/el-que-llevara-el-1.jpg\" class=\"ff-og-image-inserted\"><\/div>\n<p><mark>Red Bull Racing dio a conocer el dise\u00f1o del RB18, el auto para la temporada 2022<\/mark> de F\u00f3rmula 1 donde defender\u00e1n el campeonato que lograron el a\u00f1o pasado con Max Verstappen.<\/p>\n<p>La presentaci\u00f3n, que se hizo a trav\u00e9s de Twitter, comenz\u00f3 con un videoclip donde se lo vio a Verstappen llegando a las instalaciones del equipo en Milton Keynes. Luego, <mark>los dos pilotos agradecieron a los fan\u00e1ticos por el apoyo y destacaron los mejores momentos de la temporada 2021.<\/mark><\/p>\n<p>Tras eso, Christian Horner, Team Principal del Oracle Red Bull Racing habl\u00f3 de lo que fue la temporada 2021. \u201cFue una temporada incre\u00edble. <mark>Ahora tenemos el n\u00famero 1 y defender el t\u00edtulo con las nuevas regulaciones ser\u00e1 muy dif\u00edcil,<\/mark> pero la motivaci\u00f3n es alta y estamos en la cresta de la ola\u201d, dijo Horner.<\/p>\n<p>Y agreg\u00f3: \u201c<mark>Siempre se puede aprender, pero estas regulaciones son las m\u00e1s importantes en 30 o 40 a\u00f1os en la F\u00f3rmula 1<\/mark> y seguramente habr\u00e1 muchos cambios. Habr\u00e1 m\u00e1s efecto suelo y los autos se van a poder seguir m\u00e1s de cerca, as\u00ed que eso cambi\u00f3 toda la filosof\u00eda de c\u00f3mo se arm\u00f3 el auto\u201d.<\/p>\n<p>Luego, fue el turno de los pilotos. Max Verstappen, \u00faltimo campe\u00f3n coment\u00f3: \u201cEstoy esperando subirme al nuevo auto, despu\u00e9s de haber ganado el campeonato. <mark>Hay muchas cosas que no se conocen del auto.<\/mark> Me prepar\u00e9 entrenando, pero tengo la duda de qu\u00e9 pasar\u00e1 con el nuevo auto en pista\u201d.<\/p>\n<p>Sobre c\u00f3mo encara la temporada defendiendo el t\u00edtulo, el holand\u00e9s dijo no sentir presi\u00f3n: \u201cHago lo de siempre, no hay razones para que sea diferente. <mark>Como piloto, tengo que adaptarme a las nuevas regulaciones<\/mark>\u00ab<\/p>\n<p>Por su parte, Sergio \u201cCheco\u201d P\u00e9rez dijo: \u201cFue una temporada muy buena la del 2021. <mark>Ahora en 2022 vamos a empezar de cero. La F\u00f3rmula 1 ha crecido mucho a lo largo del mundo <\/mark>y estoy esperando con muchas ansias este a\u00f1o. El apoyo de los fan\u00e1ticos se siente mucho en cada carrera\u201d.<\/p>\n<div class=\"entry-tags\">\n<h2>TEMAS QUE APARECEN EN ESTA NOTA<\/h2>\n<\/p><\/div>\n","protected":false},"excerpt":{"rendered":"<p>Red Bull Racing dio a conocer el dise\u00f1o del RB18, el auto para la temporada 2022 de F\u00f3rmula 1 donde defender\u00e1n el campeonato que lograron el a\u00f1o pasado con Max Verstappen. La presentaci\u00f3n, que se hizo a trav\u00e9s de Twitter, comenz\u00f3 con un videoclip donde se lo vio a Verstappen llegando a las instalaciones del [&hellip;]<\/p>\n","protected":false},"author":1,"featured_media":16097,"comment_status":"closed","ping_status":"closed","sticky":false,"template":"","format":"standard","meta":[],"categories":[10],"tags":[],"_links":{"self":[{"href":"http:\/\/nuevacordoba.net\/index.php\/wp-json\/wp\/v2\/posts\/16096"}],"collection":[{"href":"http:\/\/nuevacordoba.net\/index.php\/wp-json\/wp\/v2\/posts"}],"about":[{"href":"http:\/\/nuevacordoba.net\/index.php\/wp-json\/wp\/v2\/types\/post"}],"author":[{"embeddable":true,"href":"http:\/\/nuevacordoba.net\/index.php\/wp-json\/wp\/v2\/users\/1"}],"replies":[{"embeddable":true,"href":"http:\/\/nuevacordoba.net\/index.php\/wp-json\/wp\/v2\/comments?post=16096"}],"version-history":[{"count":0,"href":"http:\/\/nuevacordoba.net\/index.php\/wp-json\/wp\/v2\/posts\/16096\/revisions"}],"wp:featuredmedia":[{"embeddable":true,"href":"http:\/\/nuevacordoba.net\/index.php\/wp-json\/wp\/v2\/media\/16097"}],"wp:attachment":[{"href":"http:\/\/nuevacordoba.net\/index.php\/wp-json\/wp\/v2\/media?parent=16096"}],"wp:term":[{"taxonomy":"category","embeddable":true,"href":"http:\/\/nuevacordoba.net\/index.php\/wp-json\/wp\/v2\/categories?post=16096"},{"taxonomy":"post_tag","embeddable":true,"href":"http:\/\/nuevacordoba.net\/index.php\/wp-json\/wp\/v2\/tags?post=16096"}],"curies":[{"name":"wp","href":"https:\/\/api.w.org\/{rel}","templated":true}]}}