{"id":16098,"date":"2022-02-09T19:06:40","date_gmt":"2022-02-09T19:06:40","guid":{"rendered":"https:\/\/www.ole.com.ar\/futbol-ascenso\/p-nacional-sacachispas-refuerzo_0_crHVvURZzA.html"},"modified":"2022-02-09T19:06:40","modified_gmt":"2022-02-09T19:06:40","slug":"uno-mas-para-el-mediocampo-del-lila","status":"publish","type":"post","link":"http:\/\/nuevacordoba.net\/index.php\/2022\/02\/09\/uno-mas-para-el-mediocampo-del-lila\/","title":{"rendered":"Uno m\u00e1s para el mediocampo del Lila"},"content":{"rendered":"<p>En los \u00faltimos d\u00edas de la pretemporada, el mercado de pases para Saca contin\u00faa activo y es por eso que incorpor\u00f3 a un futbolista que viene de integrar el plantel de Quilmes que perdi\u00f3 la final del Reducido por el segundo ascenso y que llega a un plantel que est\u00e1 recientemente ascendido.<\/p>\n<div class=\"sp__SM\">\n<div class=\"content-new \">\n<span class=\"tit-mobile\">Mir\u00e1 tambi\u00e9n<\/span><\/p>\n<div class=\"mg\">\n<div class=\"wrap-figure\">\n<picture>\n<a href=\"https:\/\/www.ole.com.ar\/futbol-ascenso\/p-nacional-estudiantes-centurion-ida_0_YVN8PYttMR.html\" target=\"_self\" rel=\"noopener\"><br \/>\n<img class=\"img-responsive\" alt=\"Su arquero se fue a River y trajo otros tres\" src=\"http:\/\/nuevacordoba.net\/wp-content\/uploads\/2022\/02\/uno-mas-para-el-mediocampo-del-lila.jpg\" loading=\"lazy\"><br \/>\n<\/a>\n<\/picture>\n<\/div>\n<\/div><\/div>\n<\/div>\n<p> Brandon Obreg\u00f3n, quien hizo su debut absoluto en el Cervecero, ya firm\u00f3 su contrato con la instituci\u00f3n y se encuentra bajo las \u00f3rdenes del director t\u00e9cnico Leonado Lemos. El volante de 25 a\u00f1os llega a pr\u00e9stamo por un a\u00f1o a la instituci\u00f3n de Villa Soldati.<\/p>\n<div class=\"sp__SM\">\n<div class=\"content-new \">\n<span class=\"tit-mobile\">Mir\u00e1 tambi\u00e9n<\/span><\/p>\n<div class=\"mg\">\n<div class=\"wrap-figure\">\n<picture>\n<a href=\"https:\/\/www.ole.com.ar\/futbol-ascenso\/primera-c-atlas-deportivo-zoe_0_mWt7aSbJoL.html\" target=\"_self\" rel=\"noopener\"><br \/>\n<img class=\"img-responsive\" alt=\"Dos que llegan desde el Regional\" src=\"http:\/\/nuevacordoba.net\/wp-content\/uploads\/2022\/02\/uno-mas-para-el-mediocampo-del-lila-1.jpg\" loading=\"lazy\"><br \/>\n<\/a>\n<\/picture>\n<\/div>\n<\/div><\/div>\n<\/div>\n<p> El Lila tendr\u00e1 su debut en la categor\u00eda el s\u00e1bado 12 de febrero, a partir de las 20, cuando visite a Alvarado en Mar del Plata.<\/p>\n<div class=\"sp__SM\">\n<div class=\"content-new \">\n<span class=\"tit-mobile\">Mir\u00e1 tambi\u00e9n<\/span><\/p>\n<div class=\"mg\">\n<div class=\"wrap-figure\">\n<picture>\n<a href=\"https:\/\/www.ole.com.ar\/futbol-ascenso\/ferro-comunicaciones-sub-20-masche_0_jIfCwmF5Fv.html\" target=\"_self\" rel=\"noopener\"><br \/>\n<img class=\"img-responsive\" alt=\"Ascenso unido: Conoc\u00e9 a los convocados por Masche al Sub 20\" src=\"http:\/\/nuevacordoba.net\/wp-content\/uploads\/2022\/02\/uno-mas-para-el-mediocampo-del-lila-2.jpg\" loading=\"lazy\"><br \/>\n<\/a>\n<\/picture>\n<\/div>\n<\/div><\/div>\n<\/div>\n<div class=\"sp__SM\">\n<div class=\"content-new \">\n<span class=\"tit-mobile\">Mir\u00e1 tambi\u00e9n<\/span><\/p>\n<div class=\"mg\">\n<div class=\"wrap-figure\">\n<picture>\n<a href=\"https:\/\/www.ole.com.ar\/futbol-ascenso\/p-nacional-chaco-for-ever-boca_0_zW6N0w2Jt8.html\" target=\"_self\" rel=\"noopener\"><br \/>\n<img class=\"img-responsive\" alt=\"Refuerzo boquense para Chaco For Ever\" src=\"http:\/\/nuevacordoba.net\/wp-content\/uploads\/2022\/02\/uno-mas-para-el-mediocampo-del-lila-3.jpg\" loading=\"lazy\"><br \/>\n<\/a>\n<\/picture>\n<\/div>\n<\/div><\/div>\n<\/div>\n<div class=\"entry-tags\">\n<h2>TEMAS QUE APARECEN EN ESTA NOTA<\/h2>\n<\/p><\/div>\n","protected":false},"excerpt":{"rendered":"<p>En los \u00faltimos d\u00edas de la pretemporada, el mercado de pases para Saca contin\u00faa activo y es por eso que incorpor\u00f3 a un futbolista que viene de integrar el plantel de Quilmes que perdi\u00f3 la final del Reducido por el segundo ascenso y que llega a un plantel que est\u00e1 recientemente ascendido. Mir\u00e1 tambi\u00e9n Brandon [&hellip;]<\/p>\n","protected":false},"author":1,"featured_media":16099,"comment_status":"closed","ping_status":"closed","sticky":false,"template":"","format":"standard","meta":[],"categories":[10],"tags":[],"_links":{"self":[{"href":"http:\/\/nuevacordoba.net\/index.php\/wp-json\/wp\/v2\/posts\/16098"}],"collection":[{"href":"http:\/\/nuevacordoba.net\/index.php\/wp-json\/wp\/v2\/posts"}],"about":[{"href":"http:\/\/nuevacordoba.net\/index.php\/wp-json\/wp\/v2\/types\/post"}],"author":[{"embeddable":true,"href":"http:\/\/nuevacordoba.net\/index.php\/wp-json\/wp\/v2\/users\/1"}],"replies":[{"embeddable":true,"href":"http:\/\/nuevacordoba.net\/index.php\/wp-json\/wp\/v2\/comments?post=16098"}],"version-history":[{"count":0,"href":"http:\/\/nuevacordoba.net\/index.php\/wp-json\/wp\/v2\/posts\/16098\/revisions"}],"wp:featuredmedia":[{"embeddable":true,"href":"http:\/\/nuevacordoba.net\/index.php\/wp-json\/wp\/v2\/media\/16099"}],"wp:attachment":[{"href":"http:\/\/nuevacordoba.net\/index.php\/wp-json\/wp\/v2\/media?parent=16098"}],"wp:term":[{"taxonomy":"category","embeddable":true,"href":"http:\/\/nuevacordoba.net\/index.php\/wp-json\/wp\/v2\/categories?post=16098"},{"taxonomy":"post_tag","embeddable":true,"href":"http:\/\/nuevacordoba.net\/index.php\/wp-json\/wp\/v2\/tags?post=16098"}],"curies":[{"name":"wp","href":"https:\/\/api.w.org\/{rel}","templated":true}]}}