{"id":16100,"date":"2022-02-10T00:45:01","date_gmt":"2022-02-10T00:45:01","guid":{"rendered":"http:\/\/nuevacordoba.net\/index.php\/2022\/02\/10\/el-festival-de-la-chaya-en-la-rioja-junto-al-de-entre-rios-y-baradero-en-la-tv-publica\/"},"modified":"2022-02-10T00:45:01","modified_gmt":"2022-02-10T00:45:01","slug":"el-festival-de-la-chaya-en-la-rioja-junto-al-de-entre-rios-y-baradero-en-la-tv-publica","status":"publish","type":"post","link":"http:\/\/nuevacordoba.net\/index.php\/2022\/02\/10\/el-festival-de-la-chaya-en-la-rioja-junto-al-de-entre-rios-y-baradero-en-la-tv-publica\/","title":{"rendered":"El Festival de La Chaya en La Rioja, junto al de Entre R\u00edos y Baradero, en la TV P\u00fablica"},"content":{"rendered":"<figure class=\"mb-3\"><img loading=\"lazy\" src=\"http:\/\/nuevacordoba.net\/wp-content\/uploads\/2022\/02\/el-festival-de-la-chaya-en-la-rioja-junto-al-de-entre-rios-y-baradero-en-la-tv-publica.jpg\" width=\"100%\" height=\"100%\" alt=\"Abel Pintos estar presente en la primera noche del festival riojano Foto Laura Lescano\"><figcaption> Abel Pintos estar\u00e1 presente en la primera noche del festival riojano (Foto: Laura Lescano) <\/figcaption><\/figure>\n<p><strong>Abel Pintos<\/strong> ser\u00e1 el n\u00famero fuerte de la apertura del festival riojano de<strong> La Chaya,<\/strong> que se emitir\u00e1 en vivo por la Televisi\u00f3n P\u00fablica para todo el pa\u00eds desde el jueves hasta el domingo pr\u00f3ximo entre las 21 y las 3 de la ma\u00f1ana, en simult\u00e1neo con la<strong> Fiesta Nacional del Chamam\u00e9 Federal de Entre R\u00edos<\/strong> y el <strong>Festival de la M\u00fasica Popular de Baradero<\/strong>, estos \u00faltimos desde el viernes.<\/p>\n<p>Ma\u00f1ana el Festival de La Chaya contar\u00e1 con las actuaciones de Pintos y de <strong>Francisco Ben\u00edtez,<\/strong> entre otros, mientras que el viernes se presentar\u00e1n <strong>Luciano Pereyra <\/strong>y<strong> Chaque\u00f1o Palavecino<\/strong>; el s\u00e1bado subir\u00e1n al escenario <strong>Jorge Rojas <\/strong>y<strong> La Konga<\/strong>; y el domingo ser\u00e1 el turno de <strong>Sergio Galleguillo <\/strong>y<strong> Dale Q\u00b4Va<\/strong>.<\/p>\n<p>En tanto desde el viernes, la programaci\u00f3n de festivales musicales de todo el pa\u00eds sumar\u00e1 tambi\u00e9n la Fiesta de Entre R\u00edos, donde actuar\u00e1n <strong>Chango Spasiuk, Marcia M\u00fcller, Los Majestuosos del Chamam\u00e9, Patricia G\u00f3mez y Marcelo Dellamea, Santiago Torres,<\/strong> y<strong> Monchito Merlo<\/strong>, entre otros.<\/p>\n<p>El s\u00e1bado, en el mismo escenario, se presentar\u00e1n <strong>Teresa Parodi , Los Imaguar\u00e9, Manuel Cruz, Malena Sierak <\/strong>y <strong>Emiliano L\u00f3pez<\/strong>; y el domingo <strong>Raly Barrionuevo, el d\u00fao Padularrosa Romero, Los Sheridan, Miguel Figueroa<\/strong> y su <strong>Conjunto Amanecer Campero y Alma de Montiel.<\/strong><\/p>\n<p>En Baradero se podr\u00e1 ver el vernes a<strong> Karina (La Princesita), Sergio Galleguillo, Ahyre, Luc\u00eda Ceresani, Paloma Angione, Grupo X3<\/strong>, adem\u00e1s de un homenaje a <strong>Jaime Torres<\/strong>; mientras que el s\u00e1bado ser\u00e1 el turno de <strong>Los Nocheros, Mora Godoy, Marcela Moreno<\/strong> y el domingo a <strong>Los Tekis, Los Alonsitos, Pasi\u00f3n de Origen, Tango Porte\u00f1o, Grupo Payama <\/strong>y<strong> Kaimanta<\/strong>. <\/p>\n","protected":false},"excerpt":{"rendered":"<p>Abel Pintos estar\u00e1 presente en la primera noche del festival riojano (Foto: Laura Lescano) Abel Pintos ser\u00e1 el n\u00famero fuerte de la apertura del festival riojano de La Chaya, que se emitir\u00e1 en vivo por la Televisi\u00f3n P\u00fablica para todo el pa\u00eds desde el jueves hasta el domingo pr\u00f3ximo entre las 21 y las 3 [&hellip;]<\/p>\n","protected":false},"author":1,"featured_media":16101,"comment_status":"closed","ping_status":"closed","sticky":false,"template":"","format":"standard","meta":[],"categories":[9],"tags":[],"_links":{"self":[{"href":"http:\/\/nuevacordoba.net\/index.php\/wp-json\/wp\/v2\/posts\/16100"}],"collection":[{"href":"http:\/\/nuevacordoba.net\/index.php\/wp-json\/wp\/v2\/posts"}],"about":[{"href":"http:\/\/nuevacordoba.net\/index.php\/wp-json\/wp\/v2\/types\/post"}],"author":[{"embeddable":true,"href":"http:\/\/nuevacordoba.net\/index.php\/wp-json\/wp\/v2\/users\/1"}],"replies":[{"embeddable":true,"href":"http:\/\/nuevacordoba.net\/index.php\/wp-json\/wp\/v2\/comments?post=16100"}],"version-history":[{"count":0,"href":"http:\/\/nuevacordoba.net\/index.php\/wp-json\/wp\/v2\/posts\/16100\/revisions"}],"wp:featuredmedia":[{"embeddable":true,"href":"http:\/\/nuevacordoba.net\/index.php\/wp-json\/wp\/v2\/media\/16101"}],"wp:attachment":[{"href":"http:\/\/nuevacordoba.net\/index.php\/wp-json\/wp\/v2\/media?parent=16100"}],"wp:term":[{"taxonomy":"category","embeddable":true,"href":"http:\/\/nuevacordoba.net\/index.php\/wp-json\/wp\/v2\/categories?post=16100"},{"taxonomy":"post_tag","embeddable":true,"href":"http:\/\/nuevacordoba.net\/index.php\/wp-json\/wp\/v2\/tags?post=16100"}],"curies":[{"name":"wp","href":"https:\/\/api.w.org\/{rel}","templated":true}]}}