{"id":16109,"date":"2022-02-10T03:03:26","date_gmt":"2022-02-10T03:03:26","guid":{"rendered":"https:\/\/puntoapunto.com.ar\/?p=321251"},"modified":"2022-02-10T03:03:26","modified_gmt":"2022-02-10T03:03:26","slug":"ucr-que-buscan-con-juez-y-como-quedan-las-bancadas","status":"publish","type":"post","link":"http:\/\/nuevacordoba.net\/index.php\/2022\/02\/10\/ucr-que-buscan-con-juez-y-como-quedan-las-bancadas\/","title":{"rendered":"UCR: qu\u00e9 buscan con Juez y c\u00f3mo quedan las bancadas"},"content":{"rendered":"<div class=\"g g-146\">\n<div class=\"g-single a-410\"><a class=\"gofollow\" data-track=\"NDEwLDE0NiwxLDYw\" href=\"https:\/\/www.grupocanter.com.ar\/notas\/2022-de-proyeccion\/?utm_source=Punto%20a%20Punto&amp;utm_medium=Banner&amp;utm_campaign=Departamentos&amp;utm_term=Banner%20Pie%20de%20Nota\" target=\"_blank\" rel=\"noopener\"><img src=\"http:\/\/nuevacordoba.net\/wp-content\/uploads\/2022\/02\/ucr-que-buscan-con-juez-y-como-quedan-las-bancadas.gif\"><\/a><\/div>\n<\/div>\n<p>El <strong>2021 cerr\u00f3 movido y este a\u00f1o no tuvo un arranque muy distinto para la UCR.<\/strong> Despu\u00e9s de unos meses intensos, donde se cruzaron con dureza con una interna hace casi un a\u00f1o, y la divisi\u00f3n que lleg\u00f3 despu\u00e9s con las Legislativas, el radicalismo intentar\u00e1 reconfigurar el GPS, cerrar filas y muscular.<\/p>\n<p>Las jugadas del <a href=\"https:\/\/pro.com.ar\/\" target=\"_blank\" rel=\"noopener\">PRO<\/a> con el debate por <a href=\"https:\/\/puntoapunto.com.ar\/legalizaron-el-juego-online-en-cordoba-de-que-se-trata-la-nueva-normativa\/\" target=\"_blank\" rel=\"noopener\">apuestas online<\/a>, sumado a los cambios en el Concejo que el domingo pasado adelant\u00f3 PERFIL C\u00d3RDOBA, se leen como<strong> consecuencias de otras maniobras que oculta el espacio amarillo<\/strong> y algunos en la UCR no alcanzan a descifrar. Por el contrario.<\/p>\n<p>En este contexto, la decisi\u00f3n de los popes del radicalismo fue cerrar filas. Bajar los decibeles de disputas de hace semanas, como las que se vivieron en el Congreso antes de fin de a\u00f1o y tratar de fortalecerse para no llegar dividido al 2023. Algo que, en 2019 se pag\u00f3 y caro con la peor elecci\u00f3n del partido de Alem, Sabattini e Illia.<\/p>\n<p>\u201cHay puntos de contacto. Sab\u00edamos de antes que las dos concejalas del PRO se iban a ir, por eso intentamos que algunos se acerquen en el Concejo. Pero no es f\u00e1cil\u201d, se\u00f1al\u00f3 a Punto a Punto un armador en las sombras. Hombre que estuvo, adem\u00e1s, detr\u00e1s de las salidas de<strong> Daniela Gudi\u00f1o, Patricia de Ferrari, Elisa Cafaratti y Juan Jure de la bancada que compart\u00edan con el PRO, al bloque que hasta esta semana lider\u00f3 Marcelo Cossar.<\/strong><\/p>\n<p>Desplazado por estos movimientos y con el riocuartense Jure estrenando rol como presidente de bloque en las pr\u00f3ximas horas.<\/p>\n<h4><strong>Mostrar unidad<\/strong><\/h4>\n<p>En las \u00faltimas semanas hubo conversaciones entre <strong>Mario Negri y Rodrigo de Loredo,<\/strong> dato no menor si se tiene en cuenta que ambos se cruzaron fuerte en la interna 2021, que luego trasladaron esto a la campa\u00f1a de las Legislativas y que las cerraron con las peleas por la presidencia del bloque UCR en el Congreso.<\/p>\n<p>\u201c<strong>Rodrigo se equivoc\u00f3 en la manera en la que entr\u00f3 al Congreso<\/strong> pidiendo presidencia contra un tipo que por algo hace a\u00f1os que est\u00e1. No era por ah\u00ed. Por eso, que hayan vuelto a hablar es un buen indicio\u201d, razon\u00f3 una fuente del radicalismo que adem\u00e1s agreg\u00f3 un viaje familiar de De Loredo con su suegro, el exministro de Defensa, Oscar Aguad, con quien tambi\u00e9n se limaron asperezas.<\/p>\n<p>Con el bloque casi sellado en la Unicameral compuesto por radicales puros y donde el \u00fanico que qued\u00f3 con el PRO fue Orlando Arduh; en el Concejo hay algunos que quieren juntar a los radicales desperdigados en cuatro bloques: el que lidera Juan Negri y contiene a los dos juecistas; el del mestrismo, tambi\u00e9n con cuatro bancas; y las dos unipersonales, compuestas por el deloredista Esteban Br\u00eda y Lucas Bali\u00e1n, hombre de<br \/>Javier Bee Sellares.<\/p>\n<p>Entre todos hay di\u00e1logo, incluso algunos sostienen que el propio exintendente Ram\u00f3n Mestre, de perfil muy bajo en el \u00faltimo tiempo, pero con llegada a sus ediles, no ve con malos ojos la unidad radical en el legislativo municipal.<\/p>\n<h4><strong>Las conversaciones con Juez<\/strong><\/h4>\n<p>Lo que tambi\u00e9n tienen claro en la UCR es que<strong> Juez es el taquillero que tiene buen di\u00e1logo con todos<\/strong>: con ellos y con el PRO. \u201cEs al que hay que rodear. Con varios del PRO en C\u00f3rdoba no termin\u00f3 bien, por eso les pisa las referencias nacionales. <strong>\u00c9l habla con (Patricia) Bullrich, (Horacio) Rodr\u00edguez Larreta o (Diego) Santilli, sin que los <\/strong><strong>amarillos de ac\u00e1 le tengan que abrir una puerta. Al contrario<\/strong>\u201d, lanz\u00f3 un radical que se ilusiona con el l\u00edder del Frente C\u00edvico adentro.<\/p>\n<p>\u201cNosotros tenemos valores parlamentarios como Negri, la experiencia de Ram\u00f3n, que contiene a algunos intendentes y podemos apuntar a Rodrigo como figura a proyectar. Como candidato a gobernador, a vice de Juez o a intendente. El PRO de C\u00f3rdoba no tiene referentes a este nivel\u201d, reconoci\u00f3 a este medio.<\/p>\n<p>Sin embargo, para impulsar un acuerdo con el que considera el m\u00e1s taquillero de los cordobeses, deber\u00e1 sortear antes un filtro con sus correligionarios.<\/p>\n<h4><strong>La mirada al PRO<\/strong><\/h4>\n<p>No es nueva la desconfianza del radicalismo hacia el espacio amarillo y la relaci\u00f3n con el PJ schiarettista. Sin embargo, tambi\u00e9n entienden que el PRO transita crudas internas no tan visibles como las del radicalismo y que s\u00f3lo los pone en l\u00ednea la llegada de un peso pesado desde Buenos Aires. \u201cLes falta el gerente de la sucursal C\u00f3rdoba. Hasta que no definan eso, nosotros tenemos tiempo para seguir conversando y musculando<br \/>adentro\u201d, enfatiz\u00f3 un radical.<\/p>\n<p>Los cruces van a ser intensos. La sensaci\u00f3n que sobrevuela es que habr\u00e1 m\u00e1s roces de los del 2021 y qu<strong>e este a\u00f1o se definir\u00e1n cosas importantes en C\u00f3rdoba.<\/strong><\/p>\n","protected":false},"excerpt":{"rendered":"<p>El 2021 cerr\u00f3 movido y este a\u00f1o no tuvo un arranque muy distinto para la UCR. Despu\u00e9s de unos meses intensos, donde se cruzaron con dureza con una interna hace casi un a\u00f1o, y la divisi\u00f3n que lleg\u00f3 despu\u00e9s con las Legislativas, el radicalismo intentar\u00e1 reconfigurar el GPS, cerrar filas y muscular. Las jugadas del [&hellip;]<\/p>\n","protected":false},"author":1,"featured_media":16110,"comment_status":"open","ping_status":"closed","sticky":false,"template":"","format":"standard","meta":[],"categories":[12,14],"tags":[],"_links":{"self":[{"href":"http:\/\/nuevacordoba.net\/index.php\/wp-json\/wp\/v2\/posts\/16109"}],"collection":[{"href":"http:\/\/nuevacordoba.net\/index.php\/wp-json\/wp\/v2\/posts"}],"about":[{"href":"http:\/\/nuevacordoba.net\/index.php\/wp-json\/wp\/v2\/types\/post"}],"author":[{"embeddable":true,"href":"http:\/\/nuevacordoba.net\/index.php\/wp-json\/wp\/v2\/users\/1"}],"replies":[{"embeddable":true,"href":"http:\/\/nuevacordoba.net\/index.php\/wp-json\/wp\/v2\/comments?post=16109"}],"version-history":[{"count":0,"href":"http:\/\/nuevacordoba.net\/index.php\/wp-json\/wp\/v2\/posts\/16109\/revisions"}],"wp:featuredmedia":[{"embeddable":true,"href":"http:\/\/nuevacordoba.net\/index.php\/wp-json\/wp\/v2\/media\/16110"}],"wp:attachment":[{"href":"http:\/\/nuevacordoba.net\/index.php\/wp-json\/wp\/v2\/media?parent=16109"}],"wp:term":[{"taxonomy":"category","embeddable":true,"href":"http:\/\/nuevacordoba.net\/index.php\/wp-json\/wp\/v2\/categories?post=16109"},{"taxonomy":"post_tag","embeddable":true,"href":"http:\/\/nuevacordoba.net\/index.php\/wp-json\/wp\/v2\/tags?post=16109"}],"curies":[{"name":"wp","href":"https:\/\/api.w.org\/{rel}","templated":true}]}}