{"id":16113,"date":"2022-02-09T15:00:27","date_gmt":"2022-02-09T15:00:27","guid":{"rendered":"http:\/\/cordobanewsnet.wordpress.com\/?p=6623"},"modified":"2022-02-09T15:00:27","modified_gmt":"2022-02-09T15:00:27","slug":"relanzan-el-boleto-educativo-gratuito-enterate-como-inscribirte","status":"publish","type":"post","link":"http:\/\/nuevacordoba.net\/index.php\/2022\/02\/09\/relanzan-el-boleto-educativo-gratuito-enterate-como-inscribirte\/","title":{"rendered":"Relanzan el Boleto Educativo Gratuito: Enterate como inscribirte"},"content":{"rendered":"<div><img src=\"http:\/\/nuevacordoba.net\/wp-content\/uploads\/2022\/02\/relanzan-el-boleto-educativo-gratuito-enterate-como-inscribirte.jpg\" class=\"ff-og-image-inserted\"><\/div>\n<p>El pr\u00f3ximo 2 de marzo inicia el ciclo lectivo 2022. Ese d\u00eda, estudiantes, docentes y personal no docente podr\u00e1n trasladarse en<strong>&nbsp;transporte urbano e interurbano sin pagar<\/strong>. Esto se debe a que vuelve el&nbsp;<strong>Boleto Educativo Gratuito<\/strong>.<\/p>\n<p>Alcanza a quienes asisten a instituciones educativas p\u00fablicas de gesti\u00f3n estatal y privada y alumnos de universidades p\u00fablicas de la provincia de C\u00f3rdoba. Tambi\u00e9n podr\u00e1n hacerlo los universitarios de instituciones de gesti\u00f3n privada sin aportes estatales que obtuvieron becas.<\/p>\n<p>La Secretar\u00eda de Transporte relanz\u00f3 el programa y desde el pr\u00f3ximo&nbsp;<strong>14 de febrero<\/strong>, los interesados<strong>&nbsp;podr\u00e1n inscribirse<\/strong>&nbsp;a trav\u00e9s del Formulario \u00danico de Postulantes (FUP), accediendo con Ciudadano Digital nivel 2.&nbsp;<\/p>\n<p>El registro para nivel superior y universitario para acceder al beneficio se abrir\u00e1 a partir de su correspondiente inicio de clases.&nbsp;<\/p>\n<p><strong>Paso a paso<\/strong><\/p>\n<p>*Tener cuenta en CiDi nivel 2<\/p>\n<p>*Buscar Formulario \u00danico de Postulantes<\/p>\n<p>*En la grilla, clickear en Boleto Educativo Gratuito<\/p>\n<p>*Completar datos personales: nombre y apellido; domicilio; tipo de solicitante; servicio y la empresa de transporte.<\/p>\n<p>*Finalizar inscripci\u00f3n<\/p>\n<p>*El usuario recibir\u00e1 un mail de confirmaci\u00f3n de la inscripci\u00f3n y luego otro sobre c\u00f3mo proceder para cada caso.<\/p>\n<div id=\"jp-post-flair\" class=\"sharedaddy sd-like-enabled sd-sharing-enabled\">\n<div class=\"sharedaddy sd-sharing-enabled\">\n<div class=\"robots-nocontent sd-block sd-social sd-social-icon-text sd-sharing\">\n<h3 class=\"sd-title\">Share this:<\/h3>\n<\/div>\n<\/div>\n<div class=\"sharedaddy sd-block sd-like jetpack-likes-widget-wrapper jetpack-likes-widget-unloaded\" id=\"like-post-wrapper-143108178-6623-6204f3d0b5d64\" data-src=\"\/\/widgets.wp.com\/likes\/index.html?ver=20220105#blog_id=143108178&amp;post_id=6623&amp;origin=cordobanewsnet.wordpress.com&amp;obj_id=143108178-6623-6204f3d0b5d64\" data-name=\"like-post-frame-143108178-6623-6204f3d0b5d64\" data-title=\"Me gusta o Compartir\">\n<h3 class=\"sd-title\">Me gusta esto:<\/h3>\n<p><span class=\"button\"><span>Me gusta<\/span><\/span> <span class=\"loading\">Cargando&#8230;<\/span><\/p>\n<p><span class=\"sd-text-color\"><\/span><\/div>\n<p><h3 class=\"jp-relatedposts-headline\"><em>Relacionado<\/em><\/h3>\n<\/p>\n<\/div>\n","protected":false},"excerpt":{"rendered":"<p>El pr\u00f3ximo 2 de marzo inicia el ciclo lectivo 2022. Ese d\u00eda, estudiantes, docentes y personal no docente podr\u00e1n trasladarse en&nbsp;transporte urbano e interurbano sin pagar. Esto se debe a que vuelve el&nbsp;Boleto Educativo Gratuito. Alcanza a quienes asisten a instituciones educativas p\u00fablicas de gesti\u00f3n estatal y privada y alumnos de universidades p\u00fablicas de la [&hellip;]<\/p>\n","protected":false},"author":1,"featured_media":16114,"comment_status":"closed","ping_status":"closed","sticky":false,"template":"","format":"standard","meta":[],"categories":[14],"tags":[],"_links":{"self":[{"href":"http:\/\/nuevacordoba.net\/index.php\/wp-json\/wp\/v2\/posts\/16113"}],"collection":[{"href":"http:\/\/nuevacordoba.net\/index.php\/wp-json\/wp\/v2\/posts"}],"about":[{"href":"http:\/\/nuevacordoba.net\/index.php\/wp-json\/wp\/v2\/types\/post"}],"author":[{"embeddable":true,"href":"http:\/\/nuevacordoba.net\/index.php\/wp-json\/wp\/v2\/users\/1"}],"replies":[{"embeddable":true,"href":"http:\/\/nuevacordoba.net\/index.php\/wp-json\/wp\/v2\/comments?post=16113"}],"version-history":[{"count":0,"href":"http:\/\/nuevacordoba.net\/index.php\/wp-json\/wp\/v2\/posts\/16113\/revisions"}],"wp:featuredmedia":[{"embeddable":true,"href":"http:\/\/nuevacordoba.net\/index.php\/wp-json\/wp\/v2\/media\/16114"}],"wp:attachment":[{"href":"http:\/\/nuevacordoba.net\/index.php\/wp-json\/wp\/v2\/media?parent=16113"}],"wp:term":[{"taxonomy":"category","embeddable":true,"href":"http:\/\/nuevacordoba.net\/index.php\/wp-json\/wp\/v2\/categories?post=16113"},{"taxonomy":"post_tag","embeddable":true,"href":"http:\/\/nuevacordoba.net\/index.php\/wp-json\/wp\/v2\/tags?post=16113"}],"curies":[{"name":"wp","href":"https:\/\/api.w.org\/{rel}","templated":true}]}}