{"id":16117,"date":"2022-02-10T15:33:33","date_gmt":"2022-02-10T15:33:33","guid":{"rendered":"https:\/\/prensa.cba.gov.ar\/?p=486595"},"modified":"2022-02-10T15:33:33","modified_gmt":"2022-02-10T15:33:33","slug":"san-francisco-schiaretti-inauguro-el-monumento-a-juan-bautista-bustos","status":"publish","type":"post","link":"http:\/\/nuevacordoba.net\/index.php\/2022\/02\/10\/san-francisco-schiaretti-inauguro-el-monumento-a-juan-bautista-bustos\/","title":{"rendered":"San Francisco: Schiaretti inaugur\u00f3 el monumento a Juan Bautista Bustos"},"content":{"rendered":"<div><img src=\"http:\/\/nuevacordoba.net\/wp-content\/uploads\/2022\/02\/san-francisco-schiaretti-inauguro-el-monumento-a-juan-bautista-bustos.jpg\" class=\"ff-og-image-inserted\"><\/div>\n<ul>\n<li><strong>Es la s\u00e9ptima estatua ecuestre en honor al pr\u00f3cer cordob\u00e9s; existen otras similares en C\u00f3rdoba capital (2), R\u00edo Cuarto, Villa Carlos Paz, Villa Mar\u00eda y CABA.<\/strong><\/li>\n<li><strong>As\u00ed, se contin\u00faa homenajeando al primer gobernador constitucional de la Provincia y caudillo federal que leg\u00f3 la autonom\u00eda de C\u00f3rdoba y su primera Constituci\u00f3n.<\/strong><\/li>\n<li><strong>En la ciudad del nordeste provincial, la estatua conmemorativa de Bustos se encuentra ubicada en la plazoleta del Jard\u00edn Bot\u00e1nico.<\/strong>&nbsp;<\/li>\n<\/ul>\n<p>El gobernador <strong>Juan Schiaretti<\/strong> inaugur\u00f3 hoy en la ciudad de San Francisco el <strong>monumento homenaje al Brigadier General Juan Bautista Bustos<\/strong>, primer gobernador constitucional de C\u00f3rdoba y caudillo federal.<\/p>\n<p>La estatua ecuestre se convirti\u00f3 en <strong>la s\u00e9ptima consecutiva de la serie alusiva al pr\u00f3cer cordob\u00e9s<\/strong>. Las anteriores se encuentran en la ciudades de C\u00f3rdoba (2), R\u00edo Cuarto, Villa Carlos Paz, Villa Mar\u00eda y en CABA, ciudad a la que Bustos defendi\u00f3 durante las invasiones inglesas de 1806 y 1807.<\/p>\n<figure class=\"wp-block-gallery columns-3 is-cropped\"><\/figure>\n<p>En el acto, el mandatario estuvo acompa\u00f1ado por el vicegobernador Manuel Calvo; el diputado nacional, Ignacio Garc\u00eda Aresca; el intendente de San Francisco, Dami\u00e1n Berarte; el ministro de Obras P\u00fablicas, Ricardo Sosa; el ministro de Servicios P\u00fablicos, Fabi\u00e1n L\u00f3pez; la presidenta de la Agencia C\u00f3rdoba Cultura, Nora Bedano; el director de Vialidad Provincial, Mart\u00edn Guti\u00e9rrez; legisladores; y dem\u00e1s autoridades provinciales y municipales.<\/p>\n<p>El gobernador destac\u00f3 la obra de Bustos afirmando que <em>\u00abnos leg\u00f3 a los cordobeses el esp\u00edritu de ser federal, el de avanzar hacia el progreso y hacia la modernidad, incorporando lo nuevo que pasa en el mundo sin tenerle miedo\u00bb.<\/em><\/p>\n<p>La escultura es el resultado del concurso organizado por la Provincia y ganado por el artista Marcelo Hepp (1946-2019) en el a\u00f1o 2009. <strong>El monumento muestra al pr\u00f3cer montado en su caballo y mirando a su izquierda<\/strong>, con el torso girado levemente hacia la derecha.<\/p>\n<p>Complementando los aportes del primer gobernador constitucional de C\u00f3rdoba, Schiaretti se\u00f1al\u00f3: <em>\u00abJuan Bautista Bustos fue tambi\u00e9n un federal en serio, que siempre se opuso a los designios unitarios del puerto de Buenos Aires y sus alrededores, y nos leg\u00f3 ese esp\u00edritu federal\u00bb.<\/em><\/p>\n<p><strong>La intenci\u00f3n del Gobierno de C\u00f3rdoba es reivindicar su figura<\/strong> y muestra el compromiso que tiene la Provincia con el caudillo.<\/p>\n<blockquote class=\"wp-block-quote\">\n<p>\u00abEn \u00e9pocas donde hab\u00eda guerras civiles, durante los 10 a\u00f1os pr\u00e1cticamente de gesti\u00f3n de Juan Bautista Bustos en C\u00f3rdoba, hab\u00eda paz y armon\u00eda porque \u00e9l como gobernante fue tolerante con los que pensaban distinto, \u00e9l mantuvo las libertades pol\u00edticas, mantuvo en funcionamiento la democracia. Fue capaz de provincializar la UNC, que es la primera universidad de nuestra Argentina, fue capaz de crear 23 escuelas, la primera imprenta. En definitiva, fue un gobernante progresista y moderno\u00bb.<\/p>\n<p><cite>Juan Schiaretti<\/cite><\/p><\/blockquote>\n<p><strong>La estatua conmemorativa de Bustos est\u00e1 ubicada en la plazoleta del Jard\u00edn Bot\u00e1nico<\/strong>. La Municipalidad sanfrancisque\u00f1a se encarg\u00f3 de construir la base y la explanada donde se erige el monumento.<\/p>\n<p>Quienes visiten la escultura podr\u00e1n observar una placa con un c\u00f3digo QR que, al escanearlo, permite obtener informaci\u00f3n espec\u00edfica sobre el monumento y el artista.<\/p>\n<figure class=\"wp-block-gallery columns-3 is-cropped\"><\/figure>\n<h3><strong>Un poco de historia<\/strong><\/h3>\n<p>Anteriormente a la sanci\u00f3n de la Constituci\u00f3n Nacional en 1853, existieron en C\u00f3rdoba instrumentos de car\u00e1cter constitucional. Como consecuencia de la batalla de Cepeda del 1 de febrero de 1820, se produjo una dispersi\u00f3n del poder y cada provincia qued\u00f3 a cargo del manejo de su destino.<\/p>\n<p>El 21 de marzo de 1820, la Asamblea Provincial eligi\u00f3 por mayor\u00eda de votos a&nbsp;Juan&nbsp;Bautista&nbsp;Bustos&nbsp;como gobernador de la provincia de C\u00f3rdoba, cargo que el caudillo asumi\u00f3 el 24 de marzo de ese a\u00f1o. En 1821, la postura de&nbsp;Bustos&nbsp;en favor de la unidad nacional chocaba con la intenci\u00f3n del poder central con asiento en Buenos Aires.<\/p>\n<p>Es por ello que promovi\u00f3 el dictado de la Constituci\u00f3n de la Provincia de C\u00f3rdoba (llamado \u201cReglamento Provisorio para el R\u00e9gimen y la Administraci\u00f3n de C\u00f3rdova\u201d, por las circunstancias excepcionales que viv\u00eda la Naci\u00f3n), convirti\u00e9ndose entonces, en el primer gobernador constitucional de la provincia. <\/p>\n<p>Los miembros de la Asamblea Provincial por voto directo y car\u00e1cter democr\u00e1tico fueron quienes ratificaron la soberan\u00eda de C\u00f3rdoba y la mencionada constituci\u00f3n.<\/p>\n<p>El general Bustos representa la lucha, el trabajo y el empe\u00f1o en la b\u00fasqueda de un pa\u00eds m\u00e1s justo e igualitario en el que todas sus regiones y sus habitantes tengan igualdad de oportunidades de desarrollo, de progreso y de prosperidad.<\/p>\n<p>Las esculturas emplazadas en su honor reivindican al primer gobernador constitucional de C\u00f3rdoba sobre su caballo, en una imagen que resume el coraje, la inteligencia y el esfuerzo de los grandes pr\u00f3ceres que forjaron la patria.<\/p>\n","protected":false},"excerpt":{"rendered":"<p>Es la s\u00e9ptima estatua ecuestre en honor al pr\u00f3cer cordob\u00e9s; existen otras similares en C\u00f3rdoba capital (2), R\u00edo Cuarto, Villa Carlos Paz, Villa Mar\u00eda y CABA. As\u00ed, se contin\u00faa homenajeando al primer gobernador constitucional de la Provincia y caudillo federal que leg\u00f3 la autonom\u00eda de C\u00f3rdoba y su primera Constituci\u00f3n. En la ciudad del nordeste [&hellip;]<\/p>\n","protected":false},"author":1,"featured_media":16118,"comment_status":"closed","ping_status":"closed","sticky":false,"template":"","format":"standard","meta":[],"categories":[14],"tags":[],"_links":{"self":[{"href":"http:\/\/nuevacordoba.net\/index.php\/wp-json\/wp\/v2\/posts\/16117"}],"collection":[{"href":"http:\/\/nuevacordoba.net\/index.php\/wp-json\/wp\/v2\/posts"}],"about":[{"href":"http:\/\/nuevacordoba.net\/index.php\/wp-json\/wp\/v2\/types\/post"}],"author":[{"embeddable":true,"href":"http:\/\/nuevacordoba.net\/index.php\/wp-json\/wp\/v2\/users\/1"}],"replies":[{"embeddable":true,"href":"http:\/\/nuevacordoba.net\/index.php\/wp-json\/wp\/v2\/comments?post=16117"}],"version-history":[{"count":0,"href":"http:\/\/nuevacordoba.net\/index.php\/wp-json\/wp\/v2\/posts\/16117\/revisions"}],"wp:featuredmedia":[{"embeddable":true,"href":"http:\/\/nuevacordoba.net\/index.php\/wp-json\/wp\/v2\/media\/16118"}],"wp:attachment":[{"href":"http:\/\/nuevacordoba.net\/index.php\/wp-json\/wp\/v2\/media?parent=16117"}],"wp:term":[{"taxonomy":"category","embeddable":true,"href":"http:\/\/nuevacordoba.net\/index.php\/wp-json\/wp\/v2\/categories?post=16117"},{"taxonomy":"post_tag","embeddable":true,"href":"http:\/\/nuevacordoba.net\/index.php\/wp-json\/wp\/v2\/tags?post=16117"}],"curies":[{"name":"wp","href":"https:\/\/api.w.org\/{rel}","templated":true}]}}