{"id":16130,"date":"2022-02-10T17:59:40","date_gmt":"2022-02-10T17:59:40","guid":{"rendered":"https:\/\/www.ole.com.ar\/futbol-ascenso\/p-nacional-deportivo-madryn-fernandez_0_Whk7fH2dso.html"},"modified":"2022-02-10T17:59:40","modified_gmt":"2022-02-10T17:59:40","slug":"brian-fernandez-a-madryn","status":"publish","type":"post","link":"http:\/\/nuevacordoba.net\/index.php\/2022\/02\/10\/brian-fernandez-a-madryn\/","title":{"rendered":"\u00bfBrian Fern\u00e1ndez a Madryn?"},"content":{"rendered":"<p>Cuando todo parec\u00eda indicar que el t\u00e9cnico&nbsp;Ricardo Pancaldo&nbsp;ya ten\u00eda a su plantel cerrado con los \u00faltimos dos refuerzos confirmados,&nbsp;Deportivo Madryn busca dar un golpe en la mesa sobre el cierre del libro de pases con la llegada de un delantero importante.<\/p>\n<div class=\"sp__SM\">\n<div class=\"content-new \">\n<span class=\"tit-mobile\">Mir\u00e1 tambi\u00e9n<\/span><\/p>\n<div class=\"mg\">\n<div class=\"wrap-figure\">\n<picture>\n<a href=\"https:\/\/www.ole.com.ar\/futbol-ascenso\/p-nacional-moron-tristan-hora_0_1SfCPGrnxj.html\" target=\"_self\" rel=\"noopener\"><br \/>\n<img class=\"img-responsive\" alt=\"Mor\u00f3n y Trist\u00e1n Su\u00e1rez abren un nuevo torneo del Nacional\" src=\"http:\/\/nuevacordoba.net\/wp-content\/uploads\/2022\/02\/brian-fernandez-a-madryn.jpg\" loading=\"lazy\"><br \/>\n<\/a>\n<\/picture>\n<\/div>\n<\/div><\/div>\n<\/div>\n<p><a alt=\"brian-fernandez\" class=\"slug\" href=\"https:\/\/www.ole.com.ar\/tema\/brian-fernandez.html\" target=\"_blank\" title=\"brian-fernandez\" rel=\"noopener\">Brian Fernandez<\/a>&nbsp;es el nombre por el cual negocian en Madryn, cuyo pase pertenece a Col\u00f3n de Santa Fe y lo liberar\u00edan mediante un pr\u00e9stamo con algunos detalles m\u00e1s que la dirigencia del Aurinegro busca resolver. La negociaci\u00f3n ya estar\u00eda encaminada y en las pr\u00f3ximas horas se confirmar\u00eda como nuevo refuerzo de la instituci\u00f3n<\/p>\n<div class=\"sp__SM\">\n<div class=\"content-new \">\n<span class=\"tit-mobile\">Mir\u00e1 tambi\u00e9n<\/span><\/p>\n<div class=\"mg\">\n<div class=\"wrap-figure\">\n<picture>\n<a href=\"https:\/\/www.ole.com.ar\/futbol-ascenso\/p-nacional-quilmes-lopez-garcia_0_6TpKbt3zPd.html\" target=\"_self\" rel=\"noopener\"><br \/>\n<img class=\"img-responsive\" alt=\"Lleg\u00f3 el octavo para Quilmes\" src=\"http:\/\/nuevacordoba.net\/wp-content\/uploads\/2022\/02\/brian-fernandez-a-madryn-1.jpg\" loading=\"lazy\"><br \/>\n<\/a>\n<\/picture>\n<\/div>\n<\/div><\/div>\n<\/div>\n<p> El delantero viene de destacarse en Ferro durante la \u00faltima temporada, aunque sobre el final del campeonato sufri\u00f3 una nueva reca\u00edda, reconocida por presidente del club de Caballito, que lo alej\u00f3&nbsp;de las canchas.<\/p>\n<div class=\"sp__SM\">\n<div class=\"content-new \">\n<span class=\"tit-mobile\">Mir\u00e1 tambi\u00e9n<\/span><\/p>\n<div class=\"mg\">\n<div class=\"wrap-figure\">\n<picture>\n<a href=\"https:\/\/www.ole.com.ar\/futbol-ascenso\/p-nacional-mercado-fixture-inicio_0_ETLeyPRAfv.html\" target=\"_self\" rel=\"noopener\"><br \/>\n<img class=\"img-responsive\" alt=\"Todo lo que ten\u00e9s que saber del Nacional que se viene\" src=\"http:\/\/nuevacordoba.net\/wp-content\/uploads\/2022\/02\/brian-fernandez-a-madryn-2.jpg\" loading=\"lazy\"><br \/>\n<\/a>\n<\/picture>\n<\/div>\n<\/div><\/div>\n<\/div>\n<p> Durante esta pretemporada se entren\u00f3 con el Col\u00f3n dirigido por Julio C\u00e9sar Falcioni, que tiene un ataque de lujo con Facundo Far\u00edas y las llegadas del Pulga Rodr\u00edguez y Wanchope Abila.<\/p>\n<div class=\"sp__SM\">\n<div class=\"content-new \">\n<span class=\"tit-mobile\">Mir\u00e1 tambi\u00e9n<\/span><\/p>\n<div class=\"mg\">\n<div class=\"wrap-figure\">\n<picture>\n<a href=\"https:\/\/www.ole.com.ar\/futbol-ascenso\/p-nacional-sacachispas-refuerzo_0_crHVvURZzA.html\" target=\"_self\" rel=\"noopener\"><br \/>\n<img class=\"img-responsive\" alt=\"Uno m\u00e1s para el mediocampo del Lila\" src=\"http:\/\/nuevacordoba.net\/wp-content\/uploads\/2022\/02\/brian-fernandez-a-madryn-3.jpg\" loading=\"lazy\"><br \/>\n<\/a>\n<\/picture>\n<\/div>\n<\/div><\/div>\n<\/div>\n<p> Con un pasado en clubes como&nbsp;Defensa y Justicia, Racing Club, Sarmiento, Racing Club, Metz de Francia, Uni\u00f3n La Calera, Necaxa y Portland Timbers,&nbsp;Brian Fernandez se sumar\u00eda a las incorporaciones ya confirmadas por Deportivo Madryn: Yair Bonn\u00edn, Franco Flores, Sebasti\u00e1n Hern\u00e1ndez, Cristian Gonz\u00e1lez, Lucas Pruzzo, Federico Recalde, Nicol\u00e1s S\u00e1nchez, Andr\u00e9s Lioi, Rodrigo Castillo, Luis Dezi y Juli\u00e1n Casariego.<\/p>\n<div class=\"sp__SM\">\n<div class=\"content-new \">\n<span class=\"tit-mobile\">Mir\u00e1 tambi\u00e9n<\/span><\/p>\n<div class=\"mg\">\n<div class=\"wrap-figure\">\n<picture>\n<a href=\"https:\/\/www.ole.com.ar\/futbol-ascenso\/p-nacional-estudiantes-centurion-ida_0_YVN8PYttMR.html\" target=\"_self\" rel=\"noopener\"><br \/>\n<img class=\"img-responsive\" alt=\"Su arquero se fue a River y trajo otros tres\" src=\"http:\/\/nuevacordoba.net\/wp-content\/uploads\/2022\/02\/brian-fernandez-a-madryn-4.jpg\" loading=\"lazy\"><br \/>\n<\/a>\n<\/picture>\n<\/div>\n<\/div><\/div>\n<\/div>\n<p> El Aurinegro har\u00e1 su debut en el campeonato cuando reciba a Agropecuario el pr\u00f3ximo s\u00e1bado a partir de las 17.<\/p>\n<div class=\"sp__SM\">\n<div class=\"content-new \">\n<span class=\"tit-mobile\">Mir\u00e1 tambi\u00e9n<\/span><\/p>\n<div class=\"mg\">\n<div class=\"wrap-figure\">\n<picture>\n<a href=\"https:\/\/www.ole.com.ar\/futbol-ascenso\/p-nacional-chaco-for-ever-boca_0_zW6N0w2Jt8.html\" target=\"_self\" rel=\"noopener\"> <img class=\"img-responsive\" alt=\"Refuerzo boquense para Chaco For Ever\" src=\"http:\/\/nuevacordoba.net\/wp-content\/uploads\/2022\/02\/brian-fernandez-a-madryn-5.jpg\" loading=\"lazy\"><br \/>\n<\/a>\n<\/picture>\n<\/div>\n<\/div><\/div>\n<\/div>\n<div class=\"sp__SM\">\n<div class=\"content-new \">\n<span class=\"tit-mobile\">Mir\u00e1 tambi\u00e9n<\/span><\/p>\n<div class=\"mg\">\n<div class=\"wrap-figure\">\n<picture>\n<a href=\"https:\/\/www.ole.com.ar\/futbol-ascenso\/ferro-comunicaciones-sub-20-masche_0_jIfCwmF5Fv.html\" target=\"_self\" rel=\"noopener\"><br \/>\n<img class=\"img-responsive\" alt=\"Ascenso unido: Conoc\u00e9 a los convocados por Masche al Sub 20\" src=\"http:\/\/nuevacordoba.net\/wp-content\/uploads\/2022\/02\/brian-fernandez-a-madryn-6.jpg\" loading=\"lazy\"><br \/>\n<\/a>\n<\/picture>\n<\/div>\n<\/div><\/div>\n<\/div>\n<div class=\"sp__SM\">\n<div class=\"content-new \">\n<span class=\"tit-mobile\">Mir\u00e1 tambi\u00e9n<\/span><\/p>\n<div class=\"mg\">\n<div class=\"wrap-figure\">\n<picture>\n<a href=\"https:\/\/www.ole.com.ar\/futbol-ascenso\/primera-c-atlas-deportivo-zoe_0_mWt7aSbJoL.html\" target=\"_self\" rel=\"noopener\"><br \/>\n<img class=\"img-responsive\" alt=\"Dos que llegan desde el Regional\" src=\"http:\/\/nuevacordoba.net\/wp-content\/uploads\/2022\/02\/brian-fernandez-a-madryn-7.jpg\" loading=\"lazy\"><br \/>\n<\/a>\n<\/picture>\n<\/div>\n<\/div><\/div>\n<\/div>\n<div class=\"entry-tags\">\n<h2>TEMAS QUE APARECEN EN ESTA NOTA<\/h2>\n<\/p><\/div>\n","protected":false},"excerpt":{"rendered":"<p>Cuando todo parec\u00eda indicar que el t\u00e9cnico&nbsp;Ricardo Pancaldo&nbsp;ya ten\u00eda a su plantel cerrado con los \u00faltimos dos refuerzos confirmados,&nbsp;Deportivo Madryn busca dar un golpe en la mesa sobre el cierre del libro de pases con la llegada de un delantero importante. Mir\u00e1 tambi\u00e9n Brian Fernandez&nbsp;es el nombre por el cual negocian en Madryn, cuyo pase [&hellip;]<\/p>\n","protected":false},"author":1,"featured_media":16131,"comment_status":"closed","ping_status":"closed","sticky":false,"template":"","format":"standard","meta":[],"categories":[10],"tags":[],"_links":{"self":[{"href":"http:\/\/nuevacordoba.net\/index.php\/wp-json\/wp\/v2\/posts\/16130"}],"collection":[{"href":"http:\/\/nuevacordoba.net\/index.php\/wp-json\/wp\/v2\/posts"}],"about":[{"href":"http:\/\/nuevacordoba.net\/index.php\/wp-json\/wp\/v2\/types\/post"}],"author":[{"embeddable":true,"href":"http:\/\/nuevacordoba.net\/index.php\/wp-json\/wp\/v2\/users\/1"}],"replies":[{"embeddable":true,"href":"http:\/\/nuevacordoba.net\/index.php\/wp-json\/wp\/v2\/comments?post=16130"}],"version-history":[{"count":0,"href":"http:\/\/nuevacordoba.net\/index.php\/wp-json\/wp\/v2\/posts\/16130\/revisions"}],"wp:featuredmedia":[{"embeddable":true,"href":"http:\/\/nuevacordoba.net\/index.php\/wp-json\/wp\/v2\/media\/16131"}],"wp:attachment":[{"href":"http:\/\/nuevacordoba.net\/index.php\/wp-json\/wp\/v2\/media?parent=16130"}],"wp:term":[{"taxonomy":"category","embeddable":true,"href":"http:\/\/nuevacordoba.net\/index.php\/wp-json\/wp\/v2\/categories?post=16130"},{"taxonomy":"post_tag","embeddable":true,"href":"http:\/\/nuevacordoba.net\/index.php\/wp-json\/wp\/v2\/tags?post=16130"}],"curies":[{"name":"wp","href":"https:\/\/api.w.org\/{rel}","templated":true}]}}