{"id":16138,"date":"2022-02-11T01:46:48","date_gmt":"2022-02-11T01:46:48","guid":{"rendered":"https:\/\/www.bbc.com\/mundo\/noticias-america-latina-60342646"},"modified":"2022-02-11T01:46:48","modified_gmt":"2022-02-11T01:46:48","slug":"mexico-y-espana-cual-es-el-poder-de-las-empresas-espanolas-en-el-pais-azteca-y-cuales-son-las-quejas-de-amlo-sobre-ellas","status":"publish","type":"post","link":"http:\/\/nuevacordoba.net\/index.php\/2022\/02\/11\/mexico-y-espana-cual-es-el-poder-de-las-empresas-espanolas-en-el-pais-azteca-y-cuales-son-las-quejas-de-amlo-sobre-ellas\/","title":{"rendered":"M\u00e9xico y Espa\u00f1a: cu\u00e1l es el poder de las empresas espa\u00f1olas en el pa\u00eds azteca (y cu\u00e1les son las quejas de AMLO sobre ellas)"},"content":{"rendered":"<div dir=\"ltr\" class=\"e1j2237y5 bbc-q4ibpr e57qer20\">\n<div class=\"bbc-1atl7vu e1c9i7u14\">\n<ul role=\"list\" class=\"bbc-k0l9bd e1c9i7u12\">\n<li role=\"listitem\" class=\"bbc-1a3w4ok e1c9i7u11\">Marcos Gonz\u00e1lez D\u00edaz<\/li>\n<li role=\"listitem\" class=\"bbc-1p92jtu e1c9i7u10\">Corresponsal de BBC News Mundo en M\u00e9xico<\/li>\n<\/ul>\n<\/div>\n<\/div>\n<div dir=\"ltr\" class=\"e1j2237y6 bbc-q4ibpr e57qer20\"><time datetime=\"2022-02-10\" class=\"bbc-14xtggo e4zesg50\">10 febrero 2022<\/time><\/p>\n<p><time datetime=\"2022-02-10\" class=\"bbc-14xtggo e4zesg50\">Actualizado 2 horas<\/time><\/p>\n<\/div>\n<div dir=\"ltr\" class=\"bbc-1ka88fa e57qer20\">\n<figure class=\"bbc-1qdcvv9 e6bmn90\">\n<div dir=\"ltr\" class=\"bbc-172p16q e57qer20\">\n<div dir=\"ltr\" class=\"bbc-189y18v e57qer20\" readability=\"6.5\">\n<div data-e2e=\"image-placeholder\" class=\"bbc-997y1y e1whu0\" readability=\"8\"><picture class=\"bbc-yfiktt e1enwo3v1\"><source srcset=\"https:\/\/ichef.bbci.co.uk\/news\/240\/cpsprodpb\/ED63\/production\/_123217706_gettyimages-1238033542-1.jpg.webp 240w, https:\/\/ichef.bbci.co.uk\/news\/320\/cpsprodpb\/ED63\/production\/_123217706_gettyimages-1238033542-1.jpg.webp 320w, https:\/\/ichef.bbci.co.uk\/news\/480\/cpsprodpb\/ED63\/production\/_123217706_gettyimages-1238033542-1.jpg.webp 480w, https:\/\/ichef.bbci.co.uk\/news\/624\/cpsprodpb\/ED63\/production\/_123217706_gettyimages-1238033542-1.jpg.webp 624w, https:\/\/ichef.bbci.co.uk\/news\/800\/cpsprodpb\/ED63\/production\/_123217706_gettyimages-1238033542-1.jpg.webp 800w\" type=\"image\/webp\"><source srcset=\"https:\/\/ichef.bbci.co.uk\/news\/240\/cpsprodpb\/ED63\/production\/_123217706_gettyimages-1238033542-1.jpg 240w, https:\/\/ichef.bbci.co.uk\/news\/320\/cpsprodpb\/ED63\/production\/_123217706_gettyimages-1238033542-1.jpg 320w, https:\/\/ichef.bbci.co.uk\/news\/480\/cpsprodpb\/ED63\/production\/_123217706_gettyimages-1238033542-1.jpg 480w, https:\/\/ichef.bbci.co.uk\/news\/624\/cpsprodpb\/ED63\/production\/_123217706_gettyimages-1238033542-1.jpg 624w, https:\/\/ichef.bbci.co.uk\/news\/800\/cpsprodpb\/ED63\/production\/_123217706_gettyimages-1238033542-1.jpg 800w\" type=\"image\/jpeg\"><img loading=\"lazy\" src=\"http:\/\/nuevacordoba.net\/wp-content\/uploads\/2022\/02\/mexico-y-espana-cual-es-el-poder-de-las-empresas-espanolas-en-el-pais-azteca-y-cuales-son-las-quejas-de-amlo-sobre-ellas.jpg\" alt=\"Cajero BBVA en Mexico\" sizes=\"(min-width: 1008px) 645px, 100vw\" width=\"976\" height=\"549\" class=\"eehpdyc0 bbc-rb7xa0 e1enwo3v0\"><\/picture>\n<p role=\"text\" class=\"bbc-1s1cxbv etq3yw90\"><span class=\"bbc-1gnhmg2 e1yt7oin0\">Fuente de la imagen, <\/span><span lang=\"en-GB\">Getty Images<\/span><\/p>\n<\/div>\n<\/div>\n<div dir=\"ltr\" class=\"bbc-3edg7g e57qer20\" readability=\"6\"><figcaption dir=\"ltr\" class=\"bbc-1t9zlwf eede9f50\" readability=\"2\"><span class=\"bbc-1gnhmg2 e1yt7oin0\">Pie de foto, <\/span><\/p>\n<p>El espa\u00f1ol BBVA es el principal banco que opera en M\u00e9xico.<\/p>\n<\/figcaption><\/div>\n<\/div>\n<\/figure>\n<\/div>\n<div dir=\"ltr\" class=\"bbc-19j92fr e57qer20\" readability=\"11\">\n<p dir=\"ltr\" class=\"bbc-bm53ic e1cc2ql70\"><b>Cuando el presidente de M\u00e9xico, Andr\u00e9s Manuel L\u00f3pez Obrador, plante\u00f3 este mi\u00e9rcoles \u00abhacer una pausa en las relaciones\u00bb con Espa\u00f1a, caus\u00f3 un verdadero tsunami a ambos lados del Atl\u00e1ntico.<\/b><\/p>\n<\/div>\n<div dir=\"ltr\" class=\"bbc-19j92fr e57qer20\" readability=\"13\">\n<p dir=\"ltr\" class=\"bbc-bm53ic e1cc2ql70\">Si bien aclar\u00f3 minutos despu\u00e9s que ello no supon\u00eda un fin de las relaciones diplom\u00e1ticas entre ambos pa\u00edses sino \u00abun comentario, una pl\u00e1tica\u00bb m\u00e1s bien informal, sus palabras fueron un paso m\u00e1s all\u00e1 en su ya tensa relaci\u00f3n con Espa\u00f1a, a cuyo Rey pidi\u00f3 hace tres a\u00f1os -sin \u00e9xito- que pidiera disculpas por los excesos cometidos durante la Conquista.<\/p>\n<\/div>\n<div dir=\"ltr\" class=\"bbc-19j92fr e57qer20\" readability=\"12\">\n<p dir=\"ltr\" class=\"bbc-bm53ic e1cc2ql70\">Tras la pol\u00e9mica causada por sus ambiguas declaraciones, AMLO se vio obligado este jueves a matizarlas. \u00abNo se habla de ruptura sino de una protesta fraterna\u00bb, dijo, dirigiendo sus cr\u00edticas en espec\u00edfico<b> hacia las empresas espa\u00f1olas presentes en el pa\u00eds azteca.<\/b><\/p>\n<\/div>\n<div dir=\"ltr\" class=\"bbc-19j92fr e57qer20\" readability=\"15\">\n<p dir=\"ltr\" class=\"bbc-bm53ic e1cc2ql70\">\u00abTenemos relaciones \u00edntimas con el pueblo de Espa\u00f1a, pero en los \u00faltimos tiempos durante el periodo neoliberal, empresas espa\u00f1olas apoyadas por el poder pol\u00edtico, tanto de Espa\u00f1a como de M\u00e9xico, abusaron de nuestro pa\u00eds y de nuestro pueblo, <b>nos vieron como tierra de conquista\u00bb,<\/b> asegur\u00f3.<\/p>\n<\/div>\n<div dir=\"ltr\" class=\"bbc-19j92fr e57qer20\" readability=\"13\">\n<p dir=\"ltr\" class=\"bbc-bm53ic e1cc2ql70\">Madrid respondi\u00f3 este jueves que<b> \u00abrechaza tajantemente las descalificaciones\u00bb<\/b> de AMLO contra Espa\u00f1a y sus empresas. \u00abEl gobierno desea unas relaciones basadas en el respeto mutuo, como quieren los espa\u00f1oles y los mexicanos, sin este tipo de manifestaciones\u00bb, dijo en un comunicado el gobierno espa\u00f1ol.<\/p>\n<\/div>\n<div dir=\"ltr\" class=\"bbc-19j92fr e57qer20\" readability=\"11\">\n<p dir=\"ltr\" class=\"bbc-bm53ic e1cc2ql70\">Aunque ninguna ha sido denunciada ante la Justicia por el gobierno mexicano, las empresas espa\u00f1olas han sido se\u00f1aladas en multitud de ocasiones por AMLO desde que accedi\u00f3 al poder. Las acusa de haber firmado <b>contratos en condiciones ventajosas<\/b> y bajo conflictos de intereses con gobiernos pasados de M\u00e9xico.<\/p>\n<\/div>\n<div dir=\"ltr\" class=\"bbc-19j92fr e57qer20\" readability=\"11\">\n<p dir=\"ltr\" class=\"bbc-bm53ic e1cc2ql70\">Pese a lo habitual del mensaje, expertos alertan que no se debe pasar por alto el impacto que esta postura del mandatario podr\u00eda tener para ambos pa\u00edses y sobre la confianza de las compa\u00f1\u00edas espa\u00f1olas, teniendo en cuenta su importante rol inversor en M\u00e9xico.<\/p>\n<\/div>\n<p><h2 id=\"Cu\u00e1l-es-la-presencia-en-M\u00e9xico-de-empresas-espa\u00f1olas\" tabindex=\"-1\" class=\"bbc-l3e97o e14hemmw0\">\u00bfCu\u00e1l es la presencia en M\u00e9xico de empresas espa\u00f1olas?<\/h2>\n<\/p>\n<div dir=\"ltr\" class=\"bbc-19j92fr e57qer20\" readability=\"11\">\n<p dir=\"ltr\" class=\"bbc-bm53ic e1cc2ql70\">Espa\u00f1a es, de hecho,<b> el segundo pa\u00eds que m\u00e1s invierte en M\u00e9xico<\/b> -solo por detr\u00e1s de Estados Unidos- a trav\u00e9s de 7.000 empresas dedicadas a sectores que van desde el el\u00e9ctrico hasta el bancario. <\/p>\n<\/div>\n<div dir=\"ltr\" class=\"bbc-19j92fr e57qer20\" readability=\"10\">\n<p dir=\"ltr\" class=\"bbc-bm53ic e1cc2ql70\">Durante los primeros nueve meses de 2021, la inversi\u00f3n espa\u00f1ola fue de US$76.000 millones, lo que representa el 12% de la Inversi\u00f3n Extranjera Directa (IED) de M\u00e9xico.<\/p>\n<\/div>\n<div dir=\"ltr\" class=\"bbc-19j92fr e57qer20\"><picture class=\"bbc-yfiktt e1enwo3v1\"><source srcset=\"http:\/\/nuevacordoba.net\/wp-content\/uploads\/2022\/02\/mexico-y-espana-cual-es-el-poder-de-las-empresas-espanolas-en-el-pais-azteca-y-cuales-son-las-quejas-de-amlo-sobre-ellas-1.png 640w, http:\/\/nuevacordoba.net\/wp-content\/uploads\/2022\/02\/mexico-y-espana-cual-es-el-poder-de-las-empresas-espanolas-en-el-pais-azteca-y-cuales-son-las-quejas-de-amlo-sobre-ellas.png 816w\" type=\"image\/jpeg\"><img src=\"http:\/\/nuevacordoba.net\/wp-content\/uploads\/2022\/02\/mexico-y-espana-cual-es-el-poder-de-las-empresas-espanolas-en-el-pais-azteca-y-cuales-son-las-quejas-de-amlo-sobre-ellas.png\" alt=\"Principales pa\u00edses inversores en M\u00e9xico (2010-2020). (millones de d\u00f3lares). .\" id=\"include-1\" class=\"bbc-1082qq3 e1enwo3v0\"><\/picture><\/div>\n<div dir=\"ltr\" class=\"bbc-19j92fr e57qer20\" readability=\"8\">\n<p dir=\"ltr\" class=\"bbc-bm53ic e1cc2ql70\">Algunas de las empresas espa\u00f1olas se han convertido ya en parte important\u00edsima de la cultura mexicana y del d\u00eda a d\u00eda de su poblaci\u00f3n. <\/p>\n<\/div>\n<div dir=\"ltr\" class=\"bbc-19j92fr e57qer20\" readability=\"14\">\n<p dir=\"ltr\" class=\"bbc-bm53ic e1cc2ql70\">Un claro ejemplo son<b> BBVA y Santander,<\/b> distinguidos como los dos mayores bancos en el pa\u00eds. CriteriaCaixa tiene una participaci\u00f3n del 9,1% en Inbursa, el grupo financiero del multimillonario Carlos Slim. Banco Sabadell, por su parte, opera en M\u00e9xico desde 2014.<\/p>\n<\/div>\n<div dir=\"ltr\" class=\"bbc-19j92fr e57qer20\" readability=\"10\">\n<p dir=\"ltr\" class=\"bbc-bm53ic e1cc2ql70\">En el sector de telecomunicaciones, <b>Telef\u00f3nica Movistar<\/b> es el segundo operador de M\u00e9xico con algo m\u00e1s del 20% de l\u00edneas m\u00f3viles de acceso a internet, solo por detr\u00e1s de la firma Telcel de Slim.<\/p>\n<\/div>\n<div dir=\"ltr\" class=\"bbc-19j92fr e57qer20\" readability=\"11\">\n<p dir=\"ltr\" class=\"bbc-bm53ic e1cc2ql70\"><b>Iberdrola<\/b>, por su parte, es el mayor productor privado de electricidad en M\u00e9xico. Da servicio a m\u00e1s de 20 millones de personas y en 2019 gener\u00f3 el 16% de la energ\u00eda de pa\u00eds. Tambi\u00e9n Gas Natural Fenosa est\u00e1 presente en el pa\u00eds azteca.<\/p>\n<\/div>\n<div dir=\"ltr\" class=\"bbc-19j92fr e57qer20\" readability=\"9\">\n<p dir=\"ltr\" class=\"bbc-bm53ic e1cc2ql70\">En hidrocarburos, <b>Repsol <\/b>contaba a finales de 2020 con unas 250 estaciones de servicio en M\u00e9xico. Cepsa opera a trav\u00e9s de su red de estaciones Red Energy.<\/p>\n<\/div>\n<div dir=\"ltr\" class=\"bbc-19j92fr e57qer20\" readability=\"11\">\n<p dir=\"ltr\" class=\"bbc-bm53ic e1cc2ql70\">Adem\u00e1s, la inversi\u00f3n espa\u00f1ola es la segunda m\u00e1s importante para<b>la industria tur\u00edstica mexicana,<\/b> especialmente en la zona de Canc\u00fan y Riviera Maya. En 2018, ascendi\u00f3 a los US$213 millones.<\/p>\n<\/div>\n<div class=\"bbc-sffzb7 e8v25yx0\">\n<div dir=\"ltr\" class=\"bbc-1ka88fa e57qer20\">\n<figure class=\"bbc-1qdcvv9 e6bmn90\">\n<div dir=\"ltr\" class=\"bbc-172p16q e57qer20\">\n<div dir=\"ltr\" class=\"bbc-189y18v e57qer20\" readability=\"6.5\">\n<div data-e2e=\"image-placeholder\" class=\"bbc-997y1y e1whu0\" readability=\"8\"><noscript><picture class=\"bbc-yfiktt e1enwo3v1\"><source srcset=\"http:\/\/nuevacordoba.net\/wp-content\/uploads\/2022\/02\/mexico-y-espana-cual-es-el-poder-de-las-empresas-espanolas-en-el-pais-azteca-y-cuales-son-las-quejas-de-amlo-sobre-ellas.webp 240w, http:\/\/nuevacordoba.net\/wp-content\/uploads\/2022\/02\/mexico-y-espana-cual-es-el-poder-de-las-empresas-espanolas-en-el-pais-azteca-y-cuales-son-las-quejas-de-amlo-sobre-ellas-1.webp 320w, http:\/\/nuevacordoba.net\/wp-content\/uploads\/2022\/02\/mexico-y-espana-cual-es-el-poder-de-las-empresas-espanolas-en-el-pais-azteca-y-cuales-son-las-quejas-de-amlo-sobre-ellas-2.webp 480w, http:\/\/nuevacordoba.net\/wp-content\/uploads\/2022\/02\/mexico-y-espana-cual-es-el-poder-de-las-empresas-espanolas-en-el-pais-azteca-y-cuales-son-las-quejas-de-amlo-sobre-ellas-3.webp 624w, http:\/\/nuevacordoba.net\/wp-content\/uploads\/2022\/02\/mexico-y-espana-cual-es-el-poder-de-las-empresas-espanolas-en-el-pais-azteca-y-cuales-son-las-quejas-de-amlo-sobre-ellas-4.webp 800w\" type=\"image\/webp\"><source srcset=\"https:\/\/ichef.bbci.co.uk\/news\/240\/cpsprodpb\/3819\/production\/_123216341_gettyimages-1352903266.jpg 240w, https:\/\/ichef.bbci.co.uk\/news\/320\/cpsprodpb\/3819\/production\/_123216341_gettyimages-1352903266.jpg 320w, https:\/\/ichef.bbci.co.uk\/news\/480\/cpsprodpb\/3819\/production\/_123216341_gettyimages-1352903266.jpg 480w, https:\/\/ichef.bbci.co.uk\/news\/624\/cpsprodpb\/3819\/production\/_123216341_gettyimages-1352903266.jpg 624w, https:\/\/ichef.bbci.co.uk\/news\/800\/cpsprodpb\/3819\/production\/_123216341_gettyimages-1352903266.jpg 800w\" type=\"image\/jpeg\"><img loading=\"lazy\" src=\"http:\/\/nuevacordoba.net\/wp-content\/uploads\/2022\/02\/mexico-y-espana-cual-es-el-poder-de-las-empresas-espanolas-en-el-pais-azteca-y-cuales-son-las-quejas-de-amlo-sobre-ellas-1.jpg\" alt=\"Una planta el\u00e9ctrica de Iberdrola\" sizes=\"(min-width: 1008px) 645px, 100vw\" width=\"976\" height=\"549\" class=\"eehpdyc0 bbc-rb7xa0 e1enwo3v0\"><\/picture><\/noscript><\/p>\n<p role=\"text\" class=\"bbc-1s1cxbv etq3yw90\"><span class=\"bbc-1gnhmg2 e1yt7oin0\">Fuente de la imagen, <\/span><span lang=\"en-GB\">Getty Images<\/span><\/p>\n<\/div>\n<\/div>\n<div dir=\"ltr\" class=\"bbc-3edg7g e57qer20\" readability=\"6\"><figcaption dir=\"ltr\" class=\"bbc-1t9zlwf eede9f50\" readability=\"2\"><span class=\"bbc-1gnhmg2 e1yt7oin0\">Pie de foto, <\/span><\/p>\n<p>Iberdrola es el mayor productor privado de electricidad en M\u00e9xico.<\/p>\n<\/figcaption><\/div>\n<\/div>\n<\/figure>\n<\/div>\n<\/div>\n<div dir=\"ltr\" class=\"bbc-19j92fr e57qer20\" readability=\"13\">\n<p dir=\"ltr\" class=\"bbc-bm53ic e1cc2ql70\">\u00abTodas estas empresas son important\u00edsimas y muestran que uno de cada diez d\u00f3lares que llegan a M\u00e9xico en t\u00e9rminos de inversi\u00f3n extranjera provienen de Espa\u00f1a, lo cual es much\u00edsimo\u00bb, destaca<b> Ana Bertha Guti<\/b><b>\u00e9<\/b><b>rrez, <\/b>coordinadora de Comercio Exterior y Mercado Laboral en el Instituto Mexicano para la Competitividad (IMCO).<\/p>\n<\/div>\n<div dir=\"ltr\" class=\"bbc-19j92fr e57qer20\" readability=\"10\">\n<p dir=\"ltr\" class=\"bbc-bm53ic e1cc2ql70\">La experta alerta del peligro de desestimar la importancia de Espa\u00f1a como peso fuerte para la econom\u00eda de M\u00e9xico, \u00abespecialmente cuando sabemos que desde 2019 la inversi\u00f3n en el pa\u00eds va en declive\u00bb.<\/p>\n<\/div>\n<div dir=\"ltr\" class=\"bbc-19j92fr e57qer20\" readability=\"12\">\n<p dir=\"ltr\" class=\"bbc-bm53ic e1cc2ql70\">\u00abEsta inversi\u00f3n genera nuevas empresas y nuevos empleos, que son condiciones fundamentales para mejorar las condiciones de vida de nuestra poblaci\u00f3n. Definitivamente, <b>ambos pa\u00edses tienen beneficios de esta relaci\u00f3n\u00bb<\/b>, a\u00f1ade en entrevista con BBC Mundo.<\/p>\n<\/div>\n<div dir=\"ltr\" class=\"bbc-19j92fr e57qer20\" readability=\"12\">\n<p dir=\"ltr\" class=\"bbc-bm53ic e1cc2ql70\">En Espa\u00f1a, s\u00e9ptimo pa\u00eds al que m\u00e1s se exporta desde M\u00e9xico, existe adem\u00e1s una inversi\u00f3n mexicana que supera los US$25.000 millones, destac\u00f3 el gobierno espa\u00f1ol en su comunicado en el que calific\u00f3 a ambos pa\u00edses como \u00absocios estrat\u00e9gicos\u00bb.<\/p>\n<\/div>\n<p><h2 id=\"Cu\u00e1les-son-las-cr\u00edticas-de-AMLO\" tabindex=\"-1\" class=\"bbc-l3e97o e14hemmw0\">\u00bfCu\u00e1les son las cr\u00edticas de AMLO?<\/h2>\n<\/p>\n<div dir=\"ltr\" class=\"bbc-19j92fr e57qer20\" readability=\"10\">\n<p dir=\"ltr\" class=\"bbc-bm53ic e1cc2ql70\">AMLO ha se\u00f1alado en innumerables ocasiones las condiciones abusivas en las que supuestamente operan en el pa\u00eds algunas empresas espa\u00f1olas gracias al apoyo de gobiernos anteriores.<b> \u00abEn cada sexenio hab\u00eda una empresa favorita de Espa\u00f1a\u00bb,<\/b> dijo este jueves.<\/p>\n<\/div>\n<div dir=\"ltr\" class=\"bbc-19j92fr e57qer20\" readability=\"14\">\n<p dir=\"ltr\" class=\"bbc-bm53ic e1cc2ql70\">\u00abEstamos hablando de subsidios, dinero de todos los mexicanos que, en vez de usarse para sacar de la pobreza al pueblo, se usaba para favorecer a estas empresas\u00bb, asegur\u00f3 en conferencia de prensa. \u00abYa no se acepta la corrupci\u00f3n\u00bb, remarc\u00f3.<\/p>\n<\/div>\n<div dir=\"ltr\" class=\"bbc-19j92fr e57qer20\" readability=\"12\">\n<p dir=\"ltr\" class=\"bbc-bm53ic e1cc2ql70\">As\u00ed, critic\u00f3 por ejemplo que Iberdrola se convirtiera<b> \u00aben una especie de monopolio en M\u00e9xico<\/b> y recibiera un trato privilegiado\u00bb durante el gobierno de Felipe Calder\u00f3n, de quien record\u00f3 que entr\u00f3 a trabajar al Consejo de Administraci\u00f3n de la compa\u00f1\u00eda el\u00e9ctrica tras su mandato junto a quien fuera su secretaria de Energ\u00eda. <\/p>\n<\/div>\n<div dir=\"ltr\" class=\"bbc-1ka88fa e57qer20\">\n<figure class=\"bbc-1qdcvv9 e6bmn90\">\n<div dir=\"ltr\" class=\"bbc-172p16q e57qer20\">\n<div dir=\"ltr\" class=\"bbc-189y18v e57qer20\" readability=\"6.5\">\n<div data-e2e=\"image-placeholder\" class=\"bbc-997y1y e1whu0\" readability=\"8\"><noscript><picture class=\"bbc-yfiktt e1enwo3v1\"><source srcset=\"http:\/\/nuevacordoba.net\/wp-content\/uploads\/2022\/02\/mexico-y-espana-cual-es-el-poder-de-las-empresas-espanolas-en-el-pais-azteca-y-cuales-son-las-quejas-de-amlo-sobre-ellas-5.webp 240w, http:\/\/nuevacordoba.net\/wp-content\/uploads\/2022\/02\/mexico-y-espana-cual-es-el-poder-de-las-empresas-espanolas-en-el-pais-azteca-y-cuales-son-las-quejas-de-amlo-sobre-ellas-6.webp 320w, http:\/\/nuevacordoba.net\/wp-content\/uploads\/2022\/02\/mexico-y-espana-cual-es-el-poder-de-las-empresas-espanolas-en-el-pais-azteca-y-cuales-son-las-quejas-de-amlo-sobre-ellas-7.webp 480w, http:\/\/nuevacordoba.net\/wp-content\/uploads\/2022\/02\/mexico-y-espana-cual-es-el-poder-de-las-empresas-espanolas-en-el-pais-azteca-y-cuales-son-las-quejas-de-amlo-sobre-ellas-8.webp 624w, http:\/\/nuevacordoba.net\/wp-content\/uploads\/2022\/02\/mexico-y-espana-cual-es-el-poder-de-las-empresas-espanolas-en-el-pais-azteca-y-cuales-son-las-quejas-de-amlo-sobre-ellas-9.webp 800w\" type=\"image\/webp\"><source srcset=\"https:\/\/ichef.bbci.co.uk\/news\/240\/cpsprodpb\/06EB\/production\/_123217710_0cad811a-7970-4ba5-857d-76c443f9cf3f.jpg 240w, https:\/\/ichef.bbci.co.uk\/news\/320\/cpsprodpb\/06EB\/production\/_123217710_0cad811a-7970-4ba5-857d-76c443f9cf3f.jpg 320w, https:\/\/ichef.bbci.co.uk\/news\/480\/cpsprodpb\/06EB\/production\/_123217710_0cad811a-7970-4ba5-857d-76c443f9cf3f.jpg 480w, https:\/\/ichef.bbci.co.uk\/news\/624\/cpsprodpb\/06EB\/production\/_123217710_0cad811a-7970-4ba5-857d-76c443f9cf3f.jpg 624w, https:\/\/ichef.bbci.co.uk\/news\/800\/cpsprodpb\/06EB\/production\/_123217710_0cad811a-7970-4ba5-857d-76c443f9cf3f.jpg 800w\" type=\"image\/jpeg\"><img loading=\"lazy\" src=\"http:\/\/nuevacordoba.net\/wp-content\/uploads\/2022\/02\/mexico-y-espana-cual-es-el-poder-de-las-empresas-espanolas-en-el-pais-azteca-y-cuales-son-las-quejas-de-amlo-sobre-ellas-2.jpg\" alt=\"AMLO\" sizes=\"(min-width: 1008px) 645px, 100vw\" width=\"976\" height=\"549\" class=\"eehpdyc0 bbc-rb7xa0 e1enwo3v0\"><\/picture><\/noscript><\/p>\n<p role=\"text\" class=\"bbc-1s1cxbv etq3yw90\"><span class=\"bbc-1gnhmg2 e1yt7oin0\">Fuente de la imagen, <\/span><span lang=\"en-GB\">Gobierno de M\u00e9xico<\/span><\/p>\n<\/div>\n<\/div>\n<\/div>\n<\/figure>\n<\/div>\n<div dir=\"ltr\" class=\"bbc-19j92fr e57qer20\" readability=\"12\">\n<p dir=\"ltr\" class=\"bbc-bm53ic e1cc2ql70\"><b>Ignacio S\u00e1nchez Gal\u00e1n<\/b>, presidente de la el\u00e9ctrica espa\u00f1ola que ya ha recurrido legalmente varias medidas adoptadas por el gobierno de AMLO, asegur\u00f3 a finales de 2020 que Iberdrola hab\u00eda completado la inversi\u00f3n prevista en el pa\u00eds latinoamericano y que no iniciar\u00eda nuevas acciones si el gobierno mexicano no lo deseaba.<\/p>\n<\/div>\n<div dir=\"ltr\" class=\"bbc-19j92fr e57qer20\" readability=\"11\">\n<p dir=\"ltr\" class=\"bbc-bm53ic e1cc2ql70\">AMLO hizo estas declaraciones mientras su reforma el\u00e9ctrica, uno de sus proyectos estrella que pretende fortalecer a la empresa estatal en detrimento de las privadas, est\u00e1 siendo debatido en el Congreso.<\/p>\n<\/div>\n<div dir=\"ltr\" class=\"bbc-19j92fr e57qer20\" readability=\"11\">\n<p dir=\"ltr\" class=\"bbc-bm53ic e1cc2ql70\">De la constructora OHL, el mandatario dijo que \u00abera la empresa favorita en el sexenio pasado (del expresidente Enrique Pe\u00f1a Nieto)\u00bb. La compa\u00f1\u00eda estuvo envuelta en pol\u00e9micas durante el pasado gobierno por la filtraci\u00f3n de conversaciones que apuntaban a a una presunta corrupci\u00f3n por parte de funcionarios del gobierno y directivos que acabaron saliendo de la empresa.<\/p>\n<\/div>\n<div dir=\"ltr\" class=\"bbc-19j92fr e57qer20\" readability=\"11\">\n<p dir=\"ltr\" class=\"bbc-bm53ic e1cc2ql70\">De Repsol asegur\u00f3 que \u00absolo el an\u00e1lisis de cu\u00e1nto se llevaron de M\u00e9xico en el gobierno de Calder\u00f3n, solo de cu\u00e1nto dinero del presupuesto p\u00fablico obtuvieron, ayudar\u00eda a comprender que fue un abuso\u00bb.<\/p>\n<\/div>\n<div dir=\"ltr\" class=\"bbc-19j92fr e57qer20\" readability=\"11\">\n<p dir=\"ltr\" class=\"bbc-bm53ic e1cc2ql70\">Tambi\u00e9n dirigi\u00f3 sus dardos a BBVA. \u00abEl presidente del consejo de Bancomer, que ahora pertenece a empresarios espa\u00f1oles, se pronunci\u00f3 en contra m\u00eda diciendo que era un populista (\u2026). Pues \u00bfc\u00f3mo se sent\u00edan? <b>Los due\u00f1os del pa\u00eds\u00bb.<\/b><\/p>\n<\/div>\n<div dir=\"ltr\" class=\"bbc-1ka88fa e57qer20\">\n<figure class=\"bbc-1qdcvv9 e6bmn90\">\n<div dir=\"ltr\" class=\"bbc-172p16q e57qer20\">\n<div dir=\"ltr\" class=\"bbc-189y18v e57qer20\" readability=\"6.5\">\n<div data-e2e=\"image-placeholder\" class=\"bbc-997y1y e1whu0\" readability=\"8\"><noscript><picture class=\"bbc-yfiktt e1enwo3v1\"><source srcset=\"http:\/\/nuevacordoba.net\/wp-content\/uploads\/2022\/02\/mexico-y-espana-cual-es-el-poder-de-las-empresas-espanolas-en-el-pais-azteca-y-cuales-son-las-quejas-de-amlo-sobre-ellas-10.webp 240w, http:\/\/nuevacordoba.net\/wp-content\/uploads\/2022\/02\/mexico-y-espana-cual-es-el-poder-de-las-empresas-espanolas-en-el-pais-azteca-y-cuales-son-las-quejas-de-amlo-sobre-ellas-11.webp 320w, http:\/\/nuevacordoba.net\/wp-content\/uploads\/2022\/02\/mexico-y-espana-cual-es-el-poder-de-las-empresas-espanolas-en-el-pais-azteca-y-cuales-son-las-quejas-de-amlo-sobre-ellas-12.webp 480w, http:\/\/nuevacordoba.net\/wp-content\/uploads\/2022\/02\/mexico-y-espana-cual-es-el-poder-de-las-empresas-espanolas-en-el-pais-azteca-y-cuales-son-las-quejas-de-amlo-sobre-ellas-13.webp 624w, http:\/\/nuevacordoba.net\/wp-content\/uploads\/2022\/02\/mexico-y-espana-cual-es-el-poder-de-las-empresas-espanolas-en-el-pais-azteca-y-cuales-son-las-quejas-de-amlo-sobre-ellas-14.webp 800w\" type=\"image\/webp\"><source srcset=\"https:\/\/ichef.bbci.co.uk\/news\/240\/cpsprodpb\/550B\/production\/_123217712_15559673-003f-4edd-9803-4776acecf869.jpg 240w, https:\/\/ichef.bbci.co.uk\/news\/320\/cpsprodpb\/550B\/production\/_123217712_15559673-003f-4edd-9803-4776acecf869.jpg 320w, https:\/\/ichef.bbci.co.uk\/news\/480\/cpsprodpb\/550B\/production\/_123217712_15559673-003f-4edd-9803-4776acecf869.jpg 480w, https:\/\/ichef.bbci.co.uk\/news\/624\/cpsprodpb\/550B\/production\/_123217712_15559673-003f-4edd-9803-4776acecf869.jpg 624w, https:\/\/ichef.bbci.co.uk\/news\/800\/cpsprodpb\/550B\/production\/_123217712_15559673-003f-4edd-9803-4776acecf869.jpg 800w\" type=\"image\/jpeg\"><img loading=\"lazy\" src=\"http:\/\/nuevacordoba.net\/wp-content\/uploads\/2022\/02\/mexico-y-espana-cual-es-el-poder-de-las-empresas-espanolas-en-el-pais-azteca-y-cuales-son-las-quejas-de-amlo-sobre-ellas-3.jpg\" alt=\"Reyes de Espana\" sizes=\"(min-width: 1008px) 645px, 100vw\" width=\"976\" height=\"549\" class=\"eehpdyc0 bbc-rb7xa0 e1enwo3v0\"><\/picture><\/noscript><\/p>\n<p role=\"text\" class=\"bbc-1s1cxbv etq3yw90\"><span class=\"bbc-1gnhmg2 e1yt7oin0\">Fuente de la imagen, <\/span><span lang=\"en-GB\">Getty Images<\/span><\/p>\n<\/div>\n<\/div>\n<div dir=\"ltr\" class=\"bbc-3edg7g e57qer20\" readability=\"6.5\"><figcaption dir=\"ltr\" class=\"bbc-1t9zlwf eede9f50\" readability=\"3\"><span class=\"bbc-1gnhmg2 e1yt7oin0\">Pie de foto, <\/span><\/p>\n<p>La relaci\u00f3n de AMLO con Espa\u00f1a ha sufrido momentos de gran tensi\u00f3n como cuando exigi\u00f3 al Rey espa\u00f1ol que pidiera disculpas por los excesos cometidos durante la Conquista.<\/p>\n<\/figcaption><\/div>\n<\/div>\n<\/figure>\n<\/div>\n<div dir=\"ltr\" class=\"bbc-19j92fr e57qer20\" readability=\"11\">\n<p dir=\"ltr\" class=\"bbc-bm53ic e1cc2ql70\">Desde el IMCO, Guti\u00e9rrez no descarta que puedan haberse cometido abusos en algunos casos de empresas espa\u00f1olas, pero recuerda la importancia de que las acusaciones<b> est\u00e9n respaldadas por investigaciones que lo demuestren.<\/b><\/p>\n<\/div>\n<div dir=\"ltr\" class=\"bbc-19j92fr e57qer20\" readability=\"9\">\n<p dir=\"ltr\" class=\"bbc-bm53ic e1cc2ql70\">\u00abNo se pueden hacer simplemente declaraciones al aire si no van acompa\u00f1adas de acci\u00f3n jur\u00eddica y acci\u00f3n legal\u00bb, se\u00f1ala.<\/p>\n<\/div>\n<div dir=\"ltr\" class=\"bbc-19j92fr e57qer20\" readability=\"12\">\n<p dir=\"ltr\" class=\"bbc-bm53ic e1cc2ql70\">Para la experta, \u00abes un error generalizar los posibles casos que pueda haber y &#8216;contagi\u00e1rselo&#8217; a todas las dem\u00e1s inversiones espa\u00f1olas en el pa\u00eds. Es un error verlas a todas como la misma cosa y, definitivamente, <b>es un error verlas como algo nocivo para M\u00e9xico\u00bb.<\/b><\/p>\n<\/div>\n<p><h2 id=\"C\u00f3mo-podr\u00eda-afectar-a-la-inversi\u00f3n-espa\u00f1ola-en-M\u00e9xico\" tabindex=\"-1\" class=\"bbc-l3e97o e14hemmw0\">\u00bfC\u00f3mo podr\u00eda afectar a la inversi\u00f3n espa\u00f1ola en M\u00e9xico?<\/h2>\n<\/p>\n<div dir=\"ltr\" class=\"bbc-19j92fr e57qer20\" readability=\"10\">\n<p dir=\"ltr\" class=\"bbc-bm53ic e1cc2ql70\">As\u00ed, aunque las cr\u00edticas de AMLO hacia el empresariado espa\u00f1ol son ya habituales en su ret\u00f3rica, Guti\u00e9rrez pide no minimizar su posible impacto.<\/p>\n<\/div>\n<div dir=\"ltr\" class=\"bbc-19j92fr e57qer20\" readability=\"12\">\n<p dir=\"ltr\" class=\"bbc-bm53ic e1cc2ql70\"><b>\u00abEstos eventos atacan a la certeza de las inversiones en el pa\u00eds<\/b> (\u2026). Si el presidente est\u00e1 poniendo en duda las inversiones provenientes de pa\u00edses espec\u00edficos, indudablemente va a tener efecto sobre las decisiones de esos inversionistas de a d\u00f3nde dirigir sus recursos\u00bb, opina la analista del IMCO. <\/p>\n<\/div>\n<div dir=\"ltr\" class=\"bbc-19j92fr e57qer20\" readability=\"11\">\n<p dir=\"ltr\" class=\"bbc-bm53ic e1cc2ql70\">\u00abY es mala noticia si vemos que otros pa\u00edses como China, Singapur o India est\u00e1n teniendo un impulso para verse como destinos m\u00e1s atractivos de inversi\u00f3n, mientras que en M\u00e9xico es lamentable que no est\u00e9 ocurriendo lo mismo\u00bb.<\/p>\n<\/div>\n<div dir=\"ltr\" class=\"bbc-1ka88fa e57qer20\">\n<figure class=\"bbc-1qdcvv9 e6bmn90\">\n<div dir=\"ltr\" class=\"bbc-172p16q e57qer20\">\n<div dir=\"ltr\" class=\"bbc-189y18v e57qer20\" readability=\"6.5\">\n<div data-e2e=\"image-placeholder\" class=\"bbc-997y1y e1whu0\" readability=\"8\"><noscript><picture class=\"bbc-yfiktt e1enwo3v1\"><source srcset=\"http:\/\/nuevacordoba.net\/wp-content\/uploads\/2022\/02\/mexico-y-espana-cual-es-el-poder-de-las-empresas-espanolas-en-el-pais-azteca-y-cuales-son-las-quejas-de-amlo-sobre-ellas-15.webp 240w, http:\/\/nuevacordoba.net\/wp-content\/uploads\/2022\/02\/mexico-y-espana-cual-es-el-poder-de-las-empresas-espanolas-en-el-pais-azteca-y-cuales-son-las-quejas-de-amlo-sobre-ellas-16.webp 320w, http:\/\/nuevacordoba.net\/wp-content\/uploads\/2022\/02\/mexico-y-espana-cual-es-el-poder-de-las-empresas-espanolas-en-el-pais-azteca-y-cuales-son-las-quejas-de-amlo-sobre-ellas-17.webp 480w, http:\/\/nuevacordoba.net\/wp-content\/uploads\/2022\/02\/mexico-y-espana-cual-es-el-poder-de-las-empresas-espanolas-en-el-pais-azteca-y-cuales-son-las-quejas-de-amlo-sobre-ellas-18.webp 624w, http:\/\/nuevacordoba.net\/wp-content\/uploads\/2022\/02\/mexico-y-espana-cual-es-el-poder-de-las-empresas-espanolas-en-el-pais-azteca-y-cuales-son-las-quejas-de-amlo-sobre-ellas-19.webp 800w\" type=\"image\/webp\"><source srcset=\"https:\/\/ichef.bbci.co.uk\/news\/240\/cpsprodpb\/13B83\/production\/_123217708_902f5522-2265-4ca5-9272-fbf97687990b.jpg 240w, https:\/\/ichef.bbci.co.uk\/news\/320\/cpsprodpb\/13B83\/production\/_123217708_902f5522-2265-4ca5-9272-fbf97687990b.jpg 320w, https:\/\/ichef.bbci.co.uk\/news\/480\/cpsprodpb\/13B83\/production\/_123217708_902f5522-2265-4ca5-9272-fbf97687990b.jpg 480w, https:\/\/ichef.bbci.co.uk\/news\/624\/cpsprodpb\/13B83\/production\/_123217708_902f5522-2265-4ca5-9272-fbf97687990b.jpg 624w, https:\/\/ichef.bbci.co.uk\/news\/800\/cpsprodpb\/13B83\/production\/_123217708_902f5522-2265-4ca5-9272-fbf97687990b.jpg 800w\" type=\"image\/jpeg\"><img loading=\"lazy\" src=\"http:\/\/nuevacordoba.net\/wp-content\/uploads\/2022\/02\/mexico-y-espana-cual-es-el-poder-de-las-empresas-espanolas-en-el-pais-azteca-y-cuales-son-las-quejas-de-amlo-sobre-ellas-4.jpg\" alt=\"Cancun\" sizes=\"(min-width: 1008px) 645px, 100vw\" width=\"976\" height=\"549\" class=\"eehpdyc0 bbc-rb7xa0 e1enwo3v0\"><\/picture><\/noscript><\/p>\n<p role=\"text\" class=\"bbc-1s1cxbv etq3yw90\"><span class=\"bbc-1gnhmg2 e1yt7oin0\">Fuente de la imagen, <\/span><span lang=\"en-GB\">Getty Images<\/span><\/p>\n<\/div>\n<\/div>\n<div dir=\"ltr\" class=\"bbc-3edg7g e57qer20\" readability=\"6.5\"><figcaption dir=\"ltr\" class=\"bbc-1t9zlwf eede9f50\" readability=\"3\"><span class=\"bbc-1gnhmg2 e1yt7oin0\">Pie de foto, <\/span><\/p>\n<p>La inversi\u00f3n espa\u00f1ola en el sector turismo se centra especialmente en enclaves del Caribe mexicano.<\/p>\n<\/figcaption><\/div>\n<\/div>\n<\/figure>\n<\/div>\n<div dir=\"ltr\" class=\"bbc-19j92fr e57qer20\" readability=\"9\">\n<p dir=\"ltr\" class=\"bbc-bm53ic e1cc2ql70\">Al menos hasta pocos d\u00edas antes de estas pol\u00e9micas declaraciones de AMLO, Espa\u00f1a aseguraba seguir decidida a apostar por su inversi\u00f3n estrat\u00e9gica en M\u00e9xico.<\/p>\n<\/div>\n<div dir=\"ltr\" class=\"bbc-19j92fr e57qer20\" readability=\"11\">\n<p dir=\"ltr\" class=\"bbc-bm53ic e1cc2ql70\">Como ejemplo, la C\u00e1mara Espa\u00f1ola de Comercio en M\u00e9xico (Camescom) destac\u00f3 el pasado 4 de febrero c\u00f3mo la inversi\u00f3n extranjera global recibida por M\u00e9xico en 2020 cay\u00f3 un 19%. Sin embargo,<b> la procedente de Espa\u00f1a solamente disminuy\u00f3 un 1%. <\/b><\/p>\n<\/div>\n<div dir=\"ltr\" class=\"bbc-19j92fr e57qer20\" readability=\"11\">\n<p dir=\"ltr\" class=\"bbc-bm53ic e1cc2ql70\">\u00abSe demuestra as\u00ed, de nuevo, el compromiso y vocaci\u00f3n de permanencia de la inversi\u00f3n espa\u00f1ola en el pa\u00eds\u00bb, subray\u00f3 el organismo en un comunicado. <\/p>\n<\/div>\n<div dir=\"ltr\" class=\"bbc-19j92fr e57qer20\" readability=\"8\">\n<p dir=\"ltr\" class=\"bbc-bm53ic e1cc2ql70\">A\u00fan est\u00e1 por ver si habr\u00e1 cambios en su estrategia tras esta nueva escalada en la tensi\u00f3n de la relaci\u00f3n de AMLO con el empresariado espa\u00f1ol.<\/p>\n<\/div>\n<div dir=\"ltr\" class=\"bbc-1ka88fa e57qer20\">\n<figure class=\"bbc-1qdcvv9 e6bmn90\">\n<div dir=\"ltr\" class=\"bbc-172p16q e57qer20\">\n<div dir=\"ltr\" class=\"bbc-189y18v e57qer20\">\n<div data-e2e=\"image-placeholder\" class=\"bbc-997y1y e1whu0\"><noscript><picture class=\"bbc-yfiktt e1enwo3v1\"><source srcset=\"http:\/\/nuevacordoba.net\/wp-content\/uploads\/2022\/02\/mexico-y-espana-cual-es-el-poder-de-las-empresas-espanolas-en-el-pais-azteca-y-cuales-son-las-quejas-de-amlo-sobre-ellas-20.webp 240w, http:\/\/nuevacordoba.net\/wp-content\/uploads\/2022\/02\/mexico-y-espana-cual-es-el-poder-de-las-empresas-espanolas-en-el-pais-azteca-y-cuales-son-las-quejas-de-amlo-sobre-ellas-21.webp 320w, http:\/\/nuevacordoba.net\/wp-content\/uploads\/2022\/02\/mexico-y-espana-cual-es-el-poder-de-las-empresas-espanolas-en-el-pais-azteca-y-cuales-son-las-quejas-de-amlo-sobre-ellas-22.webp 464w\" type=\"image\/webp\"><source srcset=\"https:\/\/ichef.bbci.co.uk\/news\/240\/cpsprodpb\/CCD1\/production\/_105033425_464x2_line.jpg 240w, https:\/\/ichef.bbci.co.uk\/news\/320\/cpsprodpb\/CCD1\/production\/_105033425_464x2_line.jpg 320w, https:\/\/ichef.bbci.co.uk\/news\/464\/cpsprodpb\/CCD1\/production\/_105033425_464x2_line.jpg 464w\" type=\"image\/jpeg\"><img loading=\"lazy\" src=\"http:\/\/nuevacordoba.net\/wp-content\/uploads\/2022\/02\/mexico-y-espana-cual-es-el-poder-de-las-empresas-espanolas-en-el-pais-azteca-y-cuales-son-las-quejas-de-amlo-sobre-ellas-5.jpg\" alt=\"L\u00ednea\" sizes=\"(min-width: 1008px) 645px, 100vw\" width=\"464\" height=\"2\" class=\"eehpdyc0 bbc-rb7xa0 e1enwo3v0\"><\/picture><\/noscript><\/div>\n<\/div>\n<\/div>\n<\/figure>\n<\/div>\n<div dir=\"ltr\" class=\"bbc-19j92fr e57qer20\" readability=\"8\">\n<p dir=\"ltr\" class=\"bbc-bm53ic e1cc2ql70\"><i class=\"bbc-h1y5j7 ewc4zcb0\">Ahora puedes recibir notificaciones de BBC Mundo. Descarga nuestra app y act\u00edvalas para no perderte nuestro mejor contenido.<\/i><\/p>\n<\/div>\n","protected":false},"excerpt":{"rendered":"<p>Marcos Gonz\u00e1lez D\u00edaz Corresponsal de BBC News Mundo en M\u00e9xico 10 febrero 2022 Actualizado 2 horas Fuente de la imagen, Getty Images Pie de foto, El espa\u00f1ol BBVA es el principal banco que opera en M\u00e9xico. Cuando el presidente de M\u00e9xico, Andr\u00e9s Manuel L\u00f3pez Obrador, plante\u00f3 este mi\u00e9rcoles \u00abhacer una pausa en las relaciones\u00bb con [&hellip;]<\/p>\n","protected":false},"author":1,"featured_media":16139,"comment_status":"closed","ping_status":"closed","sticky":false,"template":"","format":"standard","meta":[],"categories":[13],"tags":[],"_links":{"self":[{"href":"http:\/\/nuevacordoba.net\/index.php\/wp-json\/wp\/v2\/posts\/16138"}],"collection":[{"href":"http:\/\/nuevacordoba.net\/index.php\/wp-json\/wp\/v2\/posts"}],"about":[{"href":"http:\/\/nuevacordoba.net\/index.php\/wp-json\/wp\/v2\/types\/post"}],"author":[{"embeddable":true,"href":"http:\/\/nuevacordoba.net\/index.php\/wp-json\/wp\/v2\/users\/1"}],"replies":[{"embeddable":true,"href":"http:\/\/nuevacordoba.net\/index.php\/wp-json\/wp\/v2\/comments?post=16138"}],"version-history":[{"count":0,"href":"http:\/\/nuevacordoba.net\/index.php\/wp-json\/wp\/v2\/posts\/16138\/revisions"}],"wp:featuredmedia":[{"embeddable":true,"href":"http:\/\/nuevacordoba.net\/index.php\/wp-json\/wp\/v2\/media\/16139"}],"wp:attachment":[{"href":"http:\/\/nuevacordoba.net\/index.php\/wp-json\/wp\/v2\/media?parent=16138"}],"wp:term":[{"taxonomy":"category","embeddable":true,"href":"http:\/\/nuevacordoba.net\/index.php\/wp-json\/wp\/v2\/categories?post=16138"},{"taxonomy":"post_tag","embeddable":true,"href":"http:\/\/nuevacordoba.net\/index.php\/wp-json\/wp\/v2\/tags?post=16138"}],"curies":[{"name":"wp","href":"https:\/\/api.w.org\/{rel}","templated":true}]}}