{"id":16140,"date":"2022-02-10T13:12:52","date_gmt":"2022-02-10T13:12:52","guid":{"rendered":"http:\/\/cordobanewsnet.wordpress.com\/?p=6631"},"modified":"2022-02-10T13:12:52","modified_gmt":"2022-02-10T13:12:52","slug":"nueva-york-anuncio-el-cese-a-la-obligacion-de-usar-tapabocas","status":"publish","type":"post","link":"http:\/\/nuevacordoba.net\/index.php\/2022\/02\/10\/nueva-york-anuncio-el-cese-a-la-obligacion-de-usar-tapabocas\/","title":{"rendered":"Nueva York anunci\u00f3 el cese a la obligaci\u00f3n de usar tapabocas"},"content":{"rendered":"<p>El estado de Nueva York anunci\u00f3 hoy una \u00abnueva fase de la pandemia\u00bb de coronavirus con el&nbsp;<strong>cese de la obligaci\u00f3n de usar tapabocas en espacios cerrados, especialmente en comercios, restaurantes y empresas<\/strong>, como tambi\u00e9n pasar\u00e1 desde el lunes en California, Nueva Jersey y Connecticut.<\/p>\n<p>La gobernadora Kathy Hochul inform\u00f3 que la medida que expira ma\u00f1ana no ser\u00e1 renovada y precis\u00f3 que&nbsp;<strong>cada ciudad o empresa podr\u00e1 determinar si es necesario el uso de tapabocas contra el coronavirus en lugares cerrados<\/strong>.<\/p>\n<p><strong>\u00abEs un panorama magn\u00edfico. No hemos terminado pero la tendencia est\u00e1 muy, muy bien orientada y por eso ahora estamos considerando una nueva fase de la pandemia\u00bb<\/strong>, afirm\u00f3 la gobernadora dem\u00f3crata, inform\u00f3 la agencia de noticias AFP.<\/p>\n<p>Todos los indicadores de salud est\u00e1n \u00aba la baja\u00bb, enfatiz\u00f3 Hochul. Sin embargo,<strong>&nbsp;el uso obligatorio de tapabocas se mantendr\u00e1 en colegios hasta marzo<\/strong>.<\/p>\n<p>El estado y la megal\u00f3polis estadounidense de&nbsp;<a href=\"https:\/\/www.cadena3.com\/pagina\/tag\/?q=Nueva%20York\" target=\"_blank\" rel=\"noreferrer noopener\">Nueva York<\/a>&nbsp;fueron el epicentro de la pandemia de<a href=\"https:\/\/www.cadena3.com\/pagina\/tag\/?q=Covid-19\" target=\"_blank\" rel=\"noreferrer noopener\">&nbsp;Covid-19<\/a>&nbsp;en 2020, con al menos 38.000 muertes en dos a\u00f1os solo en la ciudad.<\/p>\n<p>El estado de Nueva York se sum\u00f3 a otros liderados por el Partido Dem\u00f3crata, como California, Nueva Jersey o Connecticut, que anunciaron medidas id\u00e9nticas de cese de la obligatoriedad de tapabocas a partir del lunes.<\/p>\n<p>Nunca una medida de ese tipo estuvo vigente en estados gobernados por republicanos, como Florida o Texas.<\/p>\n<p>En&nbsp;Estados Unidos, la obligaci\u00f3n de cubrirse el rostro es considerada una violaci\u00f3n de las libertades individuales por gran parte de la derecha y del Partido Republicano.<\/p>\n<p>Los casos de coronavirus descendieron a nivel nacional, con menos de 250.000 diarios en promedio durante siete d\u00edas consecutivos, informaron las autoridades sanitarias.<\/p>\n<p>Estas cifras est\u00e1n muy lejos del pico de 800.000 casos alcanzado a mediados del mes pasado.<\/p>\n<p>Actualmente, el pa\u00eds m\u00e1s golpeado por la pandemia de coronavirus acumula m\u00e1s de 77 millones de contagios y supera los 909.500 decesos por la enfermedad.<\/p>\n<figure class=\"wp-block-image size-large\"><img data-attachment-id=\"6633\" data-permalink=\"https:\/\/cordobanewsnet.wordpress.com\/84225b28-d236-4756-a95a-9f76f23c9bd6\/\" data-orig-file=\"https:\/\/cordobanewsnet.files.wordpress.com\/2022\/02\/84225b28-d236-4756-a95a-9f76f23c9bd6.webp\" data-orig-size=\"375,250\" data-comments-opened=\"1\" data-image-meta=\"{&quot;aperture&quot;:&quot;0&quot;,&quot;credit&quot;:&quot;&quot;,&quot;camera&quot;:&quot;&quot;,&quot;caption&quot;:&quot;&quot;,&quot;created_timestamp&quot;:&quot;0&quot;,&quot;copyright&quot;:&quot;&quot;,&quot;focal_length&quot;:&quot;0&quot;,&quot;iso&quot;:&quot;0&quot;,&quot;shutter_speed&quot;:&quot;0&quot;,&quot;title&quot;:&quot;&quot;,&quot;orientation&quot;:&quot;0&quot;}\" data-image-title=\"84225b28-d236-4756-a95a-9f76f23c9bd6\" data-image-description data-image-caption data-medium-file=\"https:\/\/cordobanewsnet.files.wordpress.com\/2022\/02\/84225b28-d236-4756-a95a-9f76f23c9bd6.webp?w=300\" data-large-file=\"http:\/\/nuevacordoba.net\/wp-content\/uploads\/2022\/02\/nueva-york-anuncio-el-cese-a-la-obligacion-de-usar-tapabocas.jpg\" src=\"http:\/\/nuevacordoba.net\/wp-content\/uploads\/2022\/02\/nueva-york-anuncio-el-cese-a-la-obligacion-de-usar-tapabocas.jpg\" alt class=\"wp-image-6633\"><\/figure>\n<div id=\"jp-post-flair\" class=\"sharedaddy sd-like-enabled sd-sharing-enabled\">\n<div class=\"sharedaddy sd-sharing-enabled\">\n<div class=\"robots-nocontent sd-block sd-social sd-social-icon-text sd-sharing\">\n<h3 class=\"sd-title\">Share this:<\/h3>\n<\/div>\n<\/div>\n<div class=\"sharedaddy sd-block sd-like jetpack-likes-widget-wrapper jetpack-likes-widget-unloaded\" id=\"like-post-wrapper-143108178-6631-6205da02c010f\" data-src=\"\/\/widgets.wp.com\/likes\/index.html?ver=20220105#blog_id=143108178&amp;post_id=6631&amp;origin=cordobanewsnet.wordpress.com&amp;obj_id=143108178-6631-6205da02c010f\" data-name=\"like-post-frame-143108178-6631-6205da02c010f\" data-title=\"Me gusta o Compartir\">\n<h3 class=\"sd-title\">Me gusta esto:<\/h3>\n<p><span class=\"button\"><span>Me gusta<\/span><\/span> <span class=\"loading\">Cargando&#8230;<\/span><\/p>\n<p><span class=\"sd-text-color\"><\/span><\/div>\n<p><h3 class=\"jp-relatedposts-headline\"><em>Relacionado<\/em><\/h3>\n<\/p>\n<\/div>\n","protected":false},"excerpt":{"rendered":"<p>El estado de Nueva York anunci\u00f3 hoy una \u00abnueva fase de la pandemia\u00bb de coronavirus con el&nbsp;cese de la obligaci\u00f3n de usar tapabocas en espacios cerrados, especialmente en comercios, restaurantes y empresas, como tambi\u00e9n pasar\u00e1 desde el lunes en California, Nueva Jersey y Connecticut. La gobernadora Kathy Hochul inform\u00f3 que la medida que expira ma\u00f1ana [&hellip;]<\/p>\n","protected":false},"author":1,"featured_media":16141,"comment_status":"closed","ping_status":"closed","sticky":false,"template":"","format":"standard","meta":[],"categories":[14],"tags":[],"_links":{"self":[{"href":"http:\/\/nuevacordoba.net\/index.php\/wp-json\/wp\/v2\/posts\/16140"}],"collection":[{"href":"http:\/\/nuevacordoba.net\/index.php\/wp-json\/wp\/v2\/posts"}],"about":[{"href":"http:\/\/nuevacordoba.net\/index.php\/wp-json\/wp\/v2\/types\/post"}],"author":[{"embeddable":true,"href":"http:\/\/nuevacordoba.net\/index.php\/wp-json\/wp\/v2\/users\/1"}],"replies":[{"embeddable":true,"href":"http:\/\/nuevacordoba.net\/index.php\/wp-json\/wp\/v2\/comments?post=16140"}],"version-history":[{"count":0,"href":"http:\/\/nuevacordoba.net\/index.php\/wp-json\/wp\/v2\/posts\/16140\/revisions"}],"wp:featuredmedia":[{"embeddable":true,"href":"http:\/\/nuevacordoba.net\/index.php\/wp-json\/wp\/v2\/media\/16141"}],"wp:attachment":[{"href":"http:\/\/nuevacordoba.net\/index.php\/wp-json\/wp\/v2\/media?parent=16140"}],"wp:term":[{"taxonomy":"category","embeddable":true,"href":"http:\/\/nuevacordoba.net\/index.php\/wp-json\/wp\/v2\/categories?post=16140"},{"taxonomy":"post_tag","embeddable":true,"href":"http:\/\/nuevacordoba.net\/index.php\/wp-json\/wp\/v2\/tags?post=16140"}],"curies":[{"name":"wp","href":"https:\/\/api.w.org\/{rel}","templated":true}]}}