{"id":1669,"date":"2021-03-04T12:24:28","date_gmt":"2021-03-04T12:24:28","guid":{"rendered":"https:\/\/www.espinof.com\/proyectos\/rodrigo-sorogoyen-tiene-nueva-serie-movistar-proximo-creador-antidisturbios-se-ambientara-guerra-civil"},"modified":"2021-03-04T12:24:28","modified_gmt":"2021-03-04T12:24:28","slug":"rodrigo-sorogoyen-tiene-nueva-serie-en-movistar-lo-proximo-del-creador-de-antidisturbios-se-ambientara-en-la-guerra-civil","status":"publish","type":"post","link":"http:\/\/nuevacordoba.net\/index.php\/2021\/03\/04\/rodrigo-sorogoyen-tiene-nueva-serie-en-movistar-lo-proximo-del-creador-de-antidisturbios-se-ambientara-en-la-guerra-civil\/","title":{"rendered":"Rodrigo Sorogoyen tiene nueva serie en Movistar+: lo pr\u00f3ximo del creador de &#8216;Antidisturbios&#8217; se ambientar\u00e1 en la Guerra Civil"},"content":{"rendered":"<p>Despu\u00e9s de recibir <a href=\"https:\/\/www.espinof.com\/otros-festivales-de-cine\/premios-feroz-2021-ninas-antidisturbios-justos-triunfadores-veneno-merecia-algo\">tres premios Feroz<\/a> a principios de semana por &#8216;<a href=\"https:\/\/www.espinof.com\/series-de-ficcion\/gran-debate-antidisturbios-estamos-mejor-serie-espanola-todos-tiempos\">Antidisturbios<\/a>&#8216;, <strong>Rodrigo Sorogoyen est\u00e1 trabajando en una nueva serie<\/strong> para <a href=\"http:\/\/ver.movistarplus.es\">Movistar+<\/a>. El director madrile\u00f1o est\u00e1 preparando una nueva ficci\u00f3n que se ambientar\u00e1 durante la Guerra civil espa\u00f1ola.<\/p>\n<p><!-- BREAK 1 --><\/p>\n<p>Para ello, el director contar\u00e1 de nuevo con la colaboraci\u00f3n de <strong>Isabel Pe\u00f1a y Eduardo Villanueva<\/strong>. Los detalles de la serie (duraci\u00f3n, sinopsis) est\u00e1n bajo secreto de sumario, pero el plan es empezar a rodar el pr\u00f3ximo a\u00f1o 2022. Sorogoyen quiere, con este proyecto, abordar una fascinaci\u00f3n personal, seg\u00fan ha declarado:<\/p>\n<p><!-- BREAK 2 --> <\/p>\n<div class=\"article-asset article-asset-normal article-asset-center\">\n<div class=\"desvio-container\">\n<div class=\"desvio\">\n<div class=\"desvio-figure js-desvio-figure\"> <a href=\"https:\/\/www.espinof.com\/directores-y-guionistas\/stockholm-a-antidisturbios-rodrigo-sorogoyen-explicado-cuatro-peliculas\"> <img alt=\"De 'Stockholm' a 'Antidisturbios', Rodrigo Sorogoyen explicado en cuatro pel\u00edculas\" src=\"http:\/\/nuevacordoba.net\/wp-content\/uploads\/2021\/03\/rodrigo-sorogoyen-tiene-nueva-serie-en-movistar-lo-proximo-del-creador-de-antidisturbios-se-ambientara-en-la-guerra-civil.jpg\"> <\/a> <\/div><\/div><\/div>\n<\/div>\n<blockquote><p>\u00ab<em>La Guerra Civil me fascina como acontecimiento desde hace mucho tiempo. Un conflicto que ha marcado tr\u00e1gicamente el devenir de nuestra historia y que &nbsp;lamentablemente no se estudiaba cuando \u00e9ramos escolares. Un conflicto que arras\u00f3 de distintas maneras a millones de inocentes y a un pa\u00eds entero. Crear una ficci\u00f3n donde podamos emocionar al espectador, pero sobre todo intentar entender a nuestros personajes, a nuestra sociedad pasada y presente y, por lo tanto, los tiempos en los que ahora nos &nbsp;encontramos va a ser, seguro, el mayor reto de nuestra carrera. Intentar entender no significa justificar, significa conocer. Conocer para, en muchos casos, no repetir los mismos errores. Sabemos la responsabilidad que ello conlleva. Pero la asumimos con la honestidad, el rigor y la humanidad con la que afrontamos todos nuestros proyectos<\/em>\u00bb<\/p><\/blockquote>\n<h2>La Guerra Civil seg\u00fan Sorogoyen<\/h2>\n<p>As\u00ed, parece que nos encontraremos con una mirada personal al conflicto, con un retrato de diversos protagonistas en lo que viven esta guerra. Para Domingo Corral, director de producci\u00f3n original de Movistar+, ha llegado la hora (al menos para la plataforma) de abordar este momento tan crucial en la historia de nuestro pa\u00eds.<\/p>\n<p><!-- BREAK 3 --><\/p>\n<p>La verdad es que, a pesar de lo manido que parece el tema, <strong>creo que un Rodrigo Sorogoyen en plena forma<\/strong> puede ser capaz de hacer un retrato fascinante en esta \u00e9poca.<\/p>\n<p><!-- BREAK 4 --> <\/p>\n","protected":false},"excerpt":{"rendered":"<p>Despu\u00e9s de recibir tres premios Feroz a principios de semana por &#8216;Antidisturbios&#8216;, Rodrigo Sorogoyen est\u00e1 trabajando en una nueva serie para Movistar+. El director madrile\u00f1o est\u00e1 preparando una nueva ficci\u00f3n que se ambientar\u00e1 durante la Guerra civil espa\u00f1ola. Para ello, el director contar\u00e1 de nuevo con la colaboraci\u00f3n de Isabel Pe\u00f1a y Eduardo Villanueva. Los [&hellip;]<\/p>\n","protected":false},"author":1,"featured_media":1670,"comment_status":"closed","ping_status":"closed","sticky":false,"template":"","format":"standard","meta":[],"categories":[6],"tags":[],"_links":{"self":[{"href":"http:\/\/nuevacordoba.net\/index.php\/wp-json\/wp\/v2\/posts\/1669"}],"collection":[{"href":"http:\/\/nuevacordoba.net\/index.php\/wp-json\/wp\/v2\/posts"}],"about":[{"href":"http:\/\/nuevacordoba.net\/index.php\/wp-json\/wp\/v2\/types\/post"}],"author":[{"embeddable":true,"href":"http:\/\/nuevacordoba.net\/index.php\/wp-json\/wp\/v2\/users\/1"}],"replies":[{"embeddable":true,"href":"http:\/\/nuevacordoba.net\/index.php\/wp-json\/wp\/v2\/comments?post=1669"}],"version-history":[{"count":0,"href":"http:\/\/nuevacordoba.net\/index.php\/wp-json\/wp\/v2\/posts\/1669\/revisions"}],"wp:featuredmedia":[{"embeddable":true,"href":"http:\/\/nuevacordoba.net\/index.php\/wp-json\/wp\/v2\/media\/1670"}],"wp:attachment":[{"href":"http:\/\/nuevacordoba.net\/index.php\/wp-json\/wp\/v2\/media?parent=1669"}],"wp:term":[{"taxonomy":"category","embeddable":true,"href":"http:\/\/nuevacordoba.net\/index.php\/wp-json\/wp\/v2\/categories?post=1669"},{"taxonomy":"post_tag","embeddable":true,"href":"http:\/\/nuevacordoba.net\/index.php\/wp-json\/wp\/v2\/tags?post=1669"}],"curies":[{"name":"wp","href":"https:\/\/api.w.org\/{rel}","templated":true}]}}