{"id":1684,"date":"2021-03-04T12:24:49","date_gmt":"2021-03-04T12:24:49","guid":{"rendered":"http:\/\/nuevacordoba.net\/index.php\/2021\/03\/04\/ofelia-fernandez-no-me-siento-muy-comoda-en-el-frente-de-todos\/"},"modified":"2021-03-04T12:24:49","modified_gmt":"2021-03-04T12:24:49","slug":"ofelia-fernandez-no-me-siento-muy-comoda-en-el-frente-de-todos","status":"publish","type":"post","link":"http:\/\/nuevacordoba.net\/index.php\/2021\/03\/04\/ofelia-fernandez-no-me-siento-muy-comoda-en-el-frente-de-todos\/","title":{"rendered":"Ofelia Fern\u00e1ndez: No me siento muy c\u00f3moda en el Frente de Todos"},"content":{"rendered":"<div><img src=\"http:\/\/nuevacordoba.net\/wp-content\/uploads\/2021\/03\/ofelia-fernandez-no-me-siento-muy-comoda-en-el-frente-de-todos.jpg\" class=\"ff-og-image-inserted\"><\/div>\n<p>La legisladora porte\u00f1a Ofelia Fern\u00e1ndez, de 19 a\u00f1os, integra el Frente de Todos y es la m\u00e1s joven figura parlamentaria en Latinoam\u00e9rica.<\/p>\n<p>Es por eso que el diario <a href=\"https:\/\/elpais.com\/eps\/2021-02-27\/inspirada-por-la-reina-de-juego-de-tronos.html\" target=\"_blank\" rel=\"noopener\">El Pa\u00eds<\/a> de Espa\u00f1a decidi\u00f3 entrevistarla.<\/p>\n<p>\u00abNo me siento muy c\u00f3moda\u00bb, dijo cuando la consultaron sobre su rol dentro de la coalici\u00f3n gobernante.<\/p>\n<p>\u00abNo lo estoy, pero sab\u00eda que no iba a estarlo\u00bb, agreg\u00f3.<\/p>\n<div class=\"block-ad-node\">\n<div>\n<p> <span>Publicidad<\/span> <\/p>\n<\/div>\n<\/div>\n<p>\u00abS\u00e9 que a\u00fan no se dan las condiciones de fuerza para sacar adelante una agenda ambientalista y popular, con reconocimiento de los trabajadores de la tierra y los cartoneros, con una reforma judicial feminista y un sistema integral de cuidados. Asumo las decepciones\u00bb, admiti\u00f3 Fern\u00e1ndez.<\/p>\n<p>No obstante calific\u00f3 como \u00absatisfactorio\u00bb los resultados en temas como aborto o el impuesto sobre las grandes riquezas.<\/p>\n<p>Ofelia confiesa que las redes sociales le generan sinsabores. \u00abVoy a un restaurante, cualquier bodeg\u00f3n aleatorio; me sacan una foto y la cuelgan en Twitter diciendo que estoy en el restaurante m\u00e1s caro de Argentina. Twitter me gusta, podr\u00eda ser mi red favorita porque ofrece una buena s\u00edntesis de lo cotidiano, pero cada vez que lo abro leo cosas horrorosas sobre m\u00ed\u00bb, dijo.<\/p>\n<blockquote readability=\"6\">\n<p>\u00abS\u00e9 que esto ocurre por mi edad, por mi car\u00e1cter y por mi proyecto pol\u00edtico\u00bb.<\/p>\n<\/blockquote>\n<p>Fern\u00e1ndez dice que su militancia y su \u00abcapacidad de liderazgo\u00bb le \u00abson de siempre\u00bb. En la entrevista, recuerda que jam\u00e1s estuvo \u00abtan nerviosa como en una asamblea de toma (de colegios) en 2015\u00bb.<\/p>\n<div class=\"block-ad-node\">\n<div>\n<p> <span>Publicidad<\/span> <\/p>\n<\/div>\n<\/div>\n<p>\u00abYo ten\u00eda 14 a\u00f1os y nunca hab\u00eda hablado ante tanta gente, 300 o 400 personas. Lo pas\u00e9 muy mal y no lo hice bien. Aun as\u00ed, me felicitaron\u00bb, sostuvo.<\/p>\n<p>La legisladora revel\u00f3 que durante la cuarentena aprovech\u00f3 para estudiar y matricularse en Derecho. \u00abMe levantaba a las 8, hac\u00eda trabajo pol\u00edtico de 9 a 18 y a las 19 empezaba las clases hasta las 23. No quedaba tiempo para leer, solo quer\u00eda dormir\u00bb, relat\u00f3. El trabajo a distancia se le volvi\u00f3 \u00abmuy frustrante\u00bb.<\/p>\n<p>En la enttrevista describen su car\u00e1cter a trav\u00e9s de sus espacios: un departamento estrenado en Colegiales, primer domicilio de la vida sola, que entremezcla im\u00e1genes de la cultura pop coreana, con el fanatismo por Game of Thrones y en especial, por la figura de Daenerys Targaryen, esa lideresa entre revolucionaria y desp\u00f3tica que tambi\u00e9n fanatiz\u00f3 a Cristina Kirchner.<\/p>\n<div class=\"block-ad-node\">\n<div>\n<p> <span>Publicidad<\/span> <\/p>\n<\/div>\n<\/div>\n<p>La legisladora apela a su \u00abDaenerys interior\u00bb, seg\u00fan consigna El Pa\u00eds, \u00abpara calmarse, para no estallar. Una imagen un poco distante del personaje de ficci\u00f3n. Tambi\u00e9n a las clases de teatro \u00abpara dominar el miedo y la ira\u00bb. \u00abGracias al teatro -que comenz\u00f3 a los 9 a\u00f1os- puedo decir por cent\u00e9sima vez una cosa y decirla con emoci\u00f3n\u00bb, cree Ofelia, con en una especie de terapia: \u00abPara pasar una hora haciendo otras cosas\u00bb, dice aunque, adolescente, \u00abahora me da un poco de verg\u00fcenza\u00bb.<\/p>\n<p>Con la viralizaci\u00f3n de su frase de incomodidad, las redes volvieron a hacerla tendencia. Tambi\u00e9n por all\u00ed lleg\u00f3 el apoyo de su l\u00edder Grabois: \u00abC\u00f3mo nos alegra que no se sienta c\u00f3moda; c\u00f3mo nos repugnan lxs que se acomodan\u00bb, escribi\u00f3.<\/p>\n<p><amp-twitter height=\"694\" width=\"486\" layout=\"responsive\" data-tweetid=\"1367192867979034628?ref_src=twsrc%5Etfw\"><\/amp-twitter><\/p>\n<div class=\"ctaNewsNotaContainer\" readability=\"6.5\">\n<div class=\"newsletterTextContainer\" readability=\"33\">\n<p> S\u00cdNTESIS POL\u00cdTICA<\/p>\n<p> Informaci\u00f3n exclusiva y el mejor an\u00e1lisis, los lunes en tu correo.<\/p>\n<form method=\"post\" action-xhr=\"https:\/\/www.lavoz.com.ar\/newsletters\/sintesis-politica\/signup\" id=\"newsletter-signup\" class=\"newsletterForm\" target=\"_blank\" custom-validation-reporting=\"as-you-go\" on=\"submit:AMP.setState({formLoading:true});submit-success:AMP.setState({formSuccess:true})\">\n<div submit-success class=\"is-paddingless-l\" readability=\"6\"> <template type=\"amp-mustache\" readability=\"2\"><\/p>\n<p> <strong>\u00a1Gracias por suscribirte!<\/strong><\/p>\n<p> <\/template><\/div>\n<div submit-error class=\"is-paddingless-l\" readability=\"6.5\"> <template type=\"amp-mustache\" readability=\"3\"><\/p>\n<p> <strong>Ha ocurrido un error, por favor intente nuevamente m\u00e1s tarde.<\/strong><\/p>\n<p> <\/template><\/div>\n<\/form>\n<\/div>\n<\/div>\n<div>\n<p> <span>Publicidad<\/span> <\/p>\n<\/div>\n","protected":false},"excerpt":{"rendered":"<p>La legisladora porte\u00f1a Ofelia Fern\u00e1ndez, de 19 a\u00f1os, integra el Frente de Todos y es la m\u00e1s joven figura parlamentaria en Latinoam\u00e9rica. Es por eso que el diario El Pa\u00eds de Espa\u00f1a decidi\u00f3 entrevistarla. \u00abNo me siento muy c\u00f3moda\u00bb, dijo cuando la consultaron sobre su rol dentro de la coalici\u00f3n gobernante. \u00abNo lo estoy, pero [&hellip;]<\/p>\n","protected":false},"author":1,"featured_media":1685,"comment_status":"closed","ping_status":"closed","sticky":false,"template":"","format":"standard","meta":[],"categories":[12],"tags":[],"_links":{"self":[{"href":"http:\/\/nuevacordoba.net\/index.php\/wp-json\/wp\/v2\/posts\/1684"}],"collection":[{"href":"http:\/\/nuevacordoba.net\/index.php\/wp-json\/wp\/v2\/posts"}],"about":[{"href":"http:\/\/nuevacordoba.net\/index.php\/wp-json\/wp\/v2\/types\/post"}],"author":[{"embeddable":true,"href":"http:\/\/nuevacordoba.net\/index.php\/wp-json\/wp\/v2\/users\/1"}],"replies":[{"embeddable":true,"href":"http:\/\/nuevacordoba.net\/index.php\/wp-json\/wp\/v2\/comments?post=1684"}],"version-history":[{"count":0,"href":"http:\/\/nuevacordoba.net\/index.php\/wp-json\/wp\/v2\/posts\/1684\/revisions"}],"wp:featuredmedia":[{"embeddable":true,"href":"http:\/\/nuevacordoba.net\/index.php\/wp-json\/wp\/v2\/media\/1685"}],"wp:attachment":[{"href":"http:\/\/nuevacordoba.net\/index.php\/wp-json\/wp\/v2\/media?parent=1684"}],"wp:term":[{"taxonomy":"category","embeddable":true,"href":"http:\/\/nuevacordoba.net\/index.php\/wp-json\/wp\/v2\/categories?post=1684"},{"taxonomy":"post_tag","embeddable":true,"href":"http:\/\/nuevacordoba.net\/index.php\/wp-json\/wp\/v2\/tags?post=1684"}],"curies":[{"name":"wp","href":"https:\/\/api.w.org\/{rel}","templated":true}]}}