{"id":1686,"date":"2021-03-02T15:22:59","date_gmt":"2021-03-02T15:22:59","guid":{"rendered":"http:\/\/cordobanewsnet.wordpress.com\/?p=5050"},"modified":"2021-03-02T15:22:59","modified_gmt":"2021-03-02T15:22:59","slug":"siguen-buscando-a-la-mujer-desaparecida-en-los-gigantes","status":"publish","type":"post","link":"http:\/\/nuevacordoba.net\/index.php\/2021\/03\/02\/siguen-buscando-a-la-mujer-desaparecida-en-los-gigantes\/","title":{"rendered":"Siguen buscando a la mujer desaparecida en Los Gigantes"},"content":{"rendered":"<p><!-- \/featured-media --> <\/p>\n<div class=\"post-content clear\" readability=\"48.185144124169\">\n<p>El pasado viernes a las 7.30,&nbsp;<strong>Mar\u00eda del Carmen Herrero<\/strong>&nbsp;sali\u00f3 de su casa en barrio Altos de Don Bosco de C\u00f3rdoba capital para ir de expedici\u00f3n a&nbsp;<strong>Los Gigantes<\/strong>. All\u00ed, iba a participar como voluntaria para reforestar una zona de las sierras.<\/p>\n<p>El domingo comenz\u00f3 la preocupaci\u00f3n: la mujer de 31 a\u00f1os no regres\u00f3 y su familia encendi\u00f3 todas las alarmas. En&nbsp;el programa televisivo <strong><em>Arriba C\u00f3rdoba<\/em><\/strong>, su hermana relat\u00f3 el drama:&nbsp;<strong>\u201cEstoy destruida, jam\u00e1s pens\u00e9 que le pod\u00eda pasar esto. No me explico c\u00f3mo se puede haber perdido\u201d.<\/strong><\/p>\n<p>\u201cElla fue con un grupo de reforestaci\u00f3n que hace voluntariado. Se llama Waju, organizado por Julio Dom\u00ednguez y otro se\u00f1or. Eran unos 20 en el grupo. Al parecer se dividieron en dos, un grupo subi\u00f3 a una parte de la monta\u00f1a y el otro se qued\u00f3 abajo recogiendo semillas\u201d, explic\u00f3.<\/p>\n<div id=\"jp-post-flair\" class=\"sharedaddy sd-like-enabled sd-sharing-enabled\">\n<div class=\"sharedaddy sd-sharing-enabled\">\n<div class=\"robots-nocontent sd-block sd-social sd-social-icon-text sd-sharing\">\n<h3 class=\"sd-title\">Share this:<\/h3>\n<\/div>\n<\/div>\n<div class=\"sharedaddy sd-block sd-like jetpack-likes-widget-wrapper jetpack-likes-widget-unloaded\" id=\"like-post-wrapper-143108178-5050-6040f2fc05a70\" data-src=\"\/\/widgets.wp.com\/likes\/index.html?ver=20200826#blog_id=143108178&amp;post_id=5050&amp;origin=cordobanewsnet.wordpress.com&amp;obj_id=143108178-5050-6040f2fc05a70\" data-name=\"like-post-frame-143108178-5050-6040f2fc05a70\">\n<h3 class=\"sd-title\">Me gusta esto:<\/h3>\n<p><span class=\"button\"><span>Me gusta<\/span><\/span> <span class=\"loading\">Cargando&#8230;<\/span><\/p>\n<p><span class=\"sd-text-color\"><\/span><\/div>\n<p><h3 class=\"jp-relatedposts-headline\"><em>Relacionado<\/em><\/h3>\n<\/p>\n<\/div><\/div>\n<p><!--\/.post-content--> <\/p>\n<footer class=\"post-meta-container clear\" readability=\"0.24528301886792\">\n<div class=\"entry-author author-avatar-show\" readability=\"13.114754098361\">\n<div class=\"author-avatar\"> <img loading=\"lazy\" alt src=\"http:\/\/nuevacordoba.net\/wp-content\/uploads\/2021\/03\/siguen-buscando-a-la-mujer-desaparecida-en-los-gigantes.png\" class=\"avatar avatar-90\" height=\"90\" width=\"90\"> <\/div>\n<p><!-- .author-avatar --> <\/p>\n<p><h2 class=\"author-title\">Publicado por <span class=\"author-name\">Redacci\u00f3n<\/span><\/h2>\n<\/p>\n<p><!-- .author-heading --> <\/p>\n<p class=\"author-bio\"> <a class=\"author-link\" href=\"https:\/\/cordobanewsnet.wordpress.com\/author\/prettomatias\/\" rel=\"author\"> Ver todas las entradas de Redacci\u00f3n <\/a> <\/p>\n<p><!-- .author-bio --> <\/div>\n<p><!-- .entry-auhtor --> <\/footer>\n<p> <!-- \/post-meta-container --> <!-- #respond --> <\/p>\n","protected":false},"excerpt":{"rendered":"<p>El pasado viernes a las 7.30,&nbsp;Mar\u00eda del Carmen Herrero&nbsp;sali\u00f3 de su casa en barrio Altos de Don Bosco de C\u00f3rdoba capital para ir de expedici\u00f3n a&nbsp;Los Gigantes. All\u00ed, iba a participar como voluntaria para reforestar una zona de las sierras. El domingo comenz\u00f3 la preocupaci\u00f3n: la mujer de 31 a\u00f1os no regres\u00f3 y su familia [&hellip;]<\/p>\n","protected":false},"author":1,"featured_media":1687,"comment_status":"closed","ping_status":"closed","sticky":false,"template":"","format":"standard","meta":[],"categories":[14],"tags":[],"_links":{"self":[{"href":"http:\/\/nuevacordoba.net\/index.php\/wp-json\/wp\/v2\/posts\/1686"}],"collection":[{"href":"http:\/\/nuevacordoba.net\/index.php\/wp-json\/wp\/v2\/posts"}],"about":[{"href":"http:\/\/nuevacordoba.net\/index.php\/wp-json\/wp\/v2\/types\/post"}],"author":[{"embeddable":true,"href":"http:\/\/nuevacordoba.net\/index.php\/wp-json\/wp\/v2\/users\/1"}],"replies":[{"embeddable":true,"href":"http:\/\/nuevacordoba.net\/index.php\/wp-json\/wp\/v2\/comments?post=1686"}],"version-history":[{"count":0,"href":"http:\/\/nuevacordoba.net\/index.php\/wp-json\/wp\/v2\/posts\/1686\/revisions"}],"wp:featuredmedia":[{"embeddable":true,"href":"http:\/\/nuevacordoba.net\/index.php\/wp-json\/wp\/v2\/media\/1687"}],"wp:attachment":[{"href":"http:\/\/nuevacordoba.net\/index.php\/wp-json\/wp\/v2\/media?parent=1686"}],"wp:term":[{"taxonomy":"category","embeddable":true,"href":"http:\/\/nuevacordoba.net\/index.php\/wp-json\/wp\/v2\/categories?post=1686"},{"taxonomy":"post_tag","embeddable":true,"href":"http:\/\/nuevacordoba.net\/index.php\/wp-json\/wp\/v2\/tags?post=1686"}],"curies":[{"name":"wp","href":"https:\/\/api.w.org\/{rel}","templated":true}]}}