{"id":16985,"date":"2022-03-05T00:06:04","date_gmt":"2022-03-05T00:06:04","guid":{"rendered":"http:\/\/nuevacordoba.net\/index.php\/2022\/03\/05\/zelenski-cuestiono-a-la-otan-por-no-establecer-una-zona-de-exclusion-aerea\/"},"modified":"2022-03-05T00:06:04","modified_gmt":"2022-03-05T00:06:04","slug":"zelenski-cuestiono-a-la-otan-por-no-establecer-una-zona-de-exclusion-aerea","status":"publish","type":"post","link":"http:\/\/nuevacordoba.net\/index.php\/2022\/03\/05\/zelenski-cuestiono-a-la-otan-por-no-establecer-una-zona-de-exclusion-aerea\/","title":{"rendered":"Zelenski cuestion\u00f3 a la OTAN por no establecer una zona de exclusi\u00f3n a\u00e9rea"},"content":{"rendered":"<div class=\"video_repositive\"> <a class=\"video_sticky\" href=\"javascript:void();\" onclick=\"removeStuckVideo(true);\"><i class=\"far fa-window-close\"><\/i><\/a> <\/p>\n<div id=\"NMzXI-s4pAM\" class=\"video_telam\" readability=\"6\">\n<div class=\"feature_article_inner\" readability=\"32\">\n<p><h2 class=\"text-center\">El presidente de Ucrania cuestion\u00f3 a la OTAN por no establecer una zona de exclusi\u00f3n a\u00e9rea<\/h2>\n<\/p><\/div>\n<p>VER VIDEO <i class=\"fas fa-play\"><\/i><\/p>\n<\/p><\/div><\/div>\n<p>El presidente de Ucrania, Volodimir Zelenski, lament\u00f3 la decisi\u00f3n \u00abdeliberada\u00bb de la OTAN de no establecer una zona de exclusi\u00f3n a\u00e9rea en Ucrania, adoptada por los cancilleres del bloque en una reuni\u00f3n que para el mandatario fue \u201cfloja y confusa\u201d.<\/p>\n<p>\u00abHoy, la direcci\u00f3n de la Alianza (Atl\u00e1ntica) dio el visto bueno a la continuaci\u00f3n de los bombardeos contra ciudades y pueblos ucranianos, neg\u00e1ndose a instaurar una zona de exclusi\u00f3n a\u00e9rea\u00bb, advirti\u00f3 Zelenski en un video publicado por la Presidencia.<\/p>\n<p>Cuestion\u00f3 el mandatario que \u00aba pesar de saber que nuevos bombardeos y nuevas bajas resultan inevitables, la OTAN decidi\u00f3 de manera deliberada no cerrar el espacio a\u00e9reo de Ucrania\u00bb.<\/p>\n<p>\u00abEntendemos que los pa\u00edses de la OTAN se han creado ellos mismos un relato, seg\u00fan el cual el cierre del espacio a\u00e9reo de Ucrania provocar\u00eda un agresi\u00f3n directa de Rusia contra la OTAN\u00bb, a\u00f1adi\u00f3.<\/p>\n<p>Tras el encuentro de los responsables de Relaciones Exteriores, el secretario general de la OTAN, Jens Stoltenberg, descart\u00f3 la chance de acceder al pedido ucraniano de una zona de exclusi\u00f3n a\u00e9rea.<\/p>\n<p>\u00abLos aliados acordaron que no debemos tener aviones sobre el espacio a\u00e9reo de Ucrania, ni tropas de la OTAN en el territorio de Ucrania\u00bb, declar\u00f3 el diplom\u00e1tico noruego.<\/p>\n<p>Para Stoltenberg, \u00abla \u00fanica forma de implementar una zona de exclusi\u00f3n a\u00e9rea\u201d con el env\u00edo de aviones de combate que tendr\u00edan que derribar cazas rusos que operan en Ucrania, lo que desatar\u00eda algo que \u201cpuede convertirse en una guerra total en Europa, envolviendo a muchos otros pa\u00edses y causando mucho m\u00e1s sufrimiento humano\u00bb.<\/p>\n<figure class=\"mb-3\"><img loading=\"lazy\" src=\"http:\/\/nuevacordoba.net\/wp-content\/uploads\/2022\/03\/zelenski-cuestiono-a-la-otan-por-no-establecer-una-zona-de-exclusion-aerea.jpg\" width=\"100%\" height=\"100%\" alt=\"Foto AFP Archivo\"><figcaption> Foto: AFP (Archivo). <\/figcaption><\/figure>\n<p>En sus cuestionamientos, Zelenski, adem\u00e1s de hablar de \u201cuna cumbre d\u00e9bil y confusa\u201d, juzg\u00f3 que \u201cse vio que no todos consideran la lucha por la libertad en Europa como el objetivo n\u00famero uno\u00bb, reportaron las agencias AFP y Sputnik.<\/p>\n<p>Hace 9 d\u00edas que tropas rusas ingresaron en territorio ucraniano, presuntamente en defensa de las Rep\u00fablicas Populares de Donetsk y Lugansk, reconocidas por Mosc\u00fa como Estados soberanos, y que habr\u00edan pedido ayuda frente al \u00abgenocidio\u00bb por parte de Kiev.<\/p>\n<p>Desde el 24 de febrero, el ataque dej\u00f3 varios cientos de civiles muertos, miles de refugiados en pa\u00edses vecinos y apenas una v\u00eda de di\u00e1logo abierta entre los dos pa\u00edses.<\/p>\n<div class=\"jumbotron pt-4 mt-3\" readability=\"38\">\n<h3 class=\"module-title\">Zelenski hablar\u00e1 por videoconferencia ante el Senado de EEUU<\/h3>\n<p>El presidente ucraniano, Volodimir Zelenski, se dirigir\u00e1 este s\u00e1bado al Senado estadounidense por videoconferencia, informaron fuentes parlamentarias.<\/p>\n<p>La conversaci\u00f3n se realizar\u00e1 en Zoom a la ma\u00f1ana (hora en Washington), precisa la informaci\u00f3n que report\u00f3 la agencia de noticias AFP.<\/p>\n<p>Ante la escalada del conflicto en Ucrania, varios legisladores estadounidenses piden a la administraci\u00f3n de Joe Biden fortalecer las represalias contra Mosc\u00fa y suspender, entre otras medidas, las importaciones estadounidenses de petr\u00f3leo ruso, un paso que la Casa Blanca a\u00fan no quiso dar.<\/p>\n<p>Incluso, ya en el plano del exabrupto, el senador republicano Lindsey Graham pidi\u00f3 que \u00abalguien en Rusia\u00bb asesine el presidente Vladimir Putin para hacer \u00abun gran servicio\u00bb a su pa\u00eds y al resto del mundo.<\/p>\n<p>Por su parte, el presidente ucraniano cuestion\u00f3 en duros t\u00e9rminos a la OTAN, luego de que el nucleamiento liderado por Estados Unidos rechazara instaurar una zona de exclusi\u00f3n a\u00e9rea en su pa\u00eds, una l\u00ednea roja infranqueable para la administraci\u00f3n Biden, pero que defienden algunos pol\u00edticos estadounidenses.<\/p>\n<\/p><\/div>\n","protected":false},"excerpt":{"rendered":"<p>El presidente de Ucrania cuestion\u00f3 a la OTAN por no establecer una zona de exclusi\u00f3n a\u00e9rea VER VIDEO El presidente de Ucrania, Volodimir Zelenski, lament\u00f3 la decisi\u00f3n \u00abdeliberada\u00bb de la OTAN de no establecer una zona de exclusi\u00f3n a\u00e9rea en Ucrania, adoptada por los cancilleres del bloque en una reuni\u00f3n que para el mandatario fue [&hellip;]<\/p>\n","protected":false},"author":1,"featured_media":16986,"comment_status":"closed","ping_status":"closed","sticky":false,"template":"","format":"standard","meta":[],"categories":[13],"tags":[],"_links":{"self":[{"href":"http:\/\/nuevacordoba.net\/index.php\/wp-json\/wp\/v2\/posts\/16985"}],"collection":[{"href":"http:\/\/nuevacordoba.net\/index.php\/wp-json\/wp\/v2\/posts"}],"about":[{"href":"http:\/\/nuevacordoba.net\/index.php\/wp-json\/wp\/v2\/types\/post"}],"author":[{"embeddable":true,"href":"http:\/\/nuevacordoba.net\/index.php\/wp-json\/wp\/v2\/users\/1"}],"replies":[{"embeddable":true,"href":"http:\/\/nuevacordoba.net\/index.php\/wp-json\/wp\/v2\/comments?post=16985"}],"version-history":[{"count":0,"href":"http:\/\/nuevacordoba.net\/index.php\/wp-json\/wp\/v2\/posts\/16985\/revisions"}],"wp:featuredmedia":[{"embeddable":true,"href":"http:\/\/nuevacordoba.net\/index.php\/wp-json\/wp\/v2\/media\/16986"}],"wp:attachment":[{"href":"http:\/\/nuevacordoba.net\/index.php\/wp-json\/wp\/v2\/media?parent=16985"}],"wp:term":[{"taxonomy":"category","embeddable":true,"href":"http:\/\/nuevacordoba.net\/index.php\/wp-json\/wp\/v2\/categories?post=16985"},{"taxonomy":"post_tag","embeddable":true,"href":"http:\/\/nuevacordoba.net\/index.php\/wp-json\/wp\/v2\/tags?post=16985"}],"curies":[{"name":"wp","href":"https:\/\/api.w.org\/{rel}","templated":true}]}}