{"id":17006,"date":"2022-03-04T03:02:47","date_gmt":"2022-03-04T03:02:47","guid":{"rendered":"https:\/\/puntoapunto.com.ar\/?p=322392"},"modified":"2022-03-04T03:02:47","modified_gmt":"2022-03-04T03:02:47","slug":"el-macri-en-modo-ninja-que-incomoda-a-varios","status":"publish","type":"post","link":"http:\/\/nuevacordoba.net\/index.php\/2022\/03\/04\/el-macri-en-modo-ninja-que-incomoda-a-varios\/","title":{"rendered":"El Macri en modo ninja que incomoda a varios"},"content":{"rendered":"<div class=\"g g-146\">\n<div class=\"g-single a-410\"><a class=\"gofollow\" data-track=\"NDEwLDE0NiwxLDYw\" href=\"https:\/\/www.grupocanter.com.ar\/notas\/2022-de-proyeccion\/?utm_source=Punto%20a%20Punto&amp;utm_medium=Banner&amp;utm_campaign=Departamentos&amp;utm_term=Banner%20Pie%20de%20Nota\" target=\"_blank\" rel=\"noopener\"><img src=\"http:\/\/nuevacordoba.net\/wp-content\/uploads\/2022\/03\/el-macri-en-modo-ninja-que-incomoda-a-varios.gif\"><\/a><\/div>\n<\/div>\n<p>Entra en el plano p\u00fablico de a ratos. Cada tanto se re\u00fane con algunos permitiendo fotos, y muchas otras veces esas conversaciones son en privado. Dicen que se siente m\u00e1s c\u00f3modo as\u00ed. Con un rol fantasma que desconcentra a rivales, incomoda a los propios; y, sobre todo, mantiene expectantes a todos.<\/p>\n<p><strong>Mauricio Macri,<\/strong> de \u00e9l se trata. El expresidente<strong> decidi\u00f3 arrancar el 2022 en modo ninja,<\/strong> sin mostrar las cartas con las que va a jugar lo que queda de este a\u00f1o y lo que m\u00e1s importa:<strong> c\u00f3mo va a jugar el 2023 de elecciones. <\/strong><\/p>\n<p>Decisi\u00f3n que les quita tranquilidad a todos en Juntos por el Cambio porque saben que, as\u00ed como sucedi\u00f3 con CFK en 2019, es el que tiene los votos. El que <strong>se aferra a ese 40% de hace dos a\u00f1os<\/strong> y que sabe que cotiza cuando menos habla. Cuando sale a la escena, parte el voto, entra en grieta y pone a convulsionar a la coalici\u00f3n opositora.<\/p>\n<h4><strong>De zen a ninja<\/strong><\/h4>\n<p>Los primeros a\u00f1os alejado de la presidencia tuvieron a un Macri zen, distante de la pol\u00edtica y con muchas ganas de aplicar a la convulsionada pol\u00edtica argenta el papel de un expresidente estadounidense. Esos que, una vez que pasan por la Casa Blanca, si no hay reelecci\u00f3n consecutiva no pueden volver a ocupar el sill\u00f3n principal en Washington.<\/p>\n<p>Mandato cumplido y a dar charlas por el mundo o presidir fundaciones. La rosca va por otro lado, no con la torpeza que se ejerce en la Argentina.<\/p>\n<p>Sin embargo, algo pas\u00f3 en la cabeza de Macri en el \u00faltimo tiempo que, aquellos que lo conocen en Buenos Aires sostienen que \u201cse hart\u00f3\u201d.<strong> \u201cSe cans\u00f3 de varios y empieza a discutir pol\u00edtica en serio. Poder real\u201d<\/strong>, como dijo a <strong>Punto a Punto<\/strong> hace unos d\u00edas una persona que lo conoce.<\/p>\n<p>\u201c<strong>Est\u00e1 cansado de Horacio (Rodr\u00edguez Larreta) y Patricia (Bullrich).<\/strong> No le gusta que lo est\u00e9n desafiando todo el tiempo. La reconfiguraci\u00f3n de la mesa chica a Horacio no le dio el h\u00e1ndicap necesario para pelear fuerte en el 2023 y a Patricia endurecerse no le est\u00e1 \u2018garpando\u2019 como cre\u00eda. En esa, pierde con<a href=\"https:\/\/puntoapunto.com.ar\/lo-que-dejo-el-paso-de-milei-por-cordoba-bajo-la-lupa-de-los-empresarios\/\" target=\"_blank\" rel=\"noopener\"> (Javier) Milei<\/a>\u201d, sostuvo la misma fuente.<\/p>\n<p>El an\u00e1lisis es a\u00fan m\u00e1s profundo. Cerca de Macri est\u00e1n observando que Larreta no puede hacer pie m\u00e1s all\u00e1 de Buenos Aires y que cuando lo hace le reclaman la presencia permanente en la gesti\u00f3n. \u201cTuvo que ir al pie de (Gerardo) Morales en Jujuy y se sacaron una foto por Ucrania que ni siquiera estuvo organizada. Fue improvisada\u201d, dicen los macristas del encuentro en el norte del fin de semana. Y ah\u00ed, en ese error, apuntan a Diego Santilli, el diputado por provincia de Buenos Aires que se convirti\u00f3 en el armador del alcalde porte\u00f1o para el interior.<\/p>\n<p>En el encuentro con Morales apuntan a dos cuestiones: el pedido de equidad en reparto de subsidios con el que el juje\u00f1o se sum\u00f3 al cordob\u00e9s Juan Schiaretti; y a repetir la estrategia de Macri de arribar en tiempo de carnavales a Jujuy. Por los dos motivos, fallido. \u201cNo tienen el know how de Mauricio\u201d, dicen los que hablan con el expresidente.<\/p>\n<p><strong>Con Bullrich la tensi\u00f3n es a\u00fan peor<\/strong>. Cree que lo desaf\u00eda todo el tiempo y dicen que no cae bien en el macrismo que la exministra sostenga entre los suyos que le gan\u00f3 C\u00f3rdoba en el TEG del PRO. \u201cC\u00f3rdoba no es macrista, es antikirchnerista\u201d, compran de Bullrich los alfiles de la exministra en territorio mediterr\u00e1neo.<\/p>\n<h4><strong>La tercera pata es Mar\u00eda Eugenia Vidal<\/strong><\/h4>\n<p>Tambi\u00e9n en el seno de JxC tomaron nota del streaming de Macri con la exgobernadora bonaerense despu\u00e9s del episodio \u2018Gestapo sindical\u2019 y de la casi decena de biblioratos que aport\u00f3 la actual AFI a la Justicia. \u201c<strong>Esa nafta lleg\u00f3 de alg\u00fan lado<\/strong>\u201d, dijo un peronista que cree que Vidal baj\u00f3 sus pretensiones nacionales despu\u00e9s de un enero convulsionado.<\/p>\n<h4><strong>La pelea en \u2018su\u2019 provincia<\/strong><\/h4>\n<p>Fue el \u00fanico que no vino en el 2021 de elecciones. Tal vez, sab\u00eda lo que se ven\u00eda. Sin embargo, todos saben que si es candidato posiblemente la base cordobesa ser\u00e1 clave.<\/p>\n<p>Incluso, podr\u00eda llegar a instalarse un tiempo para hacer base desde ac\u00e1 al resto del pa\u00eds. Y ese es el riesgo que saben en el juecismo, la pata Bullrich del <strong>PRO y la UCR<\/strong>, todos distantes de Macri por diversos motivos. \u201cSi pelea, baja y se arma un quilombo\u201d, cerr\u00f3 un aliancista a este medio.<\/p>\n","protected":false},"excerpt":{"rendered":"<p>Entra en el plano p\u00fablico de a ratos. Cada tanto se re\u00fane con algunos permitiendo fotos, y muchas otras veces esas conversaciones son en privado. Dicen que se siente m\u00e1s c\u00f3modo as\u00ed. Con un rol fantasma que desconcentra a rivales, incomoda a los propios; y, sobre todo, mantiene expectantes a todos. Mauricio Macri, de \u00e9l [&hellip;]<\/p>\n","protected":false},"author":1,"featured_media":17007,"comment_status":"open","ping_status":"closed","sticky":false,"template":"","format":"standard","meta":[],"categories":[12,14],"tags":[],"_links":{"self":[{"href":"http:\/\/nuevacordoba.net\/index.php\/wp-json\/wp\/v2\/posts\/17006"}],"collection":[{"href":"http:\/\/nuevacordoba.net\/index.php\/wp-json\/wp\/v2\/posts"}],"about":[{"href":"http:\/\/nuevacordoba.net\/index.php\/wp-json\/wp\/v2\/types\/post"}],"author":[{"embeddable":true,"href":"http:\/\/nuevacordoba.net\/index.php\/wp-json\/wp\/v2\/users\/1"}],"replies":[{"embeddable":true,"href":"http:\/\/nuevacordoba.net\/index.php\/wp-json\/wp\/v2\/comments?post=17006"}],"version-history":[{"count":0,"href":"http:\/\/nuevacordoba.net\/index.php\/wp-json\/wp\/v2\/posts\/17006\/revisions"}],"wp:featuredmedia":[{"embeddable":true,"href":"http:\/\/nuevacordoba.net\/index.php\/wp-json\/wp\/v2\/media\/17007"}],"wp:attachment":[{"href":"http:\/\/nuevacordoba.net\/index.php\/wp-json\/wp\/v2\/media?parent=17006"}],"wp:term":[{"taxonomy":"category","embeddable":true,"href":"http:\/\/nuevacordoba.net\/index.php\/wp-json\/wp\/v2\/categories?post=17006"},{"taxonomy":"post_tag","embeddable":true,"href":"http:\/\/nuevacordoba.net\/index.php\/wp-json\/wp\/v2\/tags?post=17006"}],"curies":[{"name":"wp","href":"https:\/\/api.w.org\/{rel}","templated":true}]}}