{"id":17100,"date":"2022-03-07T19:15:53","date_gmt":"2022-03-07T19:15:53","guid":{"rendered":"https:\/\/puntoapunto.com.ar\/?p=323389"},"modified":"2022-03-07T19:15:53","modified_gmt":"2022-03-07T19:15:53","slug":"8m-salen-solas-el-evento-virtual-del-cervantes-para-mujeres-emprendedores","status":"publish","type":"post","link":"http:\/\/nuevacordoba.net\/index.php\/2022\/03\/07\/8m-salen-solas-el-evento-virtual-del-cervantes-para-mujeres-emprendedores\/","title":{"rendered":"8M: \u2018Salen solas\u2019, el evento virtual del Cervantes para mujeres emprendedores"},"content":{"rendered":"<p>La propuesta surgi\u00f3 con el objetivo de continuar apoyando y fomentando el emprendedurismo cordob\u00e9s, tarea que <strong>Cervantes&nbsp;<\/strong>viene realizando y en la que se compromete seriamente desde hace varios a\u00f1os. Este 2022 el foco est\u00e1 puesto en ellas: las emprendedoras cordobesas, mujeres que desaf\u00edan las estructuras y se muestran al mundo seguras de sus capacidades y habilidades, mujeres con personalidad que se animaron a seguir sus sue\u00f1os sin miedos y que hoy pueden contar sus casos de \u00e9xito.<\/p>\n<p>Salen solas es un evento virtual gratuito a trav\u00e9s del cual la audiencia podr\u00e1 escuchar a 12 diferentes oradoras que compartir\u00e1n sus historias, tips y consejos desde sus experiencias como emprendedoras, las convocadas son referentes de diferentes rubros: tecnolog\u00eda, publicidad, indumentaria, eventos, inmuebles, cine y muchos m\u00e1s; cada oradora contar\u00e1 con 15 minutos para compartir su historia.<\/p>\n<p>El evento se transmitir\u00e1 a trav\u00e9s del canal de&nbsp;<strong>YouTube&nbsp;<\/strong>de<a href=\"https:\/\/www.youtube.com\/user\/CervantesIC\" target=\"_blank\" rel=\"noopener\">&nbsp;<\/a><strong><a href=\"https:\/\/www.youtube.com\/user\/CervantesIC\" target=\"_blank\" rel=\"noopener\">Cervantes<\/a>&nbsp;<\/strong>el mismo martes 8 de marzo a las 10 de la ma\u00f1ana.<\/p>\n<p><img loading=\"lazy\" class=\"alignnone wp-image-323395\" src=\"http:\/\/nuevacordoba.net\/wp-content\/uploads\/2022\/03\/8m-salen-solas-el-evento-virtual-del-cervantes-para-mujeres-emprendedores.jpg\" alt width=\"806\" height=\"457\" srcset=\"http:\/\/nuevacordoba.net\/wp-content\/uploads\/2022\/03\/8m-salen-solas-el-evento-virtual-del-cervantes-para-mujeres-emprendedores.jpg 300w, http:\/\/nuevacordoba.net\/wp-content\/uploads\/2022\/03\/8m-salen-solas-el-evento-virtual-del-cervantes-para-mujeres-emprendedores-1.jpg 768w, http:\/\/nuevacordoba.net\/wp-content\/uploads\/2022\/03\/8m-salen-solas-el-evento-virtual-del-cervantes-para-mujeres-emprendedores-2.jpg 750w, http:\/\/nuevacordoba.net\/wp-content\/uploads\/2022\/03\/8m-salen-solas-el-evento-virtual-del-cervantes-para-mujeres-emprendedores-3.jpg 800w\" sizes=\"(max-width: 806px) 100vw, 806px\"><\/p>\n<h4><strong>Las disertantes del evento ser\u00e1n:<\/strong><\/h4>\n<p><strong>Mar Tarr\u00e9s<\/strong>, humorista, influencer y empresaria.&nbsp;<strong>Mar&nbsp;<\/strong>comparte y defiende un discurso empoderador y de aceptaci\u00f3n, lucha activamente contra la gordofobia y fue la creadora de su propia marca de indumentaria con propuestas para todos los cuerpos.<\/p>\n<p><strong>Vanesa<\/strong>&nbsp;<strong>Duran<\/strong>, empresaria. Creadora e impulsora de la marca que lleva su nombre,&nbsp;<strong>Vanesa<\/strong>&nbsp;ha creado un imperio, su empresa de accesorios y cosm\u00e9ticos que no para de crecer, es fuente de trabajo para m\u00e1s de 25 mil revendedoras en todo el pa\u00eds.<\/p>\n<p><strong>Roxana<\/strong>&nbsp;<strong>Acotto<\/strong>, periodista cordobesa especializada en econom\u00eda, fund\u00f3 el micro televisivo&nbsp;<strong>Economix&nbsp;<\/strong>que lleva m\u00e1s de 12 a\u00f1os en el aire de&nbsp;<strong>El Doce<\/strong>. Programa que ella misma produce, escribe y conduce y que se ha posicionado entre los m\u00e1s vistos de producci\u00f3n local de la televisi\u00f3n cordobesa, despu\u00e9s de los noticieros.<\/p>\n<p><strong>Laura Jure<\/strong>, ministra de Promoci\u00f3n del Empleo y de la Econom\u00eda Familiar de la Provincia de C\u00f3rdoba y presidenta de la&nbsp;<strong>Fundaci\u00f3n Banco de C\u00f3rdoba<\/strong>. Creadora e impulsora de&nbsp;<strong>C\u00f3rdoba Emprendedora.<\/strong><\/p>\n<p><strong>Victoria<\/strong>&nbsp;<strong>Onieva<\/strong>, relacionista P\u00fablica y Asesora en Comunicaci\u00f3n Institucional e Imagen. Directora ejecutiva en&nbsp;<strong>Endeavor<\/strong>&nbsp;C\u00f3rdoba. Semillero de los emprendedores m\u00e1s destacados del pa\u00eds.<\/p>\n<p><strong>Tatiana<\/strong>&nbsp;<strong>Morozovsky<\/strong>, licenciada en relaciones p\u00fablicas e institucionales, creadora de&nbsp;<strong>Agencia Move<\/strong>, su propio emprendimiento publicitario. Promotora del \u201cCultsearching\u201d, imprescindible para que las organizaciones analicen y desarrollen su propia cultura.<\/p>\n<p><strong>Florencia Moyano Carranza<\/strong>, fundadora y directora de&nbsp;<strong>Florencia Moyano Carranza Meetings &amp; Events<\/strong>. Empresa con 19 de a\u00f1os de trayectoria en Organizaci\u00f3n de Eventos Sociales y Corporativos.<\/p>\n<p><strong>Andrea P\u00e9rez<\/strong>, corredora p\u00fablica inmobiliaria. Emprendedora, empresaria. Experta en hacer que las cosas sucedan. Luego de 33 a\u00f1os de trabajo en empresas de primera l\u00ednea decidi\u00f3 comenzar de nuevo y lanzarse por su cuenta.<\/p>\n<p><strong>Carla Dogliani<\/strong>, actriz y docente de teatro, autora y productora en obras que van desde teatro cl\u00e1sico, experimental, hasta puestas de \u00edndole comercial. Su creaci\u00f3n de m\u00e1s notoriedad es<strong>&nbsp;\u201cLa Bicho\u00bb<\/strong>, un personaje humor\u00edstico con el que lleva su humor a m\u00e1s de 20 provincias.<\/p>\n<p><strong>Paula Gialdi<\/strong>, presidenta de la&nbsp;<strong>Asociaci\u00f3n de Emprendedores Tecnol\u00f3gicos<\/strong>. Emprendedora serial especializada en comunicaci\u00f3n, marketing digital y dise\u00f1o e investigaci\u00f3n de experiencias de personas usuarias. Consultora en organizaciones exponenciales y mentora de startups.<\/p>\n<p><strong>Mariana Ortega<\/strong>, emprendedora trans que ha fundado el Festival Internacional \u201cAmor es Amor\u201d (2019-Actualidad), el cual es el 1\u00b0 festival de cine LGBTIQA+ que naci\u00f3 en C\u00f3rdoba y a\u00fan sigue vigente en plena temporada de verano.<\/p>\n<p>Conduce:&nbsp;<strong>Cheche Caudana<\/strong>.<\/p>\n<p>No tags for this post. <\/p>\n","protected":false},"excerpt":{"rendered":"<p>La propuesta surgi\u00f3 con el objetivo de continuar apoyando y fomentando el emprendedurismo cordob\u00e9s, tarea que Cervantes&nbsp;viene realizando y en la que se compromete seriamente desde hace varios a\u00f1os. Este 2022 el foco est\u00e1 puesto en ellas: las emprendedoras cordobesas, mujeres que desaf\u00edan las estructuras y se muestran al mundo seguras de sus capacidades y [&hellip;]<\/p>\n","protected":false},"author":1,"featured_media":17101,"comment_status":"open","ping_status":"closed","sticky":false,"template":"","format":"standard","meta":[],"categories":[14],"tags":[],"_links":{"self":[{"href":"http:\/\/nuevacordoba.net\/index.php\/wp-json\/wp\/v2\/posts\/17100"}],"collection":[{"href":"http:\/\/nuevacordoba.net\/index.php\/wp-json\/wp\/v2\/posts"}],"about":[{"href":"http:\/\/nuevacordoba.net\/index.php\/wp-json\/wp\/v2\/types\/post"}],"author":[{"embeddable":true,"href":"http:\/\/nuevacordoba.net\/index.php\/wp-json\/wp\/v2\/users\/1"}],"replies":[{"embeddable":true,"href":"http:\/\/nuevacordoba.net\/index.php\/wp-json\/wp\/v2\/comments?post=17100"}],"version-history":[{"count":0,"href":"http:\/\/nuevacordoba.net\/index.php\/wp-json\/wp\/v2\/posts\/17100\/revisions"}],"wp:featuredmedia":[{"embeddable":true,"href":"http:\/\/nuevacordoba.net\/index.php\/wp-json\/wp\/v2\/media\/17101"}],"wp:attachment":[{"href":"http:\/\/nuevacordoba.net\/index.php\/wp-json\/wp\/v2\/media?parent=17100"}],"wp:term":[{"taxonomy":"category","embeddable":true,"href":"http:\/\/nuevacordoba.net\/index.php\/wp-json\/wp\/v2\/categories?post=17100"},{"taxonomy":"post_tag","embeddable":true,"href":"http:\/\/nuevacordoba.net\/index.php\/wp-json\/wp\/v2\/tags?post=17100"}],"curies":[{"name":"wp","href":"https:\/\/api.w.org\/{rel}","templated":true}]}}