{"id":1722,"date":"2021-03-05T15:19:02","date_gmt":"2021-03-05T15:19:02","guid":{"rendered":"http:\/\/nuevacordoba.net\/index.php\/2021\/03\/05\/ni-dolar-futuro-ni-la-deuda-con-el-fmi-para-alvarez-agis-hay-que-dejar-de-judicializar-la-politica-economica\/"},"modified":"2021-03-05T15:19:02","modified_gmt":"2021-03-05T15:19:02","slug":"ni-dolar-futuro-ni-la-deuda-con-el-fmi-para-alvarez-agis-hay-que-dejar-de-judicializar-la-politica-economica","status":"publish","type":"post","link":"http:\/\/nuevacordoba.net\/index.php\/2021\/03\/05\/ni-dolar-futuro-ni-la-deuda-con-el-fmi-para-alvarez-agis-hay-que-dejar-de-judicializar-la-politica-economica\/","title":{"rendered":"Ni d\u00f3lar futuro, ni la deuda con el FMI: para \u00c1lvarez Agis hay que dejar de judicializar la pol\u00edtica econ\u00f3mica"},"content":{"rendered":"<div><img src=\"http:\/\/nuevacordoba.net\/wp-content\/uploads\/2021\/03\/ni-dolar-futuro-ni-la-deuda-con-el-fmi-para-alvarez-agis-hay-que-dejar-de-judicializar-la-politica-economica.jpg\" class=\"ff-og-image-inserted\"><\/div>\n<p>El exviceministro de Econom\u00eda de Axel Kicillof, Emmanuel \u00c1lvarez Agis, pidi\u00f3 dejar de judicializar las pol\u00edticas econ\u00f3micas de los gobiernos, como la causa d\u00f3lar futuro o la querella penal que impulsa el Gobierno de Alberto Fern\u00e1ndez contra exfuncionarios de la gesti\u00f3n de Mauricio Macri por la deuda que se contrajo con el Fondo Monetario Internacional (FMI).<\/p>\n<p>Dijo que, si lo llaman a declarar, para \u00e9l el acuerdo con el FMI no constituy\u00f3 un delito, sino que se trat\u00f3 de una mala pol\u00edtica econ\u00f3mica. \u00abVoy a decir que son todos inocentes\u00bb, indic\u00f3.<\/p>\n<p>\u00c1lvarez Agis hizo estas declaraciones en un seminario por teleconferencia del que particip\u00f3 tambi\u00e9n el exministro de Hacienda de Macri, Hern\u00e1n Lacunza.<\/p>\n<p>\u201cLas pol\u00edticas econ\u00f3micas se juzgan en las urnas y yo creo que Macri pierde por el acuerdo. En este sentido, hay que discernir entre lo que es una mala pol\u00edtica econ\u00f3mica y lo que es corrupci\u00f3n. Si me llaman a declarar por esto para m\u00ed no es delito\u201d, afirm\u00f3 luego a <a href=\"https:\/\/www.lanacion.com.ar\/economia\/alvarez-agis-el-acuerdo-con-el-fmi-fue-una-mala-politica-economica-no-un-delito-nid04032021\/\" target=\"_blank\" rel=\"noopener\">La Naci\u00f3n<\/a>.<\/p>\n<div class=\"block-ad-node\">\n<div>\n<p> <span>Publicidad<\/span> <\/p>\n<\/div>\n<\/div>\n<p>\u201cMe parece una locura de los dos lados de la grieta. Me hubiera gustado la misma solidaridad con la causa d\u00f3lar futuro. Jugamos a la autodestrucci\u00f3n. Con estos criterios, todo es judicializable\u201d, agreg\u00f3, y dijo que, por ejemplo, el d\u00eda de ma\u00f1ana alguien podr\u00eda ir a la justicia por el proyecto de Sergio Massa que busca que los que cobran hasta $ 150.000 no paguen Ganancias porque favorece a un grupo de personas.<\/p>\n<p>En cuanto al acuerdo con el FMI, dijo que, en su opini\u00f3n, fue \u201cun desastre\u201d, pero, \u201ca lo sumo una mala pol\u00edtica econ\u00f3mica y no un delito, salvo que se descubriera que se recibi\u00f3 dinero a cambio, lo que ser\u00eda un hecho de corrupci\u00f3n\u201d.<\/p>\n<p>Y continu\u00f3 diciendo que las implicancias de episodios como esta querella y la causa d\u00f3lar futuro son que el pr\u00f3ximo ministro \u201cva a tener que ser Alibaba\u201d, en referencia a lo que tendr\u00eda que pagar de honorarios de abogados.<\/p>\n<p>\u201cYo ahora tengo una consultora privada, pero no puedo ni imaginarme cu\u00e1nto me saldr\u00eda un abogado porque a Bonadio se le ocurri\u00f3 que fui parte de una operaci\u00f3n con una ganancia de $6000 millones. \u00bfCu\u00e1nto me va a cobrar? Es una locura que un ministro en vez de pensar en firmar o no un acuerdo tenga que estar pensando en si va a pasar dos a\u00f1os dando vuelta por tribunales por eso\u201d, a\u00f1adi\u00f3.<\/p>\n<div class=\"ctaNewsNotaContainer\" readability=\"6.5\">\n<div class=\"newsletterTextContainer\" readability=\"33\">\n<p> S\u00cdNTESIS POL\u00cdTICA<\/p>\n<p> Informaci\u00f3n exclusiva y el mejor an\u00e1lisis, los lunes en tu correo.<\/p>\n<form method=\"post\" action-xhr=\"https:\/\/www.lavoz.com.ar\/newsletters\/sintesis-politica\/signup\" id=\"newsletter-signup\" class=\"newsletterForm\" target=\"_blank\" custom-validation-reporting=\"as-you-go\" on=\"submit:AMP.setState({formLoading:true});submit-success:AMP.setState({formSuccess:true})\">\n<div submit-success class=\"is-paddingless-l\" readability=\"6\"> <template type=\"amp-mustache\" readability=\"2\"><\/p>\n<p> <strong>\u00a1Gracias por suscribirte!<\/strong><\/p>\n<p> <\/template><\/div>\n<div submit-error class=\"is-paddingless-l\" readability=\"6.5\"> <template type=\"amp-mustache\" readability=\"3\"><\/p>\n<p> <strong>Ha ocurrido un error, por favor intente nuevamente m\u00e1s tarde.<\/strong><\/p>\n<p> <\/template><\/div>\n<\/form>\n<\/div>\n<\/div>\n<div>\n<p> <span>Publicidad<\/span> <\/p>\n<\/div>\n","protected":false},"excerpt":{"rendered":"<p>El exviceministro de Econom\u00eda de Axel Kicillof, Emmanuel \u00c1lvarez Agis, pidi\u00f3 dejar de judicializar las pol\u00edticas econ\u00f3micas de los gobiernos, como la causa d\u00f3lar futuro o la querella penal que impulsa el Gobierno de Alberto Fern\u00e1ndez contra exfuncionarios de la gesti\u00f3n de Mauricio Macri por la deuda que se contrajo con el Fondo Monetario Internacional [&hellip;]<\/p>\n","protected":false},"author":1,"featured_media":1723,"comment_status":"closed","ping_status":"closed","sticky":false,"template":"","format":"standard","meta":[],"categories":[12],"tags":[],"_links":{"self":[{"href":"http:\/\/nuevacordoba.net\/index.php\/wp-json\/wp\/v2\/posts\/1722"}],"collection":[{"href":"http:\/\/nuevacordoba.net\/index.php\/wp-json\/wp\/v2\/posts"}],"about":[{"href":"http:\/\/nuevacordoba.net\/index.php\/wp-json\/wp\/v2\/types\/post"}],"author":[{"embeddable":true,"href":"http:\/\/nuevacordoba.net\/index.php\/wp-json\/wp\/v2\/users\/1"}],"replies":[{"embeddable":true,"href":"http:\/\/nuevacordoba.net\/index.php\/wp-json\/wp\/v2\/comments?post=1722"}],"version-history":[{"count":0,"href":"http:\/\/nuevacordoba.net\/index.php\/wp-json\/wp\/v2\/posts\/1722\/revisions"}],"wp:featuredmedia":[{"embeddable":true,"href":"http:\/\/nuevacordoba.net\/index.php\/wp-json\/wp\/v2\/media\/1723"}],"wp:attachment":[{"href":"http:\/\/nuevacordoba.net\/index.php\/wp-json\/wp\/v2\/media?parent=1722"}],"wp:term":[{"taxonomy":"category","embeddable":true,"href":"http:\/\/nuevacordoba.net\/index.php\/wp-json\/wp\/v2\/categories?post=1722"},{"taxonomy":"post_tag","embeddable":true,"href":"http:\/\/nuevacordoba.net\/index.php\/wp-json\/wp\/v2\/tags?post=1722"}],"curies":[{"name":"wp","href":"https:\/\/api.w.org\/{rel}","templated":true}]}}