{"id":17311,"date":"2022-03-11T14:08:19","date_gmt":"2022-03-11T14:08:19","guid":{"rendered":"https:\/\/puntoapunto.com.ar\/?p=324254"},"modified":"2022-03-11T14:08:19","modified_gmt":"2022-03-11T14:08:19","slug":"con-la-campora-en-contra-diputados-aprobo-el-acuerdo-con-el-fmi","status":"publish","type":"post","link":"http:\/\/nuevacordoba.net\/index.php\/2022\/03\/11\/con-la-campora-en-contra-diputados-aprobo-el-acuerdo-con-el-fmi\/","title":{"rendered":"Con La C\u00e1mpora en contra Diputados aprob\u00f3 el acuerdo con el FMI"},"content":{"rendered":"<div class=\"g g-146\">\n<div class=\"g-single a-410\"><a class=\"gofollow\" data-track=\"NDEwLDE0NiwxLDYw\" href=\"https:\/\/www.grupocanter.com.ar\/notas\/2022-de-proyeccion\/?utm_source=Punto%20a%20Punto&amp;utm_medium=Banner&amp;utm_campaign=Departamentos&amp;utm_term=Banner%20Pie%20de%20Nota\" target=\"_blank\" rel=\"noopener\"><img src=\"http:\/\/nuevacordoba.net\/wp-content\/uploads\/2022\/03\/con-la-campora-en-contra-diputados-aprobo-el-acuerdo-con-el-fmi.gif\"><\/a><\/div>\n<\/div>\n<p>Tras 13 horas de debate y luego de introducir 27 cambios en el texto original la C\u00e1mara de Diputados dio en la madrugada de hoy media sanci\u00f3n al proyecto de acuerdo de renegociaci\u00f3n de deuda con el FMI. La votaci\u00f3n se dio en paralelo a fuertes y violentas protestas frente al Congreso. Hubo piedras que incluso destrozaron vidrios en el despacho de la vicepresidente.<\/p>\n<p>Con la media sanci\u00f3n se gir\u00f3 al Senado el proyecto de ley que avala el Acuerdo de Facilidades Extendidas entre Argentina y el Fondo Monetario Internacional. <strong>El proyecto cont\u00f3 con el respaldo de 202 legisladores, mientras otros 37 votaron por la negativa y 13 se inclinaron por la abstenci\u00f3n. Entre los votos negativos se contaron 28 de diputados que responden a La C\u00e1mpora, de M\u00e1ximo Kirchner. <\/strong>La izquierda y los libertarios estuvieron entre los 37 que lo hicieron en contra.<\/p>\n<p><strong>Los principales referentes de Juntos por el Cambio expresaron los respaldos de sus bancadas al proyecto de Acuerdo con el Fondo Monetario Internaciona<\/strong>l, al tiempo que cuestionaron al Frente de Todos por su falta de cohesi\u00f3n para aprobar la iniciativa y por el programa econ\u00f3mico que present\u00f3 para cumplir con los objetivos.<\/p>\n<p><img loading=\"lazy\" class=\"alignnone wp-image-324255\" src=\"http:\/\/nuevacordoba.net\/wp-content\/uploads\/2022\/03\/con-la-campora-en-contra-diputados-aprobo-el-acuerdo-con-el-fmi.jpg\" alt width=\"476\" height=\"268\" srcset=\"http:\/\/nuevacordoba.net\/wp-content\/uploads\/2022\/03\/con-la-campora-en-contra-diputados-aprobo-el-acuerdo-con-el-fmi.jpg 300w, http:\/\/nuevacordoba.net\/wp-content\/uploads\/2022\/03\/con-la-campora-en-contra-diputados-aprobo-el-acuerdo-con-el-fmi-1.jpg 768w, http:\/\/nuevacordoba.net\/wp-content\/uploads\/2022\/03\/con-la-campora-en-contra-diputados-aprobo-el-acuerdo-con-el-fmi-2.jpg 750w, http:\/\/nuevacordoba.net\/wp-content\/uploads\/2022\/03\/con-la-campora-en-contra-diputados-aprobo-el-acuerdo-con-el-fmi-3.jpg 900w\" sizes=\"(max-width: 476px) 100vw, 476px\"><\/p>\n<p>El titular de la bancada radical, Mario Negri, remarc\u00f3, dirigi\u00e9ndose al Frente de Todos:&nbsp;<strong>\u00abTengan la tranquilidad, nosotros no estamos para cogobernar, nosotros no estamos para ser una rueda de auxilio todos los d\u00edas. Nosotros venimos y acompa\u00f1amos cuando lo que esta en peligro, es la gente, de lo otro se har\u00e1n cargo ustedes como Gobierno\u00bb.<\/strong><\/p>\n<p>\u00abNosotros estamos ac\u00e1 para ayudar al pa\u00eds. No para cogobernar con el oficialismo. Porque miren este recinto: hay zonas bastante raleadas en este recinto. Hay fractura pol\u00edtica en el Frete de Todos. Si no fuera por Juntos por el Cambio hoy se festejar\u00eda otro default, otra tragedia para los argentinos\u00bb, a\u00f1adi\u00f3. Por \u00faltimo, enfatiz\u00f3: \u00abYa vendr\u00e1 un gobierno m\u00e1s responsable con una sociedad con m\u00e1s conciencia para resolver lo que ustedes dejaron\u00bb.<\/p>\n<p>Por el PRO, su jefe parlamentario Luciano Laspina remarc\u00f3: \u00ab<strong>Votamos esto porque no queremos integrar el club de pa\u00edses en default<\/strong>; ya que es una irresponsabilidad asumir un Gobierno y plantearse en una situaci\u00f3n como esta en una posici\u00f3n de estudiantina\u00bb. \u00abNosotros no podemos hacer nada para que el gobierno no implemente su pol\u00edtica econ\u00f3mica, ni aunque votemos hoy en contra\u00bb, aclar\u00f3. Para el diputado santafesino del PRO, \u00abla deuda es hija del d\u00e9ficit, cuando llego este gobierno\u00bb y \u00aben este Parlamento se legisl\u00f3 durante a\u00f1os como si el Estado tuviese bolsillo de payaso\u00bb.<\/p>\n<p>Por su parte, el presidente del bloque de la Coalici\u00f3n C\u00edvica, Juan Manuel L\u00f3pez, apunt\u00f3: \u00abNo estamos inc\u00f3modos por tener que votar esta ley, somos responsables y somos el espacio que gan\u00f3 la elecci\u00f3n del a\u00f1o pasado. Creo que hay que adoptar una posici\u00f3n adulta y seria\u00bb.<\/p>\n<p>El presidente del bloque Evoluci\u00f3n Radical, Rodrigo de Loredo, se\u00f1al\u00f3 a su turno que \u00ab<strong>en la econom\u00eda los n\u00fameros cierran m\u00e1s temprano que tarde, si es con planes y con gesti\u00f3n cierran para bien; si es sin planes y sin gesti\u00f3n cierran para mal,<\/strong>&nbsp;y ustedes quieren volver a abordar esa receta y van a volver a gobernarnos con su socio, con el mejor socios que tuvieron desde que llegaron al gobierno, que es la inflaci\u00f3n\u00bb.<\/p>\n<p>\u00abSilenciosa, generalizada, a la esperan que haga el ajuste que ustedes no quieren hacer, ni medir, ni trazar, ni planificar, porque prefieren que lo haga la realidad, prefieren que se lleve puesto a los sectores informales, los sectores asalariados porque prefieren eso a pagar el costo de una gesti\u00f3n\u00bb, a\u00f1adi\u00f3.<\/p>\n","protected":false},"excerpt":{"rendered":"<p>Tras 13 horas de debate y luego de introducir 27 cambios en el texto original la C\u00e1mara de Diputados dio en la madrugada de hoy media sanci\u00f3n al proyecto de acuerdo de renegociaci\u00f3n de deuda con el FMI. La votaci\u00f3n se dio en paralelo a fuertes y violentas protestas frente al Congreso. Hubo piedras que [&hellip;]<\/p>\n","protected":false},"author":1,"featured_media":17312,"comment_status":"open","ping_status":"closed","sticky":false,"template":"","format":"standard","meta":[],"categories":[12,14],"tags":[],"_links":{"self":[{"href":"http:\/\/nuevacordoba.net\/index.php\/wp-json\/wp\/v2\/posts\/17311"}],"collection":[{"href":"http:\/\/nuevacordoba.net\/index.php\/wp-json\/wp\/v2\/posts"}],"about":[{"href":"http:\/\/nuevacordoba.net\/index.php\/wp-json\/wp\/v2\/types\/post"}],"author":[{"embeddable":true,"href":"http:\/\/nuevacordoba.net\/index.php\/wp-json\/wp\/v2\/users\/1"}],"replies":[{"embeddable":true,"href":"http:\/\/nuevacordoba.net\/index.php\/wp-json\/wp\/v2\/comments?post=17311"}],"version-history":[{"count":0,"href":"http:\/\/nuevacordoba.net\/index.php\/wp-json\/wp\/v2\/posts\/17311\/revisions"}],"wp:featuredmedia":[{"embeddable":true,"href":"http:\/\/nuevacordoba.net\/index.php\/wp-json\/wp\/v2\/media\/17312"}],"wp:attachment":[{"href":"http:\/\/nuevacordoba.net\/index.php\/wp-json\/wp\/v2\/media?parent=17311"}],"wp:term":[{"taxonomy":"category","embeddable":true,"href":"http:\/\/nuevacordoba.net\/index.php\/wp-json\/wp\/v2\/categories?post=17311"},{"taxonomy":"post_tag","embeddable":true,"href":"http:\/\/nuevacordoba.net\/index.php\/wp-json\/wp\/v2\/tags?post=17311"}],"curies":[{"name":"wp","href":"https:\/\/api.w.org\/{rel}","templated":true}]}}