{"id":1732,"date":"2021-03-05T22:17:00","date_gmt":"2021-03-05T22:17:00","guid":{"rendered":"http:\/\/nuevacordoba.net\/index.php\/2021\/03\/05\/detuvieron-a-un-exfuncionario-del-gobierno-de-trump-en-relacion-con-el-asalto-al-capitolio\/"},"modified":"2021-03-05T22:17:00","modified_gmt":"2021-03-05T22:17:00","slug":"detuvieron-a-un-exfuncionario-del-gobierno-de-trump-en-relacion-con-el-asalto-al-capitolio","status":"publish","type":"post","link":"http:\/\/nuevacordoba.net\/index.php\/2021\/03\/05\/detuvieron-a-un-exfuncionario-del-gobierno-de-trump-en-relacion-con-el-asalto-al-capitolio\/","title":{"rendered":"Detuvieron a un exfuncionario del Gobierno de Trump en relaci\u00f3n con el asalto al Capitolio"},"content":{"rendered":"<div class=\"image\" id=\"image\" readability=\"7\"> <img src=\"http:\/\/nuevacordoba.net\/wp-content\/uploads\/2021\/03\/detuvieron-a-un-exfuncionario-del-gobierno-de-trump-en-relacion-con-el-asalto-al-capitolio.jpg\" alt=\"Asalto al Capitolio el 6 de enero\" title=\"Asalto al Capitolio el 6 de enero\"><\/p>\n<p>Asalto al Capitolio el 6 de enero<\/p>\n<\/div>\n<p>El FBI detuvo a un exfuncionario del Departamento de Estado, que hab\u00eda sido designado durante la administraci\u00f3n del expresidente Donald Trump, en relaci\u00f3n con el asalto al Capitolio del 6 de enero, mientras el magnate sum\u00f3 otra demanda ante los tribunales de Washington por presunta incitaci\u00f3n a esa ocupaci\u00f3n de inicios del a\u00f1o.<\/p>\n<p>La vocera del FBI en Washington, Samantha Shero, precis\u00f3 que el arrestado se llama Federico Klein, un antiguo asistente del Departamento de Estado, seg\u00fan el portal Pol\u00edtico.com.<\/p>\n<p>La detenci\u00f3n se produjo en Virginia y por el momento no trascendieron los cargos concretos por los que se lo detuvo, aunque est\u00e1n relacionados con el ataque al Capitolio el 6 de enero para impedir la certificaci\u00f3n del ahora presidente Joe Biden, ganador en las elecciones de noviembre.<\/p>\n<blockquote readability=\"11\">\n<p>Klein, primer miembro del Gobierno de Trump acusado directamente por el ataque que dej\u00f3 cinco muertos, trabaj\u00f3 en la campa\u00f1a del republicano en 2016 y despu\u00e9s fue contratado en el Departamento de Estado, designado por el expresidente, detallan los medios locales.<span class=\"comilla\">\u201d<\/span><\/p>\n<\/blockquote>\n<p>Cerca de 300 personas est\u00e1n acusadas ahora en relaci\u00f3n con los disturbios del 6 de enero en el Capitolio, que deriv\u00f3 en un posterior juicio pol\u00edtico a Trump del que result\u00f3 absuelto en el Senado.<\/p>\n<p>El exmandatario rechaz\u00f3 repetidamente el resultado electoral, que atribuy\u00f3 a un \u00abfraude\u00bb, aunque sin proporcionar pruebas al respecto.<\/p>\n<p>Poco antes del asedio, el exmandatario celebr\u00f3 un mitin a las puertas de la Casa Blanca en el que inst\u00f3 a sus seguidores para que cuestionaran los resultados de los comicios.<\/p>\n<p>El director del FBI, Christopher Wray, calific\u00f3 esta semana al ataque como \u201cterrorismo interno\u00bb y se declar\u00f3 \u00abconsternado\u00bb y \u00abhorrorizado\u00bb al testificar ante el Congreso.<\/p>\n<p><strong>\u00abMe horroriz\u00f3 que ustedes, los l\u00edderes electos de nuestro pa\u00eds, fueran v\u00edctimas aqu\u00ed mismo, en estos mismos pasillos\u00bb, expres\u00f3 Wray.<\/strong><\/p>\n<p>Trump sum\u00f3 hoy una denuncia en su contra, esta vez en los tribunales de la capital, presentada por el legislador dem\u00f3crata Eric Swalwell.<\/p>\n<p>\u00abIncapaz de aceptar la derrota, Donald Trump llev\u00f3 a cabo una guerra abierta contra la transferencia pac\u00edfica del poder\u00bb a Biden, escribi\u00f3 Swalwell, seg\u00fan la agencia AFP.<\/p>\n<div class=\"image\" id=\"image\" readability=\"8\"> <img src=\"http:\/\/nuevacordoba.net\/wp-content\/uploads\/2021\/03\/detuvieron-a-un-exfuncionario-del-gobierno-de-trump-en-relacion-con-el-asalto-al-capitolio-1.jpg\" alt=\"A\u00fan siguen buscando las fuerzas de seguridad a quienes asediaron el Capitolio el pasado 6 de enero.\" title=\"A\u00fan siguen buscando las fuerzas de seguridad a quienes asediaron el Capitolio el pasado 6 de enero.\"><\/p>\n<p>A\u00fan siguen buscando las fuerzas de seguridad a quienes asediaron el Capitolio el pasado 6 de enero.<\/p>\n<\/div>\n<p>El miembro de la C\u00e1mara de Representantes lament\u00f3 que Trump \u201cminti\u00f3 sin parar a sus partidarios al afirmar que la elecci\u00f3n hab\u00eda sido un robo, y finalmente llam\u00f3 a sus seguidores a dirigirse a Washington DC\u00bb para la manifestaci\u00f3n el 6 de enero.<\/p>\n<p>En su demanda, Swalwell apunt\u00f3 tambi\u00e9n al hijo del expresidente, Donald Trump Jr., a su abogado, Rudolph Giuliani, y a un congresista republicano de la C\u00e1mara, Mo Brooks, todos oradores en el mismo acto.<\/p>\n<p><strong>\u00abLos acusados reunieron, exaltaron y alentaron a la multitud agresiva y, por ello, son totalmente responsables de los da\u00f1os y la destrucci\u00f3n posteriores\u00bb, se\u00f1al\u00f3 el legislador dem\u00f3crata.<\/strong><\/p>\n<p>Un vocero de Trump, Jason Miller, reaccion\u00f3 a la demanda en un comunicado que envi\u00f3 al diario The Washington Post, en el que calific\u00f3 a Swalwell de \u00abescoria sin credibilidad\u00bb.<\/p>\n<p>Ya a mediados de febrero, otro congresista dem\u00f3crata de la C\u00e1mara, Bennie Thompson, hab\u00eda denunciado a Trump. <\/p>\n","protected":false},"excerpt":{"rendered":"<p>Asalto al Capitolio el 6 de enero El FBI detuvo a un exfuncionario del Departamento de Estado, que hab\u00eda sido designado durante la administraci\u00f3n del expresidente Donald Trump, en relaci\u00f3n con el asalto al Capitolio del 6 de enero, mientras el magnate sum\u00f3 otra demanda ante los tribunales de Washington por presunta incitaci\u00f3n a esa [&hellip;]<\/p>\n","protected":false},"author":1,"featured_media":1733,"comment_status":"closed","ping_status":"closed","sticky":false,"template":"","format":"standard","meta":[],"categories":[13],"tags":[],"_links":{"self":[{"href":"http:\/\/nuevacordoba.net\/index.php\/wp-json\/wp\/v2\/posts\/1732"}],"collection":[{"href":"http:\/\/nuevacordoba.net\/index.php\/wp-json\/wp\/v2\/posts"}],"about":[{"href":"http:\/\/nuevacordoba.net\/index.php\/wp-json\/wp\/v2\/types\/post"}],"author":[{"embeddable":true,"href":"http:\/\/nuevacordoba.net\/index.php\/wp-json\/wp\/v2\/users\/1"}],"replies":[{"embeddable":true,"href":"http:\/\/nuevacordoba.net\/index.php\/wp-json\/wp\/v2\/comments?post=1732"}],"version-history":[{"count":0,"href":"http:\/\/nuevacordoba.net\/index.php\/wp-json\/wp\/v2\/posts\/1732\/revisions"}],"wp:featuredmedia":[{"embeddable":true,"href":"http:\/\/nuevacordoba.net\/index.php\/wp-json\/wp\/v2\/media\/1733"}],"wp:attachment":[{"href":"http:\/\/nuevacordoba.net\/index.php\/wp-json\/wp\/v2\/media?parent=1732"}],"wp:term":[{"taxonomy":"category","embeddable":true,"href":"http:\/\/nuevacordoba.net\/index.php\/wp-json\/wp\/v2\/categories?post=1732"},{"taxonomy":"post_tag","embeddable":true,"href":"http:\/\/nuevacordoba.net\/index.php\/wp-json\/wp\/v2\/tags?post=1732"}],"curies":[{"name":"wp","href":"https:\/\/api.w.org\/{rel}","templated":true}]}}