{"id":17374,"date":"2022-03-15T01:48:43","date_gmt":"2022-03-15T01:48:43","guid":{"rendered":"https:\/\/www.bbc.com\/mundo\/noticias-internacional-60716688"},"modified":"2022-03-15T01:48:43","modified_gmt":"2022-03-15T01:48:43","slug":"por-que-rusia-nunca-entro-en-la-otan","status":"publish","type":"post","link":"http:\/\/nuevacordoba.net\/index.php\/2022\/03\/15\/por-que-rusia-nunca-entro-en-la-otan\/","title":{"rendered":"Por qu\u00e9 Rusia nunca entr\u00f3 en la OTAN"},"content":{"rendered":"<div dir=\"ltr\" class=\"e1j2237y5 bbc-q4ibpr e57qer20\">\n<div class=\"bbc-1atl7vu e1c9i7u14\">\n<ul role=\"list\" class=\"bbc-k0l9bd e1c9i7u12\">\n<li role=\"listitem\" class=\"bbc-1a3w4ok e1c9i7u11\">Mariana Sanches<\/li>\n<li role=\"listitem\" class=\"bbc-1p92jtu e1c9i7u10\">BBC News Brasil<\/li>\n<\/ul>\n<\/div>\n<\/div>\n<p><time datetime=\"2022-03-14\" class=\"bbc-14xtggo e4zesg50\">14 marzo 2022<\/time><\/p>\n<div dir=\"ltr\" class=\"bbc-1ka88fa e57qer20\">\n<figure class=\"bbc-1qdcvv9 e6bmn90\">\n<div dir=\"ltr\" class=\"bbc-172p16q e57qer20\">\n<div dir=\"ltr\" class=\"bbc-189y18v e57qer20\" readability=\"6.5\">\n<div data-e2e=\"image-placeholder\" class=\"bbc-997y1y e1whu0\" readability=\"8\"><picture class=\"bbc-yfiktt e1enwo3v1\"><source srcset=\"https:\/\/ichef.bbci.co.uk\/news\/240\/cpsprodpb\/BBE4\/production\/_123700184_gettyimages-835276386.jpg.webp 240w, https:\/\/ichef.bbci.co.uk\/news\/320\/cpsprodpb\/BBE4\/production\/_123700184_gettyimages-835276386.jpg.webp 320w, https:\/\/ichef.bbci.co.uk\/news\/480\/cpsprodpb\/BBE4\/production\/_123700184_gettyimages-835276386.jpg.webp 480w, https:\/\/ichef.bbci.co.uk\/news\/624\/cpsprodpb\/BBE4\/production\/_123700184_gettyimages-835276386.jpg.webp 624w, https:\/\/ichef.bbci.co.uk\/news\/800\/cpsprodpb\/BBE4\/production\/_123700184_gettyimages-835276386.jpg.webp 800w\" type=\"image\/webp\" sizes=\"(min-width: 1008px) 645px, 100vw\"><source srcset=\"https:\/\/ichef.bbci.co.uk\/news\/240\/cpsprodpb\/BBE4\/production\/_123700184_gettyimages-835276386.jpg 240w, https:\/\/ichef.bbci.co.uk\/news\/320\/cpsprodpb\/BBE4\/production\/_123700184_gettyimages-835276386.jpg 320w, https:\/\/ichef.bbci.co.uk\/news\/480\/cpsprodpb\/BBE4\/production\/_123700184_gettyimages-835276386.jpg 480w, https:\/\/ichef.bbci.co.uk\/news\/624\/cpsprodpb\/BBE4\/production\/_123700184_gettyimages-835276386.jpg 624w, https:\/\/ichef.bbci.co.uk\/news\/800\/cpsprodpb\/BBE4\/production\/_123700184_gettyimages-835276386.jpg 800w\" type=\"image\/jpeg\" sizes=\"(min-width: 1008px) 645px, 100vw\"><img loading=\"lazy\" src=\"http:\/\/nuevacordoba.net\/wp-content\/uploads\/2022\/03\/por-que-rusia-nunca-entro-en-la-otan.jpg\" alt=\"El entonces presidente de Estados Unidos, Bill Clinton, junto a su hom\u00f3logo ruso, Boris Yeltsin, durante la primera visita oficial del estadounidense a Rusia.\" width=\"976\" height=\"549\" class=\"eehpdyc0 bbc-rb7xa0 e1enwo3v0\"><\/picture>\n<p role=\"text\" class=\"bbc-1s1cxbv etq3yw90\"><span class=\"bbc-1gnhmg2 e1yt7oin0\">Fuente de la imagen, <\/span><span lang=\"en-GB\">Getty Images<\/span><\/p>\n<\/div>\n<\/div>\n<div dir=\"ltr\" class=\"bbc-3edg7g e57qer20\" readability=\"8.5\"><figcaption dir=\"ltr\" class=\"bbc-rhuvwm eede9f50\" readability=\"7\"><span class=\"bbc-1gnhmg2 e1yt7oin0\">Pie de foto, <\/span><\/p>\n<p>El entonces presidente de Estados Unidos, Bill Clinton, junto a su hom\u00f3logo ruso, Boris Yeltsin, durante la primera visita oficial del estadounidense a Rusia.<\/p>\n<\/figcaption><\/div>\n<\/div>\n<\/figure>\n<\/div>\n<div dir=\"ltr\" class=\"bbc-19j92fr e57qer20\" readability=\"10\">\n<p dir=\"ltr\" class=\"bbc-bm53ic e1cc2ql70\"><b>En 2015, el l\u00edder ruso Vladimir Putin le dijo al director de cine Oliver Stone que d\u00e9cadas antes le hab\u00eda sugerido a Estados Unidos incluir a Rusia en la Organizaci\u00f3n del Tratado del Atl\u00e1ntico Norte (OTAN).<\/b><\/p>\n<\/div>\n<div dir=\"ltr\" class=\"bbc-19j92fr e57qer20\" readability=\"12\">\n<p dir=\"ltr\" class=\"bbc-bm53ic e1cc2ql70\">\u00abRecuerdo la \u00faltima visita oficial del presidente (Bill) Clinton aqu\u00ed (en Mosc\u00fa). Y le dije, medio en serio, medio en broma, &#8216;Rusia probablemente deber\u00eda pensar en unirse a la OTAN'\u00bb, dijo Putin. <\/p>\n<\/div>\n<div dir=\"ltr\" class=\"bbc-19j92fr e57qer20\" readability=\"9\">\n<p dir=\"ltr\" class=\"bbc-bm53ic e1cc2ql70\">Lo coment\u00f3 justo antes de calificar la alianza militar como una estructura remanente de la Guerra Fr\u00eda, conformada por pa\u00edses \u00abvasallos\u00bb de Estados Unidos.<\/p>\n<\/div>\n<div dir=\"ltr\" class=\"bbc-19j92fr e57qer20\" readability=\"13\">\n<p dir=\"ltr\" class=\"bbc-bm53ic e1cc2ql70\">Si bien Putin nunca aclar\u00f3 sus verdaderas intenciones al hacer ese comentario a Clinton, el historiador Timothy Sayle, autor de <i class=\"bbc-h1y5j7 ewc4zcb0\">Enduring Alliance: A History of NATO and the Postwar Global Order<\/i> (Alianza duradera: una historia de la OTAN y del orden global de posguerra), dice que <b>en la d\u00e9cada de 1990 hubo una peque\u00f1a ventana de oportunidad para que Rusia se uniera a la OTAN.<\/b><\/p>\n<\/div>\n<div dir=\"ltr\" class=\"bbc-19j92fr e57qer20\" readability=\"11\">\n<p dir=\"ltr\" class=\"bbc-bm53ic e1cc2ql70\">La Uni\u00f3n Sovi\u00e9tica hab\u00eda desaparecido y estaba surgiendo un nuevo orden mundial. En este contexto, se firm\u00f3 en 1997 la llamada \u00abLey Fundacional OTAN-Rusia\u00bb, un acuerdo para construir una relaci\u00f3n de colaboraci\u00f3n en materia de seguridad entre ese pa\u00eds y la alianza militar. <\/p>\n<\/div>\n<div dir=\"ltr\" class=\"bbc-19j92fr e57qer20\" readability=\"9\">\n<p dir=\"ltr\" class=\"bbc-bm53ic e1cc2ql70\">Cinco a\u00f1os despu\u00e9s se form\u00f3 el Consejo de la OTAN-Rusia. Para profundizar esta relaci\u00f3n, Rusia incluso gan\u00f3 un asiento permanente en la sede de la organizaci\u00f3n en Bruselas.<\/p>\n<\/div>\n<div dir=\"ltr\" class=\"bbc-19j92fr e57qer20\" readability=\"15\">\n<p dir=\"ltr\" class=\"bbc-bm53ic e1cc2ql70\">\u00abPero tambi\u00e9n, en la d\u00e9cada de 1990, hubo otras cosas que mantuvieron separadas a la OTAN y Rusia. Las guerras rusas en Chechenia convencieron a muchos en los Estados miembro de la OTAN de que Rusia no se hab\u00eda convertido en un pa\u00eds que pudiera encajar c\u00f3modamente como aliado de la OTAN\u00bb, sostuvo el profesor, quien adem\u00e1s es director del Departamento de Relaciones Internacionales de la Universidad de Toronto, en Canad\u00e1. <\/p>\n<\/div>\n<div dir=\"ltr\" class=\"bbc-19j92fr e57qer20\" readability=\"13\">\n<p dir=\"ltr\" class=\"bbc-bm53ic e1cc2ql70\">\u00abA los pa\u00edses miembros les preocupaba el estilo y la conducta de Rusia en esos conflictos. Al mismo tiempo, en 1999, los rusos desconfiaban de las intenciones de la OTAN, por el bombardeo de Kosovo\u00bb, dice el historiador. <\/p>\n<\/div>\n<div dir=\"ltr\" class=\"bbc-19j92fr e57qer20\" readability=\"10\">\n<p dir=\"ltr\" class=\"bbc-bm53ic e1cc2ql70\">Sayle mencion\u00f3 que a esto se unieron las guerras de independencia y reconquista de la zona separatista de Chechenia y la incursi\u00f3n militar de la OTAN contra los serbios. La alianza lanz\u00f3 bombardeos sin que hubiera ocurrido una agresi\u00f3n en contra uno de sus pa\u00edses miembros ni contar con la aprobaci\u00f3n del Consejo de Seguridad de la ONU.<\/p>\n<\/div>\n<div dir=\"ltr\" class=\"bbc-19j92fr e57qer20\" readability=\"9\">\n<p dir=\"ltr\" class=\"bbc-bm53ic e1cc2ql70\">\u00abAl final, la fricci\u00f3n ha superado a este per\u00edodo de esperanza\u00bb, dice Sayle.<\/p>\n<\/div>\n<div dir=\"ltr\" class=\"bbc-19j92fr e57qer20\" readability=\"10\">\n<p dir=\"ltr\" class=\"bbc-bm53ic e1cc2ql70\">Si Rusia se hubiera unido a la OTAN, es posible que nunca hubiera invadido Crimea en 2014, por ejemplo.<\/p>\n<\/div>\n<div dir=\"ltr\" class=\"bbc-19j92fr e57qer20\" readability=\"8\">\n<p dir=\"ltr\" class=\"bbc-bm53ic e1cc2ql70\">Este fue el primer acto de una escalada de tensi\u00f3n que condujo a la invasi\u00f3n a gran escala de Ucrania en este 2022.<\/p>\n<\/div>\n<div dir=\"ltr\" class=\"bbc-1ka88fa e57qer20\">\n<figure class=\"bbc-1qdcvv9 e6bmn90\">\n<div dir=\"ltr\" class=\"bbc-172p16q e57qer20\">\n<div dir=\"ltr\" class=\"bbc-189y18v e57qer20\" readability=\"6.5\">\n<div data-e2e=\"image-placeholder\" class=\"bbc-997y1y e1whu0\" readability=\"8\"><noscript><picture class=\"bbc-yfiktt e1enwo3v1\"><source srcset=\"http:\/\/nuevacordoba.net\/wp-content\/uploads\/2022\/03\/por-que-rusia-nunca-entro-en-la-otan.webp 240w, http:\/\/nuevacordoba.net\/wp-content\/uploads\/2022\/03\/por-que-rusia-nunca-entro-en-la-otan-1.webp 320w, http:\/\/nuevacordoba.net\/wp-content\/uploads\/2022\/03\/por-que-rusia-nunca-entro-en-la-otan-2.webp 480w, http:\/\/nuevacordoba.net\/wp-content\/uploads\/2022\/03\/por-que-rusia-nunca-entro-en-la-otan-3.webp 624w, http:\/\/nuevacordoba.net\/wp-content\/uploads\/2022\/03\/por-que-rusia-nunca-entro-en-la-otan-4.webp 800w\" type=\"image\/webp\" sizes=\"(min-width: 1008px) 645px, 100vw\"><source srcset=\"https:\/\/ichef.bbci.co.uk\/news\/240\/cpsprodpb\/B71A\/production\/_123647864_861079ad-80cc-4e16-a652-02f4e550141f.jpg 240w, https:\/\/ichef.bbci.co.uk\/news\/320\/cpsprodpb\/B71A\/production\/_123647864_861079ad-80cc-4e16-a652-02f4e550141f.jpg 320w, https:\/\/ichef.bbci.co.uk\/news\/480\/cpsprodpb\/B71A\/production\/_123647864_861079ad-80cc-4e16-a652-02f4e550141f.jpg 480w, https:\/\/ichef.bbci.co.uk\/news\/624\/cpsprodpb\/B71A\/production\/_123647864_861079ad-80cc-4e16-a652-02f4e550141f.jpg 624w, https:\/\/ichef.bbci.co.uk\/news\/800\/cpsprodpb\/B71A\/production\/_123647864_861079ad-80cc-4e16-a652-02f4e550141f.jpg 800w\" type=\"image\/jpeg\" sizes=\"(min-width: 1008px) 645px, 100vw\"><img loading=\"lazy\" src=\"http:\/\/nuevacordoba.net\/wp-content\/uploads\/2022\/03\/por-que-rusia-nunca-entro-en-la-otan-1.jpg\" alt=\"Timothy Sayle\" width=\"976\" height=\"549\" class=\"eehpdyc0 bbc-rb7xa0 e1enwo3v0\"><\/picture><\/noscript><\/p>\n<p role=\"text\" class=\"bbc-1s1cxbv etq3yw90\"><span class=\"bbc-1gnhmg2 e1yt7oin0\">Fuente de la imagen, <\/span><span lang=\"en-GB\">Archivo personal<\/span><\/p>\n<\/div>\n<\/div>\n<div dir=\"ltr\" class=\"bbc-3edg7g e57qer20\" readability=\"6\"><figcaption dir=\"ltr\" class=\"bbc-rhuvwm eede9f50\" readability=\"2\"><span class=\"bbc-1gnhmg2 e1yt7oin0\">Pie de foto, <\/span><\/p>\n<p>El historiador Timothy Sayle escribi\u00f3 un libro sobre la OTAN y las alianzas de posguerra.<\/p>\n<\/figcaption><\/div>\n<\/div>\n<\/figure>\n<\/div>\n<div dir=\"ltr\" class=\"bbc-19j92fr e57qer20\" readability=\"9\">\n<p dir=\"ltr\" class=\"bbc-bm53ic e1cc2ql70\">Abordamos estos y otros detalles con m\u00e1s profundidad en los extractos de la entrevista con Timothy Sayle, realizada por BBC News Brasil y editada para una mayor brevedad y claridad.<\/p>\n<\/div>\n<div dir=\"ltr\" class=\"bbc-19j92fr e57qer20\" readability=\"7\">\n<p dir=\"ltr\" class=\"bbc-bm53ic e1cc2ql70\"><b>\u00bfHasta qu\u00e9 punto la OTAN es la raz\u00f3n real de esta guerra? <\/b><\/p>\n<\/div>\n<div dir=\"ltr\" class=\"bbc-19j92fr e57qer20\" readability=\"15\">\n<p dir=\"ltr\" class=\"bbc-bm53ic e1cc2ql70\">Discursos y comentarios hechos por diplom\u00e1ticos y l\u00edderes rusos, incluido el presidente Putin, se\u00f1alaron la posibilidad de que Ucrania se uniera alg\u00fan d\u00eda a la OTAN como la con explicaci\u00f3n de esta guerra. Pero antes de la invasi\u00f3n rusa, probablemente no hab\u00eda una v\u00eda r\u00e1pida para la admisi\u00f3n de Ucrania al bloque. Ha habido divisi\u00f3n dentro de la alianza desde 2008 sobre si era una buena idea que Ucrania se uniera, y la mayor\u00eda de los aliados estaba en contra de cualquier ingreso apresurado. Entonces, la OTAN no es una explicaci\u00f3n real para la decisi\u00f3n rusa en 2022 de lanzar esta invasi\u00f3n.<\/p>\n<\/div>\n<div dir=\"ltr\" class=\"bbc-19j92fr e57qer20\" readability=\"12\">\n<p dir=\"ltr\" class=\"bbc-bm53ic e1cc2ql70\">Dicho esto, ser\u00eda un error ignorar el hecho de que desde el final de la Guerra Fr\u00eda, m\u00e1s Estados europeos se han unido a la OTAN, y estos Estados incluyen antiguos aliados del Pacto de Varsovia e incluso exrep\u00fablicas de la Uni\u00f3n Sovi\u00e9tica. <\/p>\n<\/div>\n<div dir=\"ltr\" class=\"bbc-19j92fr e57qer20\" readability=\"18\">\n<p dir=\"ltr\" class=\"bbc-bm53ic e1cc2ql70\">Y existe una desconexi\u00f3n real entre c\u00f3mo Rusia ve a la OTAN y c\u00f3mo los aliados de la OTAN se ven a s\u00ed mismos. Por un lado, los aliados de la OTAN hablan -y creo que realmente piensan- de la alianza como defensiva, sin planes de atacar a Rusia. Los rusos, sin embargo, se\u00f1alan algunas acciones de la OTAN en la d\u00e9cada de 1990, como por ejemplo el bombardeo de Serbia en 1999, como muestras de que la OTAN lleva a cabo acciones ofensivas y, por lo tanto, su expansi\u00f3n representar\u00eda una amenaza.<\/p>\n<\/div>\n<div class=\"bbc-sffzb7 e8v25yx0\">\n<div dir=\"ltr\" class=\"bbc-1ka88fa e57qer20\">\n<figure class=\"bbc-1qdcvv9 e6bmn90\">\n<div dir=\"ltr\" class=\"bbc-172p16q e57qer20\">\n<div dir=\"ltr\" class=\"bbc-189y18v e57qer20\" readability=\"6.5\">\n<div data-e2e=\"image-placeholder\" class=\"bbc-997y1y e1whu0\" readability=\"8\"><noscript><picture class=\"bbc-yfiktt e1enwo3v1\"><source srcset=\"http:\/\/nuevacordoba.net\/wp-content\/uploads\/2022\/03\/por-que-rusia-nunca-entro-en-la-otan-5.webp 240w, http:\/\/nuevacordoba.net\/wp-content\/uploads\/2022\/03\/por-que-rusia-nunca-entro-en-la-otan-6.webp 320w, http:\/\/nuevacordoba.net\/wp-content\/uploads\/2022\/03\/por-que-rusia-nunca-entro-en-la-otan-7.webp 480w, http:\/\/nuevacordoba.net\/wp-content\/uploads\/2022\/03\/por-que-rusia-nunca-entro-en-la-otan-8.webp 624w, http:\/\/nuevacordoba.net\/wp-content\/uploads\/2022\/03\/por-que-rusia-nunca-entro-en-la-otan-9.webp 800w\" type=\"image\/webp\" sizes=\"(min-width: 1008px) 645px, 100vw\"><source srcset=\"https:\/\/ichef.bbci.co.uk\/news\/240\/cpsprodpb\/1053A\/production\/_123647866_gettyimages-901178.jpg 240w, https:\/\/ichef.bbci.co.uk\/news\/320\/cpsprodpb\/1053A\/production\/_123647866_gettyimages-901178.jpg 320w, https:\/\/ichef.bbci.co.uk\/news\/480\/cpsprodpb\/1053A\/production\/_123647866_gettyimages-901178.jpg 480w, https:\/\/ichef.bbci.co.uk\/news\/624\/cpsprodpb\/1053A\/production\/_123647866_gettyimages-901178.jpg 624w, https:\/\/ichef.bbci.co.uk\/news\/800\/cpsprodpb\/1053A\/production\/_123647866_gettyimages-901178.jpg 800w\" type=\"image\/jpeg\" sizes=\"(min-width: 1008px) 645px, 100vw\"><img loading=\"lazy\" src=\"http:\/\/nuevacordoba.net\/wp-content\/uploads\/2022\/03\/por-que-rusia-nunca-entro-en-la-otan-2.jpg\" alt=\"Un hombre herido en Balgrado, luego de un bombardeo de la OTAN.\" width=\"976\" height=\"549\" class=\"eehpdyc0 bbc-rb7xa0 e1enwo3v0\"><\/picture><\/noscript><\/p>\n<p role=\"text\" class=\"bbc-1s1cxbv etq3yw90\"><span class=\"bbc-1gnhmg2 e1yt7oin0\">Fuente de la imagen, <\/span><span lang=\"en-GB\">Getty Images<\/span><\/p>\n<\/div>\n<\/div>\n<div dir=\"ltr\" class=\"bbc-3edg7g e57qer20\" readability=\"6.5\"><figcaption dir=\"ltr\" class=\"bbc-rhuvwm eede9f50\" readability=\"3\"><span class=\"bbc-1gnhmg2 e1yt7oin0\">Pie de foto, <\/span><\/p>\n<p>En 1999, la OTAN bombarde\u00f3 Belgrado.<\/p>\n<\/figcaption><\/div>\n<\/div>\n<\/figure>\n<\/div>\n<\/div>\n<p><h2 id=\"Por-qu\u00e9-la-OTAN-creada-durante-la-Guerra-Fr\u00eda-no-termin\u00f3-con-el-fin-de-la-Uni\u00f3n-Sovi\u00e9tica\" tabindex=\"-1\" class=\"bbc-l3e97o e14hemmw0\">\u00bfPor qu\u00e9 la OTAN, creada durante la Guerra Fr\u00eda, no termin\u00f3 con el fin de la Uni\u00f3n Sovi\u00e9tica?<\/h2>\n<\/p>\n<div dir=\"ltr\" class=\"bbc-19j92fr e57qer20\" readability=\"12\">\n<p dir=\"ltr\" class=\"bbc-bm53ic e1cc2ql70\">Es cierto que la OTAN se form\u00f3 para defender a Europa y evitar que la Uni\u00f3n Sovi\u00e9tica ejerciera su poder pol\u00edtico y militar en la regi\u00f3n. Pero no fue solo por eso. La alianza se convirti\u00f3 r\u00e1pidamente en un nuevo hogar para Alemania y, en particular, para Alemania Occidental. Fue solo bajo el paraguas de la OTAN que Alemania pudo militarizarse nuevamente despu\u00e9s de la Segunda Guerra Mundial.<\/p>\n<\/div>\n<div dir=\"ltr\" class=\"bbc-19j92fr e57qer20\" readability=\"19\">\n<p dir=\"ltr\" class=\"bbc-bm53ic e1cc2ql70\">Y, como la Guerra Fr\u00eda dur\u00f3 cuatro d\u00e9cadas, la OTAN fue tambi\u00e9n el principio organizador de la pol\u00edtica de defensa de los aliados, un marco para el desarrollo de la pol\u00edtica de seguridad y defensa europea de la posguerra. Esencialmente, los Estados de Europa se adaptaron al mundo de la posguerra bajo el marco de la OTAN. As\u00ed se protegieron de los conflictos que pudieron estallar en el continente, no solo con la Uni\u00f3n Sovi\u00e9tica, sino entre ellos, porque, como sabemos, muchos de los aliados de la OTAN se enfrentaron entre s\u00ed en la primera mitad del siglo XX.<\/p>\n<\/div>\n<div dir=\"ltr\" class=\"bbc-19j92fr e57qer20\" readability=\"12\">\n<p dir=\"ltr\" class=\"bbc-bm53ic e1cc2ql70\">Con el colapso de la Uni\u00f3n Sovi\u00e9tica, estaba Rusia, una potencia militar significativa, y los Estados emergentes. La OTAN proporcion\u00f3 una posible respuesta a los problemas de seguridad que vendr\u00edan de la nueva composici\u00f3n de Europa del Este.<\/p>\n<\/div>\n<div dir=\"ltr\" class=\"bbc-19j92fr e57qer20\" readability=\"12\">\n<p dir=\"ltr\" class=\"bbc-bm53ic e1cc2ql70\"><b>Pero cuando se derrumb\u00f3 la Uni\u00f3n Sovi\u00e9tica, \u00bfhubo alg\u00fan acuerdo entre el l\u00edder sovi\u00e9tico Mija\u00edl Gorbachov y el entonces presidente estadounidense George H. Bush para establecer los l\u00edmites orientales de la OTAN en las fronteras de Alemania y no m\u00e1s all\u00e1 de ellas? Y si lo hubo, \u00bfpor qu\u00e9 no se cumpli\u00f3?<\/b><\/p>\n<\/div>\n<div dir=\"ltr\" class=\"bbc-19j92fr e57qer20\" readability=\"18\">\n<p dir=\"ltr\" class=\"bbc-bm53ic e1cc2ql70\">Hay una declaraci\u00f3n muy famosa del entonces secretario de Estado de EE.UU., James Baker (entre 1989 y 1992), en sus discusiones con los sovi\u00e9ticos sobre el futuro de Alemania y c\u00f3mo encajar\u00eda el pa\u00eds en la posguerra mundial y la posterior Guerra Fr\u00eda. Y en la conversaci\u00f3n, Baker plante\u00f3 la idea de que la jurisdicci\u00f3n de la OTAN no se mover\u00eda ni un cent\u00edmetro hacia el este m\u00e1s all\u00e1 de Alemania. Se hizo esa declaraci\u00f3n, pero los estadounidenses la retiraron r\u00e1pidamente en conversaciones con los sovi\u00e9ticos y los rusos, y en declaraciones p\u00fablicas dijeron que esto no funcionar\u00eda. Y en posteriores conversaciones entre Bush y Gorbachov, este \u00faltimo acord\u00f3 que una Alemania unificada ten\u00eda derecho, como todos los dem\u00e1s Estados soberanos de Europa, a elegir sus propias alianzas.<\/p>\n<\/div>\n<div dir=\"ltr\" class=\"bbc-19j92fr e57qer20\" readability=\"14\">\n<p dir=\"ltr\" class=\"bbc-bm53ic e1cc2ql70\">Lo que hay, despu\u00e9s, son acuerdos formales, como el de Budapest en 1994, en el que tanto EE.UU. como Rusia daban garant\u00edas de seguridad a Ucrania de respetar sus fronteras, lo que claramente ha sido violado.<\/p>\n<\/div>\n<div dir=\"ltr\" class=\"bbc-1ka88fa e57qer20\">\n<figure class=\"bbc-1qdcvv9 e6bmn90\">\n<div dir=\"ltr\" class=\"bbc-172p16q e57qer20\">\n<div dir=\"ltr\" class=\"bbc-189y18v e57qer20\" readability=\"6.5\">\n<div data-e2e=\"image-placeholder\" class=\"bbc-997y1y e1whu0\" readability=\"8\"><noscript><picture class=\"bbc-yfiktt e1enwo3v1\"><source srcset=\"http:\/\/nuevacordoba.net\/wp-content\/uploads\/2022\/03\/por-que-rusia-nunca-entro-en-la-otan-10.webp 240w, http:\/\/nuevacordoba.net\/wp-content\/uploads\/2022\/03\/por-que-rusia-nunca-entro-en-la-otan-11.webp 320w, http:\/\/nuevacordoba.net\/wp-content\/uploads\/2022\/03\/por-que-rusia-nunca-entro-en-la-otan-12.webp 480w, http:\/\/nuevacordoba.net\/wp-content\/uploads\/2022\/03\/por-que-rusia-nunca-entro-en-la-otan-13.webp 624w, http:\/\/nuevacordoba.net\/wp-content\/uploads\/2022\/03\/por-que-rusia-nunca-entro-en-la-otan-14.webp 800w\" type=\"image\/webp\" sizes=\"(min-width: 1008px) 645px, 100vw\"><source srcset=\"https:\/\/ichef.bbci.co.uk\/news\/240\/cpsprodpb\/23E0\/production\/_123648190_gettyimages-615299982.jpg 240w, https:\/\/ichef.bbci.co.uk\/news\/320\/cpsprodpb\/23E0\/production\/_123648190_gettyimages-615299982.jpg 320w, https:\/\/ichef.bbci.co.uk\/news\/480\/cpsprodpb\/23E0\/production\/_123648190_gettyimages-615299982.jpg 480w, https:\/\/ichef.bbci.co.uk\/news\/624\/cpsprodpb\/23E0\/production\/_123648190_gettyimages-615299982.jpg 624w, https:\/\/ichef.bbci.co.uk\/news\/800\/cpsprodpb\/23E0\/production\/_123648190_gettyimages-615299982.jpg 800w\" type=\"image\/jpeg\" sizes=\"(min-width: 1008px) 645px, 100vw\"><img loading=\"lazy\" src=\"http:\/\/nuevacordoba.net\/wp-content\/uploads\/2022\/03\/por-que-rusia-nunca-entro-en-la-otan-3.jpg\" alt=\"George H.W Bush y Mijail Gorbachov.\" width=\"976\" height=\"549\" class=\"eehpdyc0 bbc-rb7xa0 e1enwo3v0\"><\/picture><\/noscript><\/p>\n<p role=\"text\" class=\"bbc-1s1cxbv etq3yw90\"><span class=\"bbc-1gnhmg2 e1yt7oin0\">Fuente de la imagen, <\/span><span lang=\"en-GB\">Getty Images<\/span><\/p>\n<\/div>\n<\/div>\n<div dir=\"ltr\" class=\"bbc-3edg7g e57qer20\" readability=\"6\"><figcaption dir=\"ltr\" class=\"bbc-rhuvwm eede9f50\" readability=\"2\"><span class=\"bbc-1gnhmg2 e1yt7oin0\">Pie de foto, <\/span><\/p>\n<p>George H.W Bush y Mijail Gorbachov.<\/p>\n<\/figcaption><\/div>\n<\/div>\n<\/figure>\n<\/div>\n<div dir=\"ltr\" class=\"bbc-19j92fr e57qer20\" readability=\"13\">\n<p dir=\"ltr\" class=\"bbc-bm53ic e1cc2ql70\"><b>Putin le dijo al director Oliver Stone, en una entrevista en 2015, que le sugiri\u00f3 a Bill Clinton, medio en serio y medio en broma, que Rusia se uniera a la OTAN. \u00bfFue alguna vez una posibilidad real? \u00bfPor qu\u00e9 no sucedi\u00f3 y qu\u00e9 podr\u00eda haber sucedido si Rusia se hubiera unido?<\/b><\/p>\n<\/div>\n<div dir=\"ltr\" class=\"bbc-19j92fr e57qer20\" readability=\"11\">\n<p dir=\"ltr\" class=\"bbc-bm53ic e1cc2ql70\">La idea de que Rusia se uniera a la OTAN en realidad se remonta a la d\u00e9cada de 1950. Ya en 1954, la Uni\u00f3n Sovi\u00e9tica propuso unirse a la OTAN y eso fue una estrategia de relaciones p\u00fablicas, una especie de movimiento de propaganda en el que los sovi\u00e9ticos sab\u00edan que la OTAN dir\u00eda que no. <\/p>\n<\/div>\n<div dir=\"ltr\" class=\"bbc-19j92fr e57qer20\" readability=\"12\">\n<p dir=\"ltr\" class=\"bbc-bm53ic e1cc2ql70\">Creo que en la d\u00e9cada de 1990 hab\u00eda una esperanza real de que la relaci\u00f3n entre la OTAN y Rusia pudiera crecer y estrecharse. Y se han dado varios pasos hacia esto, como el Acta Fundacional OTAN-Rusia, el Consejo OTAN-Rusia y los esfuerzos en curso para construir una relaci\u00f3n entre el pa\u00eds y el bloque. Pero tambi\u00e9n hubo otras cosas en la d\u00e9cada de 1990 que los separaron. <\/p>\n<\/div>\n<div dir=\"ltr\" class=\"bbc-19j92fr e57qer20\" readability=\"13\">\n<p dir=\"ltr\" class=\"bbc-bm53ic e1cc2ql70\">Las guerras rusas en Chechenia convencieron a muchos en los Estados miembros de la OTAN de que Rusia realmente no se hab\u00eda convertido en el pa\u00eds que pod\u00eda encajar c\u00f3modamente con uno de los aliados de la OTAN. El estilo y la conducta de Rusia en esa guerra fueron motivo de preocupaci\u00f3n. Al mismo tiempo, en 1999, los rusos empezaron a sospechar de las intenciones de la OTAN con el bombardeo de Kosovo. Por lo tanto, las fricciones que los separaron a lo largo de la d\u00e9cada de 1990 superaron este per\u00edodo de esperanza.<\/p>\n<\/div>\n<div dir=\"ltr\" class=\"bbc-19j92fr e57qer20\" readability=\"9\">\n<p dir=\"ltr\" class=\"bbc-bm53ic e1cc2ql70\">Pero hay otro elemento realmente importante aqu\u00ed, y tiene que ver con la expansi\u00f3n de la OTAN en la d\u00e9cada de 1990.<\/p>\n<\/div>\n<div dir=\"ltr\" class=\"ek1plzs1 bbc-9m7iam e57qer20\">\n<figure class=\"bbc-1qdcvv9 e6bmn90\">\n<div dir=\"ltr\" class=\"bbc-vx18wi e57qer20\">\n<div dir=\"ltr\" class=\"bbc-rprdln e57qer20\">\n<div data-e2e=\"image-placeholder\" class=\"bbc-997y1y e1whu0\"><noscript><picture class=\"bbc-yfiktt e1enwo3v1\"><source srcset=\"http:\/\/nuevacordoba.net\/wp-content\/uploads\/2022\/03\/por-que-rusia-nunca-entro-en-la-otan-15.webp 240w, http:\/\/nuevacordoba.net\/wp-content\/uploads\/2022\/03\/por-que-rusia-nunca-entro-en-la-otan-16.webp 320w, http:\/\/nuevacordoba.net\/wp-content\/uploads\/2022\/03\/por-que-rusia-nunca-entro-en-la-otan-17.webp 480w, http:\/\/nuevacordoba.net\/wp-content\/uploads\/2022\/03\/por-que-rusia-nunca-entro-en-la-otan-18.webp 624w, http:\/\/nuevacordoba.net\/wp-content\/uploads\/2022\/03\/por-que-rusia-nunca-entro-en-la-otan-19.webp 800w\" type=\"image\/webp\" sizes=\"(min-width: 1008px) 645px, 100vw\"><source srcset=\"https:\/\/ichef.bbci.co.uk\/news\/240\/cpsprodpb\/0F47\/production\/_123011930_nato_member_states_mundo_10jan_640map-nc_2x-nc.png 240w, https:\/\/ichef.bbci.co.uk\/news\/320\/cpsprodpb\/0F47\/production\/_123011930_nato_member_states_mundo_10jan_640map-nc_2x-nc.png 320w, https:\/\/ichef.bbci.co.uk\/news\/480\/cpsprodpb\/0F47\/production\/_123011930_nato_member_states_mundo_10jan_640map-nc_2x-nc.png 480w, https:\/\/ichef.bbci.co.uk\/news\/624\/cpsprodpb\/0F47\/production\/_123011930_nato_member_states_mundo_10jan_640map-nc_2x-nc.png 624w, https:\/\/ichef.bbci.co.uk\/news\/800\/cpsprodpb\/0F47\/production\/_123011930_nato_member_states_mundo_10jan_640map-nc_2x-nc.png 800w\" type=\"image\/png\" sizes=\"(min-width: 1008px) 645px, 100vw\"><img loading=\"lazy\" src=\"http:\/\/nuevacordoba.net\/wp-content\/uploads\/2022\/03\/por-que-rusia-nunca-entro-en-la-otan.png\" alt=\"Gr\u00e1fico\" width=\"1280\" height=\"1752\" class=\"eehpdyc0 bbc-rb7xa0 e1enwo3v0\"><\/picture><\/noscript><\/div>\n<\/div>\n<\/div>\n<\/figure>\n<\/div>\n<div dir=\"ltr\" class=\"bbc-19j92fr e57qer20\" readability=\"10\">\n<p dir=\"ltr\" class=\"bbc-bm53ic e1cc2ql70\"><b>Quer\u00eda llegar a ese punto. De los actuales 30 <\/b><b>E<\/b><b>stados miembro de la OTAN, 14 son exrep\u00fablicas sovi\u00e9ticas o pa\u00edses en la zona de influencia rusa. \u00bfPor qu\u00e9? \u00bfDecidi\u00f3 Estados Unidos deliberadamente traer a estos pa\u00edses a su esfera de acci\u00f3n o fueron estos pa\u00edses los que buscaron a la OTAN?<\/b><\/p>\n<\/div>\n<div dir=\"ltr\" class=\"bbc-19j92fr e57qer20\" readability=\"12\">\n<p dir=\"ltr\" class=\"bbc-bm53ic e1cc2ql70\">Ciertamente es una calle de doble sentido. Pero casi inmediatamente despu\u00e9s del colapso del Pacto de Varsovia, algunos de los mayores aliados sovi\u00e9ticos solicitaron unirse a la OTAN. Los estadounidenses y sus aliados entendieron que esto ser\u00eda un problema para Rusia, pero optaron por incluir a estos Estados en la alianza.<\/p>\n<\/div>\n<div dir=\"ltr\" class=\"bbc-19j92fr e57qer20\" readability=\"11\">\n<p dir=\"ltr\" class=\"bbc-bm53ic e1cc2ql70\">Pero el hecho de que estos Estados solicitaron unirse a la OTAN de forma espont\u00e1nea y que ninguno de ellos haya sido obligado a hacerlo, es realmente significativo. Estos Estados cre\u00edan que estar\u00edan m\u00e1s seguros si se un\u00edan a la OTAN que si permanec\u00edan independientes o buscaban alg\u00fan tipo de relaci\u00f3n con Rusia nuevamente.<\/p>\n<\/div>\n<div dir=\"ltr\" class=\"bbc-19j92fr e57qer20\" readability=\"10\">\n<p dir=\"ltr\" class=\"bbc-bm53ic e1cc2ql70\">Mientras gran parte de la propaganda rusa presenta esto como un movimiento agresivo de la OTAN o del Europa occidental, lo que realmente expresa es la preocupaci\u00f3n de los Estados fronterizos rusos con su vecino. <\/p>\n<\/div>\n<div dir=\"ltr\" class=\"bbc-19j92fr e57qer20\" readability=\"13\">\n<p dir=\"ltr\" class=\"bbc-bm53ic e1cc2ql70\">Eso plantea preguntas reales sobre por qu\u00e9 estos Estados no quieren unirse a una alianza con Rusia o no esperan que Rusia les brinde seguridad. Y la respuesta, creo, tiene que ver con su experiencia durante la Guerra Fr\u00eda con la Uni\u00f3n Sovi\u00e9tica, donde a menudo no se les hablaba ni se les tomaba en cuenta. <\/p>\n<\/div>\n<div dir=\"ltr\" class=\"bbc-1ka88fa e57qer20\">\n<figure class=\"bbc-1qdcvv9 e6bmn90\">\n<div dir=\"ltr\" class=\"bbc-172p16q e57qer20\">\n<div dir=\"ltr\" class=\"bbc-189y18v e57qer20\" readability=\"6.5\">\n<div data-e2e=\"image-placeholder\" class=\"bbc-997y1y e1whu0\" readability=\"8\"><noscript><picture class=\"bbc-yfiktt e1enwo3v1\"><source srcset=\"http:\/\/nuevacordoba.net\/wp-content\/uploads\/2022\/03\/por-que-rusia-nunca-entro-en-la-otan-20.webp 240w, http:\/\/nuevacordoba.net\/wp-content\/uploads\/2022\/03\/por-que-rusia-nunca-entro-en-la-otan-21.webp 320w, http:\/\/nuevacordoba.net\/wp-content\/uploads\/2022\/03\/por-que-rusia-nunca-entro-en-la-otan-22.webp 480w, http:\/\/nuevacordoba.net\/wp-content\/uploads\/2022\/03\/por-que-rusia-nunca-entro-en-la-otan-23.webp 624w, http:\/\/nuevacordoba.net\/wp-content\/uploads\/2022\/03\/por-que-rusia-nunca-entro-en-la-otan-24.webp 800w\" type=\"image\/webp\" sizes=\"(min-width: 1008px) 645px, 100vw\"><source srcset=\"https:\/\/ichef.bbci.co.uk\/news\/240\/cpsprodpb\/C020\/production\/_123648194_gettyimages-107409896.jpg 240w, https:\/\/ichef.bbci.co.uk\/news\/320\/cpsprodpb\/C020\/production\/_123648194_gettyimages-107409896.jpg 320w, https:\/\/ichef.bbci.co.uk\/news\/480\/cpsprodpb\/C020\/production\/_123648194_gettyimages-107409896.jpg 480w, https:\/\/ichef.bbci.co.uk\/news\/624\/cpsprodpb\/C020\/production\/_123648194_gettyimages-107409896.jpg 624w, https:\/\/ichef.bbci.co.uk\/news\/800\/cpsprodpb\/C020\/production\/_123648194_gettyimages-107409896.jpg 800w\" type=\"image\/jpeg\" sizes=\"(min-width: 1008px) 645px, 100vw\"><img loading=\"lazy\" src=\"http:\/\/nuevacordoba.net\/wp-content\/uploads\/2022\/03\/por-que-rusia-nunca-entro-en-la-otan-4.jpg\" alt=\"Un tanque sovi\u00e9tico durante la Primavera de Praga.\" width=\"976\" height=\"549\" class=\"eehpdyc0 bbc-rb7xa0 e1enwo3v0\"><\/picture><\/noscript><\/p>\n<p role=\"text\" class=\"bbc-1s1cxbv etq3yw90\"><span class=\"bbc-1gnhmg2 e1yt7oin0\">Fuente de la imagen, <\/span><span lang=\"en-GB\">Getty Images<\/span><\/p>\n<\/div>\n<\/div>\n<div dir=\"ltr\" class=\"bbc-3edg7g e57qer20\" readability=\"6.5\"><figcaption dir=\"ltr\" class=\"bbc-rhuvwm eede9f50\" readability=\"3\"><span class=\"bbc-1gnhmg2 e1yt7oin0\">Pie de foto, <\/span><\/p>\n<p>Aunque eran aliados, la URSS invadi\u00f3 Checoslovaquia en 1968 para suprimir la Primavera de Praga.<\/p>\n<\/figcaption><\/div>\n<\/div>\n<\/figure>\n<\/div>\n<div dir=\"ltr\" class=\"bbc-19j92fr e57qer20\" readability=\"7\">\n<p dir=\"ltr\" class=\"bbc-bm53ic e1cc2ql70\"><b>\u00bfEs la OTAN utilizada como instrumento de humillaci\u00f3n y amenaza contra Rusia?<\/b><\/p>\n<\/div>\n<div dir=\"ltr\" class=\"bbc-19j92fr e57qer20\" readability=\"14\">\n<p dir=\"ltr\" class=\"bbc-bm53ic e1cc2ql70\">Creo que la OTAN y la Uni\u00f3n Europea representan una amenaza para Vladimir Putin, pero no en un sentido militar. Representan una amenaza pol\u00edtica para \u00e9l, ya que sirven al pueblo ruso como modelo para una forma de vida diferente. Entonces, en ese sentido, creo que Putin tiene raz\u00f3n al preocuparse por la OTAN y la Uni\u00f3n Europea. <\/p>\n<\/div>\n<div dir=\"ltr\" class=\"bbc-19j92fr e57qer20\" readability=\"9\">\n<p dir=\"ltr\" class=\"bbc-bm53ic e1cc2ql70\">Pero tambi\u00e9n creo que la OTAN es una herramienta de propaganda realmente efectiva para Putin por su papel en la Guerra Fr\u00eda y su planificaci\u00f3n de guerra contra la Uni\u00f3n Sovi\u00e9tica. Es una herramienta de propaganda que le sirve para reunir a los rusos en torno a su liderazgo.<\/p>\n<\/div>\n<div dir=\"ltr\" class=\"bbc-19j92fr e57qer20\" readability=\"8\">\n<p dir=\"ltr\" class=\"bbc-bm53ic e1cc2ql70\"><b>P<\/b><b>utin ya dijo que en la OTAN solo hay dos opiniones: la estadounidense y la equivocada. \u00bfEs cierta esta perspectiva?<\/b><\/p>\n<\/div>\n<div dir=\"ltr\" class=\"bbc-19j92fr e57qer20\" readability=\"12\">\n<p dir=\"ltr\" class=\"bbc-bm53ic e1cc2ql70\">Le\u00ed las actas del Consejo del Atl\u00e1ntico Norte de la OTAN y los registros privados de las discusiones que explican c\u00f3mo ha operado la OTAN desde su fundaci\u00f3n. Los estadounidenses no siempre obtienen lo que quieren. Sus posiciones a menudo prevalecen en la alianza, pero EE.UU. trabaja intensamente para convencer a otros aliados de que su posici\u00f3n es la correcta. As\u00ed utiliza a la OTAN como instituci\u00f3n para convencer, explicar y persuadir a sus aliados de su pol\u00edtica. <\/p>\n<\/div>\n<div dir=\"ltr\" class=\"bbc-19j92fr e57qer20\" readability=\"11\">\n<p dir=\"ltr\" class=\"bbc-bm53ic e1cc2ql70\">Comparten informaci\u00f3n sobre enemigos potenciales y trabajan para llevar la alianza al consenso. Y otros Estados tambi\u00e9n operan de esta manera. Por lo tanto, no es el caso que un aliado m\u00e1s fuerte dicte solo una pol\u00edtica para los dem\u00e1s. Si hay alguna cr\u00edtica a la OTAN es que se mueve con demasiada lentitud porque todos los aliados valoran el consenso y tratan de llegar a un acuerdo juntos. As\u00ed que no creo que la caracterizaci\u00f3n de Vladimir Putin sea correcta.<\/p>\n<\/div>\n<div dir=\"ltr\" class=\"bbc-1ka88fa e57qer20\">\n<figure class=\"bbc-1qdcvv9 e6bmn90\">\n<div dir=\"ltr\" class=\"bbc-172p16q e57qer20\">\n<div dir=\"ltr\" class=\"bbc-189y18v e57qer20\" readability=\"6.5\">\n<div data-e2e=\"image-placeholder\" class=\"bbc-997y1y e1whu0\" readability=\"8\"><noscript><picture class=\"bbc-yfiktt e1enwo3v1\"><source srcset=\"http:\/\/nuevacordoba.net\/wp-content\/uploads\/2022\/03\/por-que-rusia-nunca-entro-en-la-otan-25.webp 240w, http:\/\/nuevacordoba.net\/wp-content\/uploads\/2022\/03\/por-que-rusia-nunca-entro-en-la-otan-26.webp 320w, http:\/\/nuevacordoba.net\/wp-content\/uploads\/2022\/03\/por-que-rusia-nunca-entro-en-la-otan-27.webp 480w, http:\/\/nuevacordoba.net\/wp-content\/uploads\/2022\/03\/por-que-rusia-nunca-entro-en-la-otan-28.webp 624w, http:\/\/nuevacordoba.net\/wp-content\/uploads\/2022\/03\/por-que-rusia-nunca-entro-en-la-otan-29.webp 800w\" type=\"image\/webp\" sizes=\"(min-width: 1008px) 645px, 100vw\"><source srcset=\"https:\/\/ichef.bbci.co.uk\/news\/240\/cpsprodpb\/55AD\/production\/_123633912_a003a6ca-6d88-4dbe-a06c-cb84cc3a9222.jpg 240w, https:\/\/ichef.bbci.co.uk\/news\/320\/cpsprodpb\/55AD\/production\/_123633912_a003a6ca-6d88-4dbe-a06c-cb84cc3a9222.jpg 320w, https:\/\/ichef.bbci.co.uk\/news\/480\/cpsprodpb\/55AD\/production\/_123633912_a003a6ca-6d88-4dbe-a06c-cb84cc3a9222.jpg 480w, https:\/\/ichef.bbci.co.uk\/news\/624\/cpsprodpb\/55AD\/production\/_123633912_a003a6ca-6d88-4dbe-a06c-cb84cc3a9222.jpg 624w, https:\/\/ichef.bbci.co.uk\/news\/800\/cpsprodpb\/55AD\/production\/_123633912_a003a6ca-6d88-4dbe-a06c-cb84cc3a9222.jpg 800w\" type=\"image\/jpeg\" sizes=\"(min-width: 1008px) 645px, 100vw\"><img loading=\"lazy\" src=\"http:\/\/nuevacordoba.net\/wp-content\/uploads\/2022\/03\/por-que-rusia-nunca-entro-en-la-otan-5.jpg\" alt=\"Vladimir Putin\" width=\"976\" height=\"549\" class=\"eehpdyc0 bbc-rb7xa0 e1enwo3v0\"><\/picture><\/noscript><\/p>\n<p role=\"text\" class=\"bbc-1s1cxbv etq3yw90\"><span class=\"bbc-1gnhmg2 e1yt7oin0\">Fuente de la imagen, <\/span><span lang=\"en-GB\">Getty Images<\/span><\/p>\n<\/div>\n<\/div>\n<div dir=\"ltr\" class=\"bbc-3edg7g e57qer20\" readability=\"7\"><figcaption dir=\"ltr\" class=\"bbc-rhuvwm eede9f50\" readability=\"4\"><span class=\"bbc-1gnhmg2 e1yt7oin0\">Pie de foto, <\/span><\/p>\n<p>Seg\u00fan el historiador, la OTAN y la UE representan una amenaza para Putin al servir de modelo de un tipo de vida diferente.<\/p>\n<\/figcaption><\/div>\n<\/div>\n<\/figure>\n<\/div>\n<div dir=\"ltr\" class=\"bbc-19j92fr e57qer20\" readability=\"9\">\n<p dir=\"ltr\" class=\"bbc-bm53ic e1cc2ql70\"><b>Hemos visto a los pa\u00edses de la OTAN armando y financiando a Ucrania durante este conflicto. \u00bfExiste alguna situaci\u00f3n en la que la OTAN pueda entrar en esta guerra para enviar soldados a luchar? \u00bfY cu\u00e1l es el futuro de esta alianza?<\/b><\/p>\n<\/div>\n<div dir=\"ltr\" class=\"bbc-19j92fr e57qer20\" readability=\"12\">\n<p dir=\"ltr\" class=\"bbc-bm53ic e1cc2ql70\">Los aliados y la propia OTAN est\u00e1n siendo muy cuidadosos en su ret\u00f3rica para dejar claro que no se unir\u00e1n a la lucha en Ucrania. Pero puedo ver esta guerra expandi\u00e9ndose de diferentes maneras, y seguro que eso implicar\u00eda a la OTAN. La primera ser\u00eda si los rusos intentaran interceptar estas armas que los aliados est\u00e1n enviando a Ucrania. Las armas fluyen a trav\u00e9s de Polonia y un ataque a Polonia ser\u00eda un ataque a un aliado de la OTAN, lo que podr\u00eda desencadenar la defensa mutua del Art\u00edculo 5 y una guerra m\u00e1s amplia.<\/p>\n<\/div>\n<div dir=\"ltr\" class=\"bbc-19j92fr e57qer20\" readability=\"9\">\n<p dir=\"ltr\" class=\"bbc-bm53ic e1cc2ql70\">M\u00e1s improbable ser\u00eda un ataque ruso a los Balcanes, que tambi\u00e9n implicar\u00eda activar el mismo mecanismo.<\/p>\n<\/div>\n<div dir=\"ltr\" class=\"bbc-19j92fr e57qer20\" readability=\"15\">\n<p dir=\"ltr\" class=\"bbc-bm53ic e1cc2ql70\">Otra posibilidad, y creo que es m\u00e1s probable, es que estos crecientes llamamientos para que la OTAN implemente una zona de exclusi\u00f3n a\u00e9rea sobre Ucrania y el apoyo p\u00fablico a Ucrania en los pa\u00edses de la OTAN, especialmente con los ataques rusos contra civiles, o el eventual uso de armas biol\u00f3gicas o qu\u00edmicas, generen una presi\u00f3n tan fuerte que los l\u00edderes de la organizaci\u00f3n sientan la necesidad de intervenir. <\/p>\n<\/div>\n<div dir=\"ltr\" class=\"bbc-19j92fr e57qer20\">\n<p dir=\"ltr\" class=\"bbc-bm53ic e1cc2ql70\"><b>\u00bfDe qu\u00e9 manera?<\/b><\/p>\n<\/div>\n<div dir=\"ltr\" class=\"bbc-19j92fr e57qer20\" readability=\"13\">\n<p dir=\"ltr\" class=\"bbc-bm53ic e1cc2ql70\">Si los rusos atacaran estos aviones de la OTAN en los cielos de Ucrania, eso ya crear\u00eda m\u00e1s presi\u00f3n sobre los aliados para expandir la guerra. O si los rusos intentan destruir los aer\u00f3dromos desde los que vuelan estos aviones de la OTAN. As\u00ed que creo que una zona de exclusi\u00f3n a\u00e9rea har\u00eda que la guerra adquiriera una l\u00f3gica propia, que ciertamente podr\u00eda expandirse, aun cuando eso no es lo que quiere ninguno de los bandos.<\/p>\n<\/div>\n<div dir=\"ltr\" class=\"bbc-19j92fr e57qer20\" readability=\"12\">\n<p dir=\"ltr\" class=\"bbc-bm53ic e1cc2ql70\">Hay un problema m\u00e1s grande para la OTAN despu\u00e9s de esta guerra, o incluso mientras la guerra contin\u00fae. Este es un punto cr\u00edtico en su historia. Vemos que emergen nuevamente algunos patrones de la Guerra Fr\u00eda, con EE.UU. enviando m\u00e1s tropas a Europa y dejando claro que cumplir\u00e1 con sus obligaciones con la OTAN. <\/p>\n<\/div>\n<div dir=\"ltr\" class=\"bbc-19j92fr e57qer20\" readability=\"16\">\n<p dir=\"ltr\" class=\"bbc-bm53ic e1cc2ql70\">Pero a diferencia de la Guerra Fr\u00eda, vemos a Europa m\u00e1s unida y dispuesta a hacer cambios significativos tanto en su pol\u00edtica como en sus presupuestos de defensa, y los alemanes parecen estar liderando ese frente. Esto tiene implicaciones reales para la OTAN. Una Europa unida y m\u00e1s fuerte, que gastar\u00e1 m\u00e1s en su propia defensa, suaviza la posici\u00f3n de Estados Unidos, que quiere centrarse en Asia. Parece haber una nueva divisi\u00f3n del trabajo dentro de la OTAN, con los europeos asumiendo una defensa europea.<\/p>\n<\/div>\n<div dir=\"ltr\" class=\"bbc-1ka88fa e57qer20\">\n<figure class=\"bbc-1qdcvv9 e6bmn90\">\n<div dir=\"ltr\" class=\"bbc-172p16q e57qer20\">\n<div dir=\"ltr\" class=\"bbc-189y18v e57qer20\">\n<div data-e2e=\"image-placeholder\" class=\"bbc-997y1y e1whu0\"><noscript><picture class=\"bbc-yfiktt e1enwo3v1\"><source srcset=\"http:\/\/nuevacordoba.net\/wp-content\/uploads\/2022\/03\/por-que-rusia-nunca-entro-en-la-otan-30.webp 240w, http:\/\/nuevacordoba.net\/wp-content\/uploads\/2022\/03\/por-que-rusia-nunca-entro-en-la-otan-31.webp 320w, http:\/\/nuevacordoba.net\/wp-content\/uploads\/2022\/03\/por-que-rusia-nunca-entro-en-la-otan-32.webp 464w\" type=\"image\/webp\" sizes=\"(min-width: 1008px) 645px, 100vw\"><source srcset=\"https:\/\/ichef.bbci.co.uk\/news\/240\/cpsprodpb\/17F76\/production\/_123566189_line976.jpg 240w, https:\/\/ichef.bbci.co.uk\/news\/320\/cpsprodpb\/17F76\/production\/_123566189_line976.jpg 320w, https:\/\/ichef.bbci.co.uk\/news\/464\/cpsprodpb\/17F76\/production\/_123566189_line976.jpg 464w\" type=\"image\/jpeg\" sizes=\"(min-width: 1008px) 645px, 100vw\"><img loading=\"lazy\" src=\"http:\/\/nuevacordoba.net\/wp-content\/uploads\/2022\/03\/por-que-rusia-nunca-entro-en-la-otan-6.jpg\" alt=\"L\u00ednea\" width=\"464\" height=\"2\" class=\"eehpdyc0 bbc-rb7xa0 e1enwo3v0\"><\/picture><\/noscript><\/div>\n<\/div>\n<\/div>\n<\/figure>\n<\/div>\n<div dir=\"ltr\" class=\"bbc-19j92fr e57qer20\" readability=\"8\">\n<p dir=\"ltr\" class=\"bbc-bm53ic e1cc2ql70\"><i class=\"bbc-h1y5j7 ewc4zcb0\">Ahora puedes recibir notificaciones de BBC Mundo. Descarga la nueva versi\u00f3n de nuestra app y act\u00edvalas para no perderte nuestro mejor contenido.<\/i><\/p>\n<\/div>\n","protected":false},"excerpt":{"rendered":"<p>Mariana Sanches BBC News Brasil 14 marzo 2022 Fuente de la imagen, Getty Images Pie de foto, El entonces presidente de Estados Unidos, Bill Clinton, junto a su hom\u00f3logo ruso, Boris Yeltsin, durante la primera visita oficial del estadounidense a Rusia. En 2015, el l\u00edder ruso Vladimir Putin le dijo al director de cine Oliver [&hellip;]<\/p>\n","protected":false},"author":1,"featured_media":17375,"comment_status":"closed","ping_status":"closed","sticky":false,"template":"","format":"standard","meta":[],"categories":[13],"tags":[],"_links":{"self":[{"href":"http:\/\/nuevacordoba.net\/index.php\/wp-json\/wp\/v2\/posts\/17374"}],"collection":[{"href":"http:\/\/nuevacordoba.net\/index.php\/wp-json\/wp\/v2\/posts"}],"about":[{"href":"http:\/\/nuevacordoba.net\/index.php\/wp-json\/wp\/v2\/types\/post"}],"author":[{"embeddable":true,"href":"http:\/\/nuevacordoba.net\/index.php\/wp-json\/wp\/v2\/users\/1"}],"replies":[{"embeddable":true,"href":"http:\/\/nuevacordoba.net\/index.php\/wp-json\/wp\/v2\/comments?post=17374"}],"version-history":[{"count":0,"href":"http:\/\/nuevacordoba.net\/index.php\/wp-json\/wp\/v2\/posts\/17374\/revisions"}],"wp:featuredmedia":[{"embeddable":true,"href":"http:\/\/nuevacordoba.net\/index.php\/wp-json\/wp\/v2\/media\/17375"}],"wp:attachment":[{"href":"http:\/\/nuevacordoba.net\/index.php\/wp-json\/wp\/v2\/media?parent=17374"}],"wp:term":[{"taxonomy":"category","embeddable":true,"href":"http:\/\/nuevacordoba.net\/index.php\/wp-json\/wp\/v2\/categories?post=17374"},{"taxonomy":"post_tag","embeddable":true,"href":"http:\/\/nuevacordoba.net\/index.php\/wp-json\/wp\/v2\/tags?post=17374"}],"curies":[{"name":"wp","href":"https:\/\/api.w.org\/{rel}","templated":true}]}}