{"id":1738,"date":"2021-03-06T12:58:41","date_gmt":"2021-03-06T12:58:41","guid":{"rendered":"http:\/\/nuevacordoba.net\/index.php\/2021\/03\/06\/toda-la-programacion-de-las-senales-publicas-encuentro-pakapaka-y-cont-ar-en-torno-al-8m\/"},"modified":"2021-03-06T12:58:41","modified_gmt":"2021-03-06T12:58:41","slug":"toda-la-programacion-de-las-senales-publicas-encuentro-pakapaka-y-cont-ar-en-torno-al-8m","status":"publish","type":"post","link":"http:\/\/nuevacordoba.net\/index.php\/2021\/03\/06\/toda-la-programacion-de-las-senales-publicas-encuentro-pakapaka-y-cont-ar-en-torno-al-8m\/","title":{"rendered":"Toda la programaci\u00f3n de las se\u00f1ales p\u00fablicas Encuentro, Pakapaka y Cont.ar en torno al 8M"},"content":{"rendered":"<div class=\"image\" id=\"image\" readability=\"8\"> <img src=\"http:\/\/nuevacordoba.net\/wp-content\/uploads\/2021\/03\/toda-la-programacion-de-las-senales-publicas-encuentro-pakapaka-y-cont-ar-en-torno-al-8m.jpg\" alt=\" Jesica Tritten, gerenta general de Contenidos P\u00fablicos SE.\" title=\" Jesica Tritten, gerenta general de Contenidos P\u00fablicos SE.\"><\/p>\n<p> Jesica Tritten, gerenta general de Contenidos P\u00fablicos SE.<\/p>\n<\/div>\n<p>Canal Encuentro, la se\u00f1al infantil Pakapaka y la plataforma p\u00fablica y gratuita Cont.ar preparan una programaci\u00f3n especial desde el lunes 8 de marzo para conmemorar el D\u00eda Internacional de la Mujer, a partir de series, pel\u00edculas. microprogramas, cortos y nuevas propuestas.<\/p>\n<p>\u00abLas mujeres estamos ocupando lugares de decisi\u00f3n en la generaci\u00f3n de pol\u00edticas p\u00fablicas; la perspectiva de g\u00e9nero no puede ser un compartimento estanco, tiene que atravesar todos los esquemas de decisiones: art\u00edsticas, de producci\u00f3n, de conducci\u00f3n de los equipos de trabajo\u00bb, expres\u00f3 a <strong>T\u00e9lam Jesica Tritten, gerenta general de Contenidos P\u00fablicos SE, en el marco del 8M venidero.<\/strong><\/p>\n<p><strong>La funcionaria,<\/strong> responsable de las se\u00f1ales p\u00fablicas, educativas y culturales Encuentro, Pakapaka, DeporTV y Cont.ar,<strong> habl\u00f3 con esta agencia acerca de esta grilla especial dedicada a todas las mujeres, el rol pedag\u00f3gico que tienen estos canales en el tema de g\u00e9nero y tambi\u00e9n sobre la responsabilidad que implica para ella estar al frente de estos espacios relevantes en la construcci\u00f3n de un imaginario colectivo.<\/strong><\/p>\n<p>Entre las propuestas que se emitir\u00e1n desde el lunes pr\u00f3ximo y continuar\u00e1n toda la semana se destaca el estreno en <strong>Canal Encuentro \u00abElectas. Mujeres en la pol\u00edtica\u00bb,<\/strong> una serie original de Brasil que narra los avances y las dificultades de la vida pol\u00edtica de las mujeres.<\/p>\n<p> <iframe width=\"560\" height=\"315\" src=\"https:\/\/www.youtube.com\/embed\/3oGCWBWBG-o?wmode=transparent&amp;showinfo=0&amp;autohide=1&amp;rel=0\" frameborder=\"0\" allowfullscreen>[embedded content]<\/iframe> <\/p>\n<p>Avance: Electas &#8211; Canal Encuentro<\/p>\n<p><\/p>\n<blockquote readability=\"9\">\n<p>\u00abLa perspectiva de g\u00e9nero no puede ser un compartimento estanco, tiene que atravesar todos los esquemas de decisiones: art\u00edsticas, de producci\u00f3n, de conducci\u00f3n de los equipos de trabajo\u00bb<span class=\"comilla\">\u201d<\/span><\/p>\n<p><span>Jesica Tritten<\/span><\/p>\n<\/blockquote>\n<p>\u00abAdem\u00e1s \u2013indic\u00f3 Tritten-, estar\u00e1n <strong>los microprogramas &#8216;Nosotras movemos el mundo&#8217;,<\/strong> en una coproducci\u00f3n con el Ministerio de las Mujeres, G\u00e9neros y Diversidad; y en un trabajo en conjunto con la Red Tal, tambi\u00e9n se podr\u00e1 visualizar<strong> &#8216;Mujeres Latinoam\u00e9rica&#8217;,<\/strong> una serie de microprogramas que fueron coproducidos entre 13 televisoras p\u00fablicas de Am\u00e9rica Latina\u00bb.<\/p>\n<p>Tritten tambi\u00e9n resalt\u00f3 que la se\u00f1al <strong>infantil Pakapaka,<\/strong> por su lado, presentar\u00e1 <strong>una serie de micros realizados por ni\u00f1as junto a la Secretar\u00eda Nacional de Ni\u00f1ez, Adolescencia y Familia<\/strong> (Senaf).<\/p>\n<p>En el marco de la campa\u00f1a, el pr\u00f3ximo lunes <strong>se estrenar\u00e1, por la pantalla de Pakapaka, el clip musical<\/strong> en el que un grupo de ni\u00f1as cantan y bailan la canci\u00f3n <strong>\u00abNosotras inventamos el mundo\u00bb<\/strong>, compuesta por los equipos de Pakapaka y la Senaf y musicalizada por la Negra Ch\u00e1vez.<\/p>\n<p>La funcionaria agreg\u00f3 que \u00abhabr\u00e1 tambi\u00e9n un espect\u00e1culo que se titul\u00f3 el espect\u00e1culo<strong> &#8216;Mujeres y ni\u00f1as mueven e inventan el mundo&#8217;<\/strong> donde se proyectar\u00e1n por primera vez dos nuevos episodios de &#8216;La asombrosa excursi\u00f3n de Zamba al Centro Cultural Kirchner&#8217;, en los que son protagonistas dos referentes fundamentales de nuestra cultura: Mar\u00eda Elena Walsh y Mercedes Sosa\u00bb.<\/p>\n<p>Tritten tiene formaci\u00f3n e historia en estos espacios: particip\u00f3 en el Programa de Medios Audiovisuales del Ministerio de Educaci\u00f3n, fue directora de Contenidos y Programaci\u00f3n de Encuentro y directora general del Polo Educativo de Educ.ar, entre otros roles.<\/p>\n<p><strong>T\u00e9lam: \u00bfD\u00f3nde se hizo foco a la hora de armar est\u00e1 programaci\u00f3n especial por el 8M en Encuentro, Cont.ar y Pakapaka?<\/strong><br \/><strong>Jesica Tritten:<\/strong> Esta programaci\u00f3n fue realizada con el foco en rendir homenaje a las mujeres trabajadoras. Nos parece muy importante y fue una preocupaci\u00f3n siempre, desde el surgimiento de Canal Encuentro, otorgar una mirada federal, inclusiva, pol\u00edtica a los diferentes colectivos de mujeres. En este contexto, fue muy importante contar con realizaciones de directoras mujeres de gran trayectoria, como en el ciclo Bit\u00e1coras, de Cont.ar; con los cortometrajes de Albertina Carri, Natalia Smirnoff, Julia Solomonoff, Laura Citarella, Mar\u00eda Alch\u00e9. Tambi\u00e9n en el preestreno de tres pel\u00edculas que fueron filmadas en 2020 y sin estreno comercial a\u00fan, de Paula Hern\u00e1ndez, Sandra Gugliotta y Florencia Wehbe.&nbsp;<\/p>\n<p><strong>T:\u00bfD\u00f3nde reside la importancia de los contenidos p\u00fablicos en tem\u00e1ticas tan sensibles como es el D\u00eda Internacional de la Mujer y todo lo que conlleva en los tiempos que vivimos?<\/strong><br \/><strong>JT: <\/strong>En el caso de la se\u00f1al infantil Pakapaka, por ejemplo, estos contenidos son muy importantes porque formar\u00e1n parte de una campa\u00f1a con diversas acciones que se ir\u00e1n publicando en las redes sociales tanto de Pakapaka como de la Senaf. Se trata de una campa\u00f1a que se proponer invitar y alentar a las chicas de todo el pa\u00eds a participar a trav\u00e9s de sus opiniones, sus voces y sus diversas maneras de expresar sus deseos y sus formas de inventar el mundo. En el caso de \u00abUn mapita\u00bb, promovemos la inclusi\u00f3n de las ni\u00f1as m\u00fasicas de todo el pa\u00eds junto al Centro Cultural Kirchner, un proyecto donde las chicas tienen la posibilidad de expresarse a trav\u00e9s de la m\u00fasica, con la fuerza de su propia voz. En Pakapaka se estrenar\u00e1 con el nombre de \u00abNosotras movemos el mundo con m\u00fasica\u00bb. Se trata de ni\u00f1as que cantan y tocan instrumentos desde hace tiempo y que provienen de lugares tan diferentes como La Plata, Villa Elisa, Burzaco, Chascom\u00fas y la Ciudad de Buenos Aires.<\/p>\n<p><strong>T: \u00bfC\u00f3mo viv\u00eds este presente como mujer y la responsabilidad que implica estar al frente de estas se\u00f1ales p\u00fablicas?<\/strong><br \/><strong>JT:<\/strong> Es una gran responsabilidad y un gran orgullo formar parte de estas se\u00f1ales educativas y culturales. En nuestra gesti\u00f3n, la mayor parte de los cargos jer\u00e1rquicos de Canal Encuentro, Pakapaka y DeporTV est\u00e1n a cargo de mujeres y ese es un paso muy importante en la mirada que queremos imprimir a las pantallas de los medios p\u00fablicos, no s\u00f3lo por los cupos sino porque las mujeres queremos ocupar lugares de decisi\u00f3n en la generaci\u00f3n de pol\u00edticas p\u00fablicas. La perspectiva de g\u00e9nero no puede ser un compartimento estanco, tiene que atravesar todos los esquemas de decisiones: art\u00edsticas, de producci\u00f3n, de conducci\u00f3n de los equipos de trabajo. Ya lo dijo el Presidente en la Asamblea Legislativa: as\u00ed como hicimos de la Memoria, Verdad y Justicia una pol\u00edtica de Estado y una pol\u00edtica de la sociedad, este tiempo nos tiene que encontrar generando el mismo trabajado para las pol\u00edticas de g\u00e9nero. Nuestras se\u00f1ales educativas tienen un rol fundamentalmente pedag\u00f3gico en este tema. Se propulsa de manera constante la participaci\u00f3n y la capacitaci\u00f3n de las y los trabajadores, uno de los objetivos principales es que haya un futuro de paridad entre todos los equipos t\u00e9cnicos, administrativos, de producci\u00f3n y contenidos de las se\u00f1ales. Adem\u00e1s, este a\u00f1o se implement\u00f3 una reglamentaci\u00f3n para el trabajo de las casas productoras que el 50 por ciento de las producciones audiovisuales tengan, en sus equipos t\u00e9cnicos, a mujeres. Estas casas productoras que nutren, de manera constante, los contenidos audiovisuales de las se\u00f1ales educativas y culturales, quienes deber\u00e1n contar, a partir de ahora, con una nueva disposici\u00f3n relativa a la paridad de g\u00e9nero en la conformaci\u00f3n de sus equipos.<\/p>\n","protected":false},"excerpt":{"rendered":"<p>Jesica Tritten, gerenta general de Contenidos P\u00fablicos SE. Canal Encuentro, la se\u00f1al infantil Pakapaka y la plataforma p\u00fablica y gratuita Cont.ar preparan una programaci\u00f3n especial desde el lunes 8 de marzo para conmemorar el D\u00eda Internacional de la Mujer, a partir de series, pel\u00edculas. microprogramas, cortos y nuevas propuestas. \u00abLas mujeres estamos ocupando lugares de [&hellip;]<\/p>\n","protected":false},"author":1,"featured_media":1739,"comment_status":"closed","ping_status":"closed","sticky":false,"template":"","format":"standard","meta":[],"categories":[9],"tags":[],"_links":{"self":[{"href":"http:\/\/nuevacordoba.net\/index.php\/wp-json\/wp\/v2\/posts\/1738"}],"collection":[{"href":"http:\/\/nuevacordoba.net\/index.php\/wp-json\/wp\/v2\/posts"}],"about":[{"href":"http:\/\/nuevacordoba.net\/index.php\/wp-json\/wp\/v2\/types\/post"}],"author":[{"embeddable":true,"href":"http:\/\/nuevacordoba.net\/index.php\/wp-json\/wp\/v2\/users\/1"}],"replies":[{"embeddable":true,"href":"http:\/\/nuevacordoba.net\/index.php\/wp-json\/wp\/v2\/comments?post=1738"}],"version-history":[{"count":0,"href":"http:\/\/nuevacordoba.net\/index.php\/wp-json\/wp\/v2\/posts\/1738\/revisions"}],"wp:featuredmedia":[{"embeddable":true,"href":"http:\/\/nuevacordoba.net\/index.php\/wp-json\/wp\/v2\/media\/1739"}],"wp:attachment":[{"href":"http:\/\/nuevacordoba.net\/index.php\/wp-json\/wp\/v2\/media?parent=1738"}],"wp:term":[{"taxonomy":"category","embeddable":true,"href":"http:\/\/nuevacordoba.net\/index.php\/wp-json\/wp\/v2\/categories?post=1738"},{"taxonomy":"post_tag","embeddable":true,"href":"http:\/\/nuevacordoba.net\/index.php\/wp-json\/wp\/v2\/tags?post=1738"}],"curies":[{"name":"wp","href":"https:\/\/api.w.org\/{rel}","templated":true}]}}