{"id":17391,"date":"2022-03-15T03:04:27","date_gmt":"2022-03-15T03:04:27","guid":{"rendered":"https:\/\/puntoapunto.com.ar\/?p=324415"},"modified":"2022-03-15T03:04:27","modified_gmt":"2022-03-15T03:04:27","slug":"milei-presidenciable-que-partido-apoyara-al-economista-en-cordoba","status":"publish","type":"post","link":"http:\/\/nuevacordoba.net\/index.php\/2022\/03\/15\/milei-presidenciable-que-partido-apoyara-al-economista-en-cordoba\/","title":{"rendered":"Milei presidenciable: qu\u00e9 partido apoyar\u00e1 al economista en C\u00f3rdoba"},"content":{"rendered":"<div class=\"g g-146\">\n<div class=\"g-single a-410\"><a class=\"gofollow\" data-track=\"NDEwLDE0NiwxLDYw\" href=\"https:\/\/www.grupocanter.com.ar\/notas\/2022-de-proyeccion\/?utm_source=Punto%20a%20Punto&amp;utm_medium=Banner&amp;utm_campaign=Departamentos&amp;utm_term=Banner%20Pie%20de%20Nota\" target=\"_blank\" rel=\"noopener\"><img src=\"http:\/\/nuevacordoba.net\/wp-content\/uploads\/2022\/03\/milei-presidenciable-que-partido-apoyara-al-economista-en-cordoba.gif\"><\/a><\/div>\n<\/div>\n<p>Decidido a jugar fuerte en el 2023, Javier Milei comenz\u00f3 a paso firme el armado nacional de su candidatura a presidente de la Naci\u00f3n. En ese sentido, en la semana se conoci\u00f3 que el libertario sell\u00f3 una alianza con el Partido Dem\u00f3crata a nivel nacional, que se extender\u00e1 a C\u00f3rdoba. Bajo la conducci\u00f3n, en esta provincia, de Rodolfo Eiben, los dem\u00f3cratas reconocen el entusiasmo que les genera apoyar a Milei, hoy por hoy uno de los pol\u00edticos con mejor imagen positiva en el pa\u00eds.<\/p>\n<p>En ese sentido, en di\u00e1logo con Pol\u00edtica C\u00f3rdoba, Eiben reconoci\u00f3 que est\u00e1n abiertos a la llegada de las diferentes expresiones republicanas y libertarias que hoy conviven en la provincia. Sin embargo, puso de manifiesto que en C\u00f3rdoba el Partido Dem\u00f3crata es el \u00fanico reconocido por la Justicia Federal y en condiciones de prestar el acompa\u00f1amiento que Milei necesita, por lo que no puede ser puesto -con 113 a\u00f1os de historia-, a la altura de organizaciones que \u201cse presentan como un partido pero no pasan de ser un movimiento pol\u00edtico que adhiere a Milei\u201d. \u201cEl Partido Libertario, por ejemplo, no es un partido pol\u00edtico y eso confunde al electorado, porque no son un partido pol\u00edtico formalmente constituido como indica la ley y la Constituci\u00f3n\u201d, a\u00f1adi\u00f3.<\/p>\n<p>\u201cVamos a llevar al Partido Dem\u00f3crata al escenario pol\u00edtico provincial, ya se est\u00e1 conformando en toda la provincia\u201d, sostuvo Eiben, quien adem\u00e1s mencion\u00f3 entre sus dirigentes a Roque Fern\u00e1ndez, Mauricio Jaitt, el economista Francisco Pendas, adem\u00e1s de In\u00e9s Marcuzzi y Mar\u00eda \u00c1ngeles C\u00e1ceres, entre otros.<\/p>\n<p>Respecto a la posibilidad de alg\u00fan tipo de confluencia con Juntos por el Cambio, Eiben se\u00f1al\u00f3 que por el momento \u201cno hay ning\u00fan contacto con esos sectores\u201d y enfatiz\u00f3 que \u201cnosotros no andamos atr\u00e1s de ning\u00fan cargo p\u00fablico ni de ning\u00fan contratito\u201d. \u201cTenemos nuestros candidatos por lo que no sabemos cu\u00e1les podr\u00edan ser los puntos en com\u00fan con referentes de esa fuerza\u201d, como Patricia Bullrich o Luis Juez.<\/p>\n<p>Por \u00faltimo, Eiben sostuvo que ya recibieron intentos \u201cde querer cooptar nuestro partido pero no nos prestamos a ese tipo de cosas\u201d. \u201cUna fuerza pol\u00edtica nos ofreci\u00f3 que si acced\u00edamos a alguna alianza en el futuro podr\u00edamos compartir alg\u00fan contrato o algunos cargos: eso para nosotros es la vieja pol\u00edtica y en vez de acercarnos nos ahuyenta. Estamos para cambiar la matriz de la vieja pol\u00edtica en C\u00f3rdoba y no nos vamos a someter a los viejos vicios de la pol\u00edtica\u201d, finaliz\u00f3.<\/p>\n","protected":false},"excerpt":{"rendered":"<p>Decidido a jugar fuerte en el 2023, Javier Milei comenz\u00f3 a paso firme el armado nacional de su candidatura a presidente de la Naci\u00f3n. En ese sentido, en la semana se conoci\u00f3 que el libertario sell\u00f3 una alianza con el Partido Dem\u00f3crata a nivel nacional, que se extender\u00e1 a C\u00f3rdoba. Bajo la conducci\u00f3n, en esta [&hellip;]<\/p>\n","protected":false},"author":1,"featured_media":17392,"comment_status":"open","ping_status":"closed","sticky":false,"template":"","format":"standard","meta":[],"categories":[12,14],"tags":[],"_links":{"self":[{"href":"http:\/\/nuevacordoba.net\/index.php\/wp-json\/wp\/v2\/posts\/17391"}],"collection":[{"href":"http:\/\/nuevacordoba.net\/index.php\/wp-json\/wp\/v2\/posts"}],"about":[{"href":"http:\/\/nuevacordoba.net\/index.php\/wp-json\/wp\/v2\/types\/post"}],"author":[{"embeddable":true,"href":"http:\/\/nuevacordoba.net\/index.php\/wp-json\/wp\/v2\/users\/1"}],"replies":[{"embeddable":true,"href":"http:\/\/nuevacordoba.net\/index.php\/wp-json\/wp\/v2\/comments?post=17391"}],"version-history":[{"count":0,"href":"http:\/\/nuevacordoba.net\/index.php\/wp-json\/wp\/v2\/posts\/17391\/revisions"}],"wp:featuredmedia":[{"embeddable":true,"href":"http:\/\/nuevacordoba.net\/index.php\/wp-json\/wp\/v2\/media\/17392"}],"wp:attachment":[{"href":"http:\/\/nuevacordoba.net\/index.php\/wp-json\/wp\/v2\/media?parent=17391"}],"wp:term":[{"taxonomy":"category","embeddable":true,"href":"http:\/\/nuevacordoba.net\/index.php\/wp-json\/wp\/v2\/categories?post=17391"},{"taxonomy":"post_tag","embeddable":true,"href":"http:\/\/nuevacordoba.net\/index.php\/wp-json\/wp\/v2\/tags?post=17391"}],"curies":[{"name":"wp","href":"https:\/\/api.w.org\/{rel}","templated":true}]}}