{"id":1742,"date":"2021-03-06T03:32:50","date_gmt":"2021-03-06T03:32:50","guid":{"rendered":"http:\/\/cordobanewsnet.wordpress.com\/?p=5070"},"modified":"2021-03-06T03:32:50","modified_gmt":"2021-03-06T03:32:50","slug":"aoita-confirmo-que-el-lunes-habra-interurbanos","status":"publish","type":"post","link":"http:\/\/nuevacordoba.net\/index.php\/2021\/03\/06\/aoita-confirmo-que-el-lunes-habra-interurbanos\/","title":{"rendered":"Aoita confirm\u00f3 que el lunes habr\u00e1 interurbanos"},"content":{"rendered":"<p><!-- \/featured-media --> <\/p>\n<div class=\"post-content clear\" readability=\"44.588957055215\">\n<p><a rel=\"noreferrer noopener\" href=\"https:\/\/www.cadena3.com\/pagina\/tag\/?q=Aoita\" target=\"_blank\">Aoita<\/a>&nbsp;hab\u00eda advertido que en el caso de no efectuarse el pago para esta semana, accionar\u00edan con retenci\u00f3n del servicio el pr\u00f3ximo lunes contra aquellas empresas que no abonen los salarios en la fecha correspondiente. Es decir, con un paro parcial no de manera general.<\/p>\n<figure class=\"wp-block-image size-large\"><img data-attachment-id=\"4629\" data-permalink=\"https:\/\/cordobanewsnet.wordpress.com\/2020\/11\/17\/interurbanos-esperan-resolver-el-conflicto-salarial-para-volver-en-diciembre\/43ec65f0-336e-4cfd-8c32-5d5e4ec37cc7\/\" data-orig-file=\"http:\/\/nuevacordoba.net\/wp-content\/uploads\/2021\/03\/aoita-confirmo-que-el-lunes-habra-interurbanos-1.jpg\" data-orig-size=\"608,342\" data-comments-opened=\"1\" data-image-meta=\"{&quot;aperture&quot;:&quot;0&quot;,&quot;credit&quot;:&quot;&quot;,&quot;camera&quot;:&quot;&quot;,&quot;caption&quot;:&quot;&quot;,&quot;created_timestamp&quot;:&quot;0&quot;,&quot;copyright&quot;:&quot;&quot;,&quot;focal_length&quot;:&quot;0&quot;,&quot;iso&quot;:&quot;0&quot;,&quot;shutter_speed&quot;:&quot;0&quot;,&quot;title&quot;:&quot;&quot;,&quot;orientation&quot;:&quot;1&quot;}\" data-image-title=\"43EC65F0-336E-4CFD-8C32-5D5E4EC37CC7\" data-image-description data-medium-file=\"http:\/\/nuevacordoba.net\/wp-content\/uploads\/2021\/03\/aoita-confirmo-que-el-lunes-habra-interurbanos-1.jpg?w=300\" data-large-file=\"http:\/\/nuevacordoba.net\/wp-content\/uploads\/2021\/03\/aoita-confirmo-que-el-lunes-habra-interurbanos.jpg\" src=\"http:\/\/nuevacordoba.net\/wp-content\/uploads\/2021\/03\/aoita-confirmo-que-el-lunes-habra-interurbanos.jpg\" alt class=\"wp-image-4629\" srcset=\"http:\/\/nuevacordoba.net\/wp-content\/uploads\/2021\/03\/aoita-confirmo-que-el-lunes-habra-interurbanos-1.jpg 608w, http:\/\/nuevacordoba.net\/wp-content\/uploads\/2021\/03\/aoita-confirmo-que-el-lunes-habra-interurbanos-1.jpg?w=150 150w, http:\/\/nuevacordoba.net\/wp-content\/uploads\/2021\/03\/aoita-confirmo-que-el-lunes-habra-interurbanos-1.jpg?w=300 300w\" sizes=\"(max-width: 608px) 100vw, 608px\"><\/figure>\n<h2><\/h2>\n<p>\u201cLas empresas han pagado, pero tambi\u00e9n hay que destacar el&nbsp;esfuerzo de esperar un d\u00eda mas porque el cuarto d\u00eda h\u00e1bil fue ayer (jueves)\u201d, sostuvo.<\/p>\n<p>Por otro lado, Gramajo se refiri\u00f3 a que en marzo continuar\u00e1n con las negociaciones por la paritaria del 2020, a la cual se suma la del a\u00f1o vigente.<\/p>\n<div id=\"jp-post-flair\" class=\"sharedaddy sd-like-enabled sd-sharing-enabled\">\n<div class=\"sharedaddy sd-sharing-enabled\">\n<div class=\"robots-nocontent sd-block sd-social sd-social-icon-text sd-sharing\">\n<h3 class=\"sd-title\">Share this:<\/h3>\n<\/div>\n<\/div>\n<div class=\"sharedaddy sd-block sd-like jetpack-likes-widget-wrapper jetpack-likes-widget-unloaded\" id=\"like-post-wrapper-143108178-5070-6043c73c43645\" data-src=\"\/\/widgets.wp.com\/likes\/index.html?ver=20200826#blog_id=143108178&amp;post_id=5070&amp;origin=cordobanewsnet.wordpress.com&amp;obj_id=143108178-5070-6043c73c43645\" data-name=\"like-post-frame-143108178-5070-6043c73c43645\">\n<h3 class=\"sd-title\">Me gusta esto:<\/h3>\n<p><span class=\"button\"><span>Me gusta<\/span><\/span> <span class=\"loading\">Cargando&#8230;<\/span><\/p>\n<p><span class=\"sd-text-color\"><\/span><\/div>\n<p><h3 class=\"jp-relatedposts-headline\"><em>Relacionado<\/em><\/h3>\n<\/p>\n<\/div><\/div>\n<p><!--\/.post-content--> <\/p>\n<footer class=\"post-meta-container clear\" readability=\"0.40372670807453\">\n<div class=\"entry-author author-avatar-show\" readability=\"13.114754098361\">\n<div class=\"author-avatar\"> <img loading=\"lazy\" alt src=\"http:\/\/nuevacordoba.net\/wp-content\/uploads\/2021\/03\/aoita-confirmo-que-el-lunes-habra-interurbanos.png\" class=\"avatar avatar-90\" height=\"90\" width=\"90\"> <\/div>\n<p><!-- .author-avatar --> <\/p>\n<p><h2 class=\"author-title\">Publicado por <span class=\"author-name\">Redacci\u00f3n<\/span><\/h2>\n<\/p>\n<p><!-- .author-heading --> <\/p>\n<p class=\"author-bio\"> <a class=\"author-link\" href=\"https:\/\/cordobanewsnet.wordpress.com\/author\/prettomatias\/\" rel=\"author\"> Ver todas las entradas de Redacci\u00f3n <\/a> <\/p>\n<p><!-- .author-bio --> <\/div>\n<p><!-- .entry-auhtor --> <\/footer>\n<p> <!-- \/post-meta-container --> <!-- #respond --> <\/p>\n","protected":false},"excerpt":{"rendered":"<p>Aoita&nbsp;hab\u00eda advertido que en el caso de no efectuarse el pago para esta semana, accionar\u00edan con retenci\u00f3n del servicio el pr\u00f3ximo lunes contra aquellas empresas que no abonen los salarios en la fecha correspondiente. Es decir, con un paro parcial no de manera general. \u201cLas empresas han pagado, pero tambi\u00e9n hay que destacar el&nbsp;esfuerzo de [&hellip;]<\/p>\n","protected":false},"author":1,"featured_media":1743,"comment_status":"closed","ping_status":"closed","sticky":false,"template":"","format":"standard","meta":[],"categories":[14],"tags":[],"_links":{"self":[{"href":"http:\/\/nuevacordoba.net\/index.php\/wp-json\/wp\/v2\/posts\/1742"}],"collection":[{"href":"http:\/\/nuevacordoba.net\/index.php\/wp-json\/wp\/v2\/posts"}],"about":[{"href":"http:\/\/nuevacordoba.net\/index.php\/wp-json\/wp\/v2\/types\/post"}],"author":[{"embeddable":true,"href":"http:\/\/nuevacordoba.net\/index.php\/wp-json\/wp\/v2\/users\/1"}],"replies":[{"embeddable":true,"href":"http:\/\/nuevacordoba.net\/index.php\/wp-json\/wp\/v2\/comments?post=1742"}],"version-history":[{"count":0,"href":"http:\/\/nuevacordoba.net\/index.php\/wp-json\/wp\/v2\/posts\/1742\/revisions"}],"wp:featuredmedia":[{"embeddable":true,"href":"http:\/\/nuevacordoba.net\/index.php\/wp-json\/wp\/v2\/media\/1743"}],"wp:attachment":[{"href":"http:\/\/nuevacordoba.net\/index.php\/wp-json\/wp\/v2\/media?parent=1742"}],"wp:term":[{"taxonomy":"category","embeddable":true,"href":"http:\/\/nuevacordoba.net\/index.php\/wp-json\/wp\/v2\/categories?post=1742"},{"taxonomy":"post_tag","embeddable":true,"href":"http:\/\/nuevacordoba.net\/index.php\/wp-json\/wp\/v2\/tags?post=1742"}],"curies":[{"name":"wp","href":"https:\/\/api.w.org\/{rel}","templated":true}]}}