{"id":1746,"date":"2021-03-06T18:17:50","date_gmt":"2021-03-06T18:17:50","guid":{"rendered":"http:\/\/nuevacordoba.net\/index.php\/2021\/03\/06\/racing-suma-dolores-de-cabeza-sigali-y-soto-positivos-de-coronavirus\/"},"modified":"2021-03-06T18:17:50","modified_gmt":"2021-03-06T18:17:50","slug":"racing-suma-dolores-de-cabeza-sigali-y-soto-positivos-de-coronavirus","status":"publish","type":"post","link":"http:\/\/nuevacordoba.net\/index.php\/2021\/03\/06\/racing-suma-dolores-de-cabeza-sigali-y-soto-positivos-de-coronavirus\/","title":{"rendered":"Racing suma dolores de cabeza: Sigali y Soto positivos de coronavirus"},"content":{"rendered":"<div class=\"image\" id=\"image\" readability=\"8\"> <img src=\"http:\/\/nuevacordoba.net\/wp-content\/uploads\/2021\/03\/racing-suma-dolores-de-cabeza-sigali-y-soto-positivos-de-coronavirus.jpg\" alt=\"Sigali, uno de los positivos de coronavirus en el plantel de la &quot;Academia&quot; (foto archivo)\" title=\"Sigali, uno de los positivos de coronavirus en el plantel de la &quot;Academia&quot; (foto archivo)\"><\/p>\n<p>Sigali, uno de los positivos de coronavirus en el plantel de la \u00abAcademia\u00bb (foto archivo)<\/p>\n<\/div>\n<p>Leonardo Sigali y Alexis Soto quedaron descartados para el compromiso del lunes pr\u00f3ximo ante Rosario Central, tras dar positivo de coronavirus, inform\u00f3 hoy el club de Avellaneda.<\/p>\n<p>Sigali, de 33 a\u00f1os, fue titular en los cuatro partidos que lleva el ciclo t\u00e9cnico de Juan Antonio Pizzi, que este jueves sufri\u00f3 un cimbronazo con la goleada de River Plate (5-0) en la definici\u00f3n de la Supercopa Argentina.<\/p>\n<p>Soto (27), en cambio, perdi\u00f3 consideraci\u00f3n despu\u00e9s de jugar el primer partido con Banfield (0-2), al punto que el DT -en ausencia del chileno Eugenio Mena, titular del puesto- prefiri\u00f3 improsivar al paraguayo Lorenzo Melgarejo como lateral izquierdo.<\/p>\n<p>Los dos futbolistas de Racing contagiados permanecen en sus casas sin s\u00edntomas, detall\u00f3 el parte de la instituci\u00f3n.<\/p>\n<p>Racing volver\u00e1 a entrenarse este domingo en su estadio con vistas al partido frente a Rosario Central, que puede marcar el futuro de Pizzi.<\/p>\n<p>El entrenador campe\u00f3n con San Lorenzo no gan\u00f3 ninguno de los cuatro partidos jugados (dos empates y dos derrotas) y qued\u00f3 muy tocado despu\u00e9s de la abultada ca\u00edda en Santiago del Estero.<\/p>\n<p>El partido con Central se jugar\u00e1 el lunes en Avellaneda desde las 19.15 con arbitraje de Hern\u00e1n Mastr\u00e1ngelo y transmisi\u00f3n de TNT Sports.<\/p>\n","protected":false},"excerpt":{"rendered":"<p>Sigali, uno de los positivos de coronavirus en el plantel de la \u00abAcademia\u00bb (foto archivo) Leonardo Sigali y Alexis Soto quedaron descartados para el compromiso del lunes pr\u00f3ximo ante Rosario Central, tras dar positivo de coronavirus, inform\u00f3 hoy el club de Avellaneda. Sigali, de 33 a\u00f1os, fue titular en los cuatro partidos que lleva el [&hellip;]<\/p>\n","protected":false},"author":1,"featured_media":1747,"comment_status":"closed","ping_status":"closed","sticky":false,"template":"","format":"standard","meta":[],"categories":[10],"tags":[],"_links":{"self":[{"href":"http:\/\/nuevacordoba.net\/index.php\/wp-json\/wp\/v2\/posts\/1746"}],"collection":[{"href":"http:\/\/nuevacordoba.net\/index.php\/wp-json\/wp\/v2\/posts"}],"about":[{"href":"http:\/\/nuevacordoba.net\/index.php\/wp-json\/wp\/v2\/types\/post"}],"author":[{"embeddable":true,"href":"http:\/\/nuevacordoba.net\/index.php\/wp-json\/wp\/v2\/users\/1"}],"replies":[{"embeddable":true,"href":"http:\/\/nuevacordoba.net\/index.php\/wp-json\/wp\/v2\/comments?post=1746"}],"version-history":[{"count":0,"href":"http:\/\/nuevacordoba.net\/index.php\/wp-json\/wp\/v2\/posts\/1746\/revisions"}],"wp:featuredmedia":[{"embeddable":true,"href":"http:\/\/nuevacordoba.net\/index.php\/wp-json\/wp\/v2\/media\/1747"}],"wp:attachment":[{"href":"http:\/\/nuevacordoba.net\/index.php\/wp-json\/wp\/v2\/media?parent=1746"}],"wp:term":[{"taxonomy":"category","embeddable":true,"href":"http:\/\/nuevacordoba.net\/index.php\/wp-json\/wp\/v2\/categories?post=1746"},{"taxonomy":"post_tag","embeddable":true,"href":"http:\/\/nuevacordoba.net\/index.php\/wp-json\/wp\/v2\/tags?post=1746"}],"curies":[{"name":"wp","href":"https:\/\/api.w.org\/{rel}","templated":true}]}}