{"id":1748,"date":"2021-03-06T18:17:57","date_gmt":"2021-03-06T18:17:57","guid":{"rendered":"http:\/\/nuevacordoba.net\/index.php\/2021\/03\/06\/en-newells-evaluan-el-futuro-de-kudelka-y-ya-suenan-reemplazantes\/"},"modified":"2021-03-06T18:17:57","modified_gmt":"2021-03-06T18:17:57","slug":"en-newells-evaluan-el-futuro-de-kudelka-y-ya-suenan-reemplazantes","status":"publish","type":"post","link":"http:\/\/nuevacordoba.net\/index.php\/2021\/03\/06\/en-newells-evaluan-el-futuro-de-kudelka-y-ya-suenan-reemplazantes\/","title":{"rendered":"En Newell&#8217;s eval\u00faan el futuro de Kudelka y ya suenan reemplazantes"},"content":{"rendered":"<div class=\"image\" id=\"image\" readability=\"9\"> <img src=\"http:\/\/nuevacordoba.net\/wp-content\/uploads\/2021\/03\/en-newells-evaluan-el-futuro-de-kudelka-y-ya-suenan-reemplazantes.jpg\" alt=\"Kudelka, en el ojo de la tormenta, por los resultados en la actual Copa de la Liga (foto archivo)\" title=\"Kudelka, en el ojo de la tormenta, por los resultados en la actual Copa de la Liga (foto archivo)\"><\/p>\n<p>Kudelka, en el ojo de la tormenta, por los resultados en la actual Copa de la Liga (foto archivo)<\/p>\n<\/div>\n<p>Los dirigentes de Newell`s permanecen reunidos desde esta ma\u00f1ana para analizar el futuro del director t\u00e9cnico del equipo, Frank Kudelka, luego de la derrota de anoche como local por 2 a 1 contra Independiente.<\/p>\n<p>\u00abEst\u00e1n reunidos los principales dirigentes para decidir qu\u00e9 hacen con (el entrenador Frank) Kudelka. El tema es que si lo echan le tienen que pagar el contrato\u00bb, advirti\u00f3 esta ma\u00f1ana a T\u00e9lam una fuente \u00abrojinegra\u00bb con llegada a la \u00abmesa chica\u00bb del club del Parque Independencia de Rosario.<\/p>\n<p>Por su parte, Kudelka, enigm\u00e1tico, reconoci\u00f3 anoche en la conferencia de prensa posterior al partido que hablar\u00e1 con los dirigentes sobre su futuro y solt\u00f3 una frase sugestiva: \u00abSer\u00e1 lo que tenga que ser\u00bb.<\/p>\n<p>Un vocero de los dirigentes confi\u00f3 a T\u00e9lam que \u00abtienen el nombre de un t\u00e9cnico como para ganar las elecciones\u00bb, en referencia al ex jugador de Newell`s, River, Boca y la Selecci\u00f3n, Gabriel Batistuta, con vista a los comicios que se celebrar\u00e1n en Newell`s el domingo 25 de abril pr\u00f3ximo.<\/p>\n<p>Sin embargo, esa posibilidad fue desestimada de plano por otra fuente \u00abrojinegra\u00bb, en di\u00e1logo con esta agencia.<\/p>\n<p>El exayudante de campo de Diego Simeone en Atl\u00e9tico de Madrid, el \u00abMono\u00bb Germ\u00e1n Burgos y Fernando Gamboa, exdefensor del club, son otros candidatos que se mencionan en caso de la partida de Kudelka, quien asumi\u00f3 el cargo en mayo de 2019. <\/p>\n","protected":false},"excerpt":{"rendered":"<p>Kudelka, en el ojo de la tormenta, por los resultados en la actual Copa de la Liga (foto archivo) Los dirigentes de Newell`s permanecen reunidos desde esta ma\u00f1ana para analizar el futuro del director t\u00e9cnico del equipo, Frank Kudelka, luego de la derrota de anoche como local por 2 a 1 contra Independiente. \u00abEst\u00e1n reunidos [&hellip;]<\/p>\n","protected":false},"author":1,"featured_media":1749,"comment_status":"closed","ping_status":"closed","sticky":false,"template":"","format":"standard","meta":[],"categories":[10],"tags":[],"_links":{"self":[{"href":"http:\/\/nuevacordoba.net\/index.php\/wp-json\/wp\/v2\/posts\/1748"}],"collection":[{"href":"http:\/\/nuevacordoba.net\/index.php\/wp-json\/wp\/v2\/posts"}],"about":[{"href":"http:\/\/nuevacordoba.net\/index.php\/wp-json\/wp\/v2\/types\/post"}],"author":[{"embeddable":true,"href":"http:\/\/nuevacordoba.net\/index.php\/wp-json\/wp\/v2\/users\/1"}],"replies":[{"embeddable":true,"href":"http:\/\/nuevacordoba.net\/index.php\/wp-json\/wp\/v2\/comments?post=1748"}],"version-history":[{"count":0,"href":"http:\/\/nuevacordoba.net\/index.php\/wp-json\/wp\/v2\/posts\/1748\/revisions"}],"wp:featuredmedia":[{"embeddable":true,"href":"http:\/\/nuevacordoba.net\/index.php\/wp-json\/wp\/v2\/media\/1749"}],"wp:attachment":[{"href":"http:\/\/nuevacordoba.net\/index.php\/wp-json\/wp\/v2\/media?parent=1748"}],"wp:term":[{"taxonomy":"category","embeddable":true,"href":"http:\/\/nuevacordoba.net\/index.php\/wp-json\/wp\/v2\/categories?post=1748"},{"taxonomy":"post_tag","embeddable":true,"href":"http:\/\/nuevacordoba.net\/index.php\/wp-json\/wp\/v2\/tags?post=1748"}],"curies":[{"name":"wp","href":"https:\/\/api.w.org\/{rel}","templated":true}]}}