{"id":1768,"date":"2021-03-06T18:18:46","date_gmt":"2021-03-06T18:18:46","guid":{"rendered":"http:\/\/nuevacordoba.net\/index.php\/2021\/03\/06\/fernandez-reitero-el-compromiso-para-que-productos-industrializados-paguen-menos-retenciones\/"},"modified":"2021-03-06T18:18:46","modified_gmt":"2021-03-06T18:18:46","slug":"fernandez-reitero-el-compromiso-para-que-productos-industrializados-paguen-menos-retenciones","status":"publish","type":"post","link":"http:\/\/nuevacordoba.net\/index.php\/2021\/03\/06\/fernandez-reitero-el-compromiso-para-que-productos-industrializados-paguen-menos-retenciones\/","title":{"rendered":"Fern\u00e1ndez reiter\u00f3 el compromiso para que productos industrializados \u00abpaguen menos\u00bb retenciones"},"content":{"rendered":"<div><img src=\"http:\/\/nuevacordoba.net\/wp-content\/uploads\/2021\/03\/fernandez-reitero-el-compromiso-para-que-productos-industrializados-paguen-menos-retenciones.jpg\" class=\"ff-og-image-inserted\"><\/div>\n<p>El presidente&nbsp;<a href=\"https:\/\/www.lavoz.com.ar\/temas\/alberto-fernandez\" target=\"_blank\" rel=\"noopener\">Alberto Fern\u00e1ndez<\/a>&nbsp;ratific\u00f3 este s\u00e1bado en Mendoza el compromiso del Gobierno nacional para que \u00ablos productos que se industrialicen cada vez paguen menos retenciones\u00bb, como se hizo con el sector vitivin\u00edcola, con la intenci\u00f3n de que \u00abexporten m\u00e1s, generen m\u00e1s trabajo, se vuelvan m\u00e1s competitivos y tengan m\u00e1s utilidades\u00bb.<\/p>\n<p>En el marco de la Fiesta Nacional de la Vendimia y al encabezar el acto organizado por la Corporaci\u00f3n Vitivin\u00edcola Argentina (Coviar), el primer mandatario dijo que la mejora de la competitividad del sector y de las econom\u00edas regionales impactan en mayor producci\u00f3n y en el ingreso de d\u00f3lares que necesita el pa\u00eds.<\/p>\n<p>Durante el acto realizado en la localidad de Luj\u00e1n de Cuyo, Fern\u00e1ndez record\u00f3 que hace 18 a\u00f1os, cuando era jefe de Gabinete de N\u00e9stor Kirchner, juntos lanzaron un primer plan para el sector del vino, que ha tenido logros y que ahora debiera rediscutirse y relanzarse.<\/p><figcaption class=\"title is-margin-t is-font-small is-font-sans-serif\">Mendoza. El Presidente particip\u00f3 del plan Vitivin\u00edcola (Presidencia).<\/figcaption><p>\u00abEl vino argentino es un muy buen vino, no s\u00f3lo lo saben los argentinos. El mundo entero reconoce la calidad\u00bb, se\u00f1al\u00f3 Fern\u00e1ndez y llam\u00f3 a debatir para \u00abdarle fuerza\u00bb a una producci\u00f3n que ya se realiza en 18 provincias de todo el pa\u00eds.<\/p>\n<p class=\"SubTitulo\"><strong>Primera visita<\/strong><\/p>\n<p>En su primera visita a la provincia desde que es presidente, el jefe de Estado dijo en ese sentido que \u00abhay un potencial de desarrollo enorme\u00bb que no se debe desaprovechar y destac\u00f3 las palabras dichas previamente por el gobernador local, Rodolfo Su\u00e1rez, para trabajar en el \u00abencuentro\u00bb entre posiciones diversas que permitan acrecentar la producci\u00f3n.<\/p>\n<blockquote readability=\"13\">\n<p>\u00abLo que debemos hacer es darnos un plan, como sociedad. Ganan los que producen en las vides, ganan los empresarios, ganan las provincias, gana el Estado nacional\u00bb, dijo el jefe de Estado, qui\u00e9n adem\u00e1s pidi\u00f3 \u00abser parte\u00bb del \u00abdebate\u00bb.<\/p>\n<\/blockquote>\n<div class=\"block-ad-node\">\n<div>\n<p> <span>Publicidad<\/span> <\/p>\n<\/div>\n<\/div>\n<p>El Presidente tambi\u00e9n se apoy\u00f3 en las palabras de Suarez para convocar a todos a combatir la pobreza y reiter\u00f3 que \u00abnadie puede pensar que se puede vivir en paz en una sociedad en que 4 de cada 10 argentinos est\u00e1n sumidos\u00bb en ese flagelo.<\/p>\n<p>En ese sentido, afirm\u00f3 que m\u00e1s all\u00e1 de la cuesti\u00f3n \u00e9tica es un \u00abbuen negocio\u00bb terminar con la pobreza y a\u00f1adi\u00f3: \u00abLos consumidores expulsados a la pobreza, dejan de ser consumidores. Es un buen negocio terminar con la pobreza\u00bb.<\/p>\n<p class=\"SubTitulo\"><strong>Sobre el evento<\/strong><\/p>\n<div class=\"block-ad-node\">\n<div>\n<p> <span>Publicidad<\/span> <\/p>\n<\/div>\n<\/div>\n<p>La jornada de la <a href=\"http:\/\/coviar.com.ar\/\" target=\"_blank\" rel=\"noopener\">Coviar<\/a> se desarrolla en el Centro Regional del Instituto Nacional de Tecnolog\u00eda Agropecuaria (Inta), ubicado a 36 kil\u00f3metros de Mendoza capital.<\/p>\n<p>El Presidente estuvo acompa\u00f1ado por el gobernador Su\u00e1rez, y por los ministros del Interior, Eduardo de Pedro; y de Agricultura, Ganader\u00eda y Pesca, Luis Basterra, a los que se sumaron el secretario de Asuntos Estrat\u00e9gicos, Gustavo B\u00e9liz, y el secretario de Comunicaci\u00f3n y Prensa, Juan Pablo Biondi.<\/p><figcaption class=\"title is-margin-t is-font-small is-font-sans-serif\">Mendoza. El Presidente particip\u00f3 del plan Vitivin\u00edcola (Presidencia).<\/figcaption><div class=\"ctaNewsNotaContainer\" readability=\"6.5\">\n<div class=\"newsletterTextContainer\" readability=\"33\">\n<p> S\u00cdNTESIS POL\u00cdTICA<\/p>\n<p> Informaci\u00f3n exclusiva y el mejor an\u00e1lisis, los lunes en tu correo.<\/p>\n<form method=\"post\" action-xhr=\"https:\/\/www.lavoz.com.ar\/newsletters\/sintesis-politica\/signup\" id=\"newsletter-signup\" class=\"newsletterForm\" target=\"_blank\" custom-validation-reporting=\"as-you-go\" on=\"submit:AMP.setState({formLoading:true});submit-success:AMP.setState({formSuccess:true})\">\n<div submit-success class=\"is-paddingless-l\" readability=\"6\"> <template type=\"amp-mustache\" readability=\"2\"><\/p>\n<p> <strong>\u00a1Gracias por suscribirte!<\/strong><\/p>\n<p> <\/template><\/div>\n<div submit-error class=\"is-paddingless-l\" readability=\"6.5\"> <template type=\"amp-mustache\" readability=\"3\"><\/p>\n<p> <strong>Ha ocurrido un error, por favor intente nuevamente m\u00e1s tarde.<\/strong><\/p>\n<p> <\/template><\/div>\n<\/form>\n<\/div>\n<\/div>\n<div>\n<p> <span>Publicidad<\/span> <\/p>\n<\/div>\n","protected":false},"excerpt":{"rendered":"<p>El presidente&nbsp;Alberto Fern\u00e1ndez&nbsp;ratific\u00f3 este s\u00e1bado en Mendoza el compromiso del Gobierno nacional para que \u00ablos productos que se industrialicen cada vez paguen menos retenciones\u00bb, como se hizo con el sector vitivin\u00edcola, con la intenci\u00f3n de que \u00abexporten m\u00e1s, generen m\u00e1s trabajo, se vuelvan m\u00e1s competitivos y tengan m\u00e1s utilidades\u00bb. En el marco de la Fiesta [&hellip;]<\/p>\n","protected":false},"author":1,"featured_media":1769,"comment_status":"closed","ping_status":"closed","sticky":false,"template":"","format":"standard","meta":[],"categories":[12],"tags":[],"_links":{"self":[{"href":"http:\/\/nuevacordoba.net\/index.php\/wp-json\/wp\/v2\/posts\/1768"}],"collection":[{"href":"http:\/\/nuevacordoba.net\/index.php\/wp-json\/wp\/v2\/posts"}],"about":[{"href":"http:\/\/nuevacordoba.net\/index.php\/wp-json\/wp\/v2\/types\/post"}],"author":[{"embeddable":true,"href":"http:\/\/nuevacordoba.net\/index.php\/wp-json\/wp\/v2\/users\/1"}],"replies":[{"embeddable":true,"href":"http:\/\/nuevacordoba.net\/index.php\/wp-json\/wp\/v2\/comments?post=1768"}],"version-history":[{"count":0,"href":"http:\/\/nuevacordoba.net\/index.php\/wp-json\/wp\/v2\/posts\/1768\/revisions"}],"wp:featuredmedia":[{"embeddable":true,"href":"http:\/\/nuevacordoba.net\/index.php\/wp-json\/wp\/v2\/media\/1769"}],"wp:attachment":[{"href":"http:\/\/nuevacordoba.net\/index.php\/wp-json\/wp\/v2\/media?parent=1768"}],"wp:term":[{"taxonomy":"category","embeddable":true,"href":"http:\/\/nuevacordoba.net\/index.php\/wp-json\/wp\/v2\/categories?post=1768"},{"taxonomy":"post_tag","embeddable":true,"href":"http:\/\/nuevacordoba.net\/index.php\/wp-json\/wp\/v2\/tags?post=1768"}],"curies":[{"name":"wp","href":"https:\/\/api.w.org\/{rel}","templated":true}]}}