{"id":1801,"date":"2021-03-07T21:31:04","date_gmt":"2021-03-07T21:31:04","guid":{"rendered":"http:\/\/nuevacordoba.net\/index.php\/2021\/03\/07\/internas-en-el-gobierno-la-continuidad-de-marcela-losardo-pende-de-un-hilo\/"},"modified":"2021-03-07T21:31:04","modified_gmt":"2021-03-07T21:31:04","slug":"internas-en-el-gobierno-la-continuidad-de-marcela-losardo-pende-de-un-hilo","status":"publish","type":"post","link":"http:\/\/nuevacordoba.net\/index.php\/2021\/03\/07\/internas-en-el-gobierno-la-continuidad-de-marcela-losardo-pende-de-un-hilo\/","title":{"rendered":"Internas en el Gobierno: la continuidad de Marcela Losardo pende de un hilo"},"content":{"rendered":"<div><img src=\"http:\/\/nuevacordoba.net\/wp-content\/uploads\/2021\/03\/internas-en-el-gobierno-la-continuidad-de-marcela-losardo-pende-de-un-hilo.jpg\" class=\"ff-og-image-inserted\"><\/div>\n<p>Si hay una persona clave para Alberto Fern\u00e1ndez en el Gabinete nacional esa es Marcela Losardo. La ministra de Justicia es amiga personal del Presidente, producto de a\u00f1os de amistad y trabajo juntos en la abogac\u00eda.<\/p>\n<p>Losardo fue una de las primeras personas en ser confirmadas, all\u00e1 por diciembre de 2019, en el equipo de Fern\u00e1ndez. Se conocen de memoria. Conf\u00edan&#8230; o confiaban uno en el otro hasta la semana que pas\u00f3.<\/p>\n<p>Todo parece haber cambiado luego del discurso de Fern\u00e1ndez en el Congreso, primero; y del alegato de Cristina Fern\u00e1ndez de Kirchner, luego. Ambos hechos, dicen las versiones period\u00edsticas, terminaron de colmar el vaso de Losardo que siente que es momento de salirse.<\/p>\n<blockquote readability=\"9\">\n<p>\u00abHay funcionarios que no funcionan\u00bb, dijo Fern\u00e1ndez de Kirchner en octubre pasado, en una carta abierta que sorprendi\u00f3 hasta el mism\u00edsimo Presidente. En ese momento, todos miraron hacia Losardo.<\/p>\n<\/blockquote>\n<div class=\"block-ad-node\">\n<div>\n<p> <span>Publicidad<\/span> <\/p>\n<\/div>\n<\/div>\n<p>\u00bfQu\u00e9 le factura la vicepresidenta? Que no haya hecho lo suficiente para subordinar la Justicia al Gobierno, lo que abre un horizonte complejo en las causas judiciales en las que Cristina debe responder (sobre todo, en juicios orales).<\/p>\n<p>Algunos medios nacionales, como <a href=\"https:\/\/www.clarin.com\/politica\/debacle-losardo-adelanta-nuevo-ataque-cristina-justicia-oposicion_0_UxdOaK97-.html\" target=\"_blank\" rel=\"noopener\">Clar\u00edn<\/a> y La Naci\u00f3n, aseguran que Losardo ya tom\u00f3 la decisi\u00f3n de irse. Es m\u00e1s, aparece ya un nombre para reemplazarla: Mart\u00edn Soria, diputado nacional por R\u00edo Negro.<\/p>\n<p>Otros, como <a href=\"https:\/\/www.infobae.com\/politica\/2021\/03\/07\/alberto-fernandez-mantiene-a-losardo-como-ministra-de-justicia-pese-a-la-ofensiva-politica-del-kirchnerismo-duro\/\" target=\"_blank\" rel=\"noopener\">Infobae<\/a>, afirman que Alberto Fern\u00e1ndez la mantendr\u00e1 en su cargo.&nbsp;<\/p>\n<p>Mientras que el oficialista <a href=\"https:\/\/www.pagina12.com.ar\/327946-la-continuidad-de-losardo-en-duda\" target=\"_blank\" rel=\"noopener\">P\u00e1gina\/12<\/a> dice que en el entorno de Losardo \u00abnadie desmiente las versiones\u00bb de la salida.<\/p>\n<p class=\"SubTitulo\"><strong>Losardo<\/strong><\/p>\n<div class=\"block-ad-node\">\n<div>\n<p> <span>Publicidad<\/span> <\/p>\n<\/div>\n<\/div>\n<p>Uno de los cortocircuitos de la semana, que desat\u00f3 m\u00e1s a Losardo, fue la creaci\u00f3n de la \u00abcomisi\u00f3n bicameral\u00bb, propuesta por Fern\u00e1ndez.<\/p>\n<p>D\u00edas despu\u00e9s, fue la propia Losardo la que sali\u00f3 a aclarar (porque desde el kirchnerismo la hab\u00edan impulsado) que la eventual conformaci\u00f3n de una comisi\u00f3n parlamentaria para \u00abanalizar el funcionamiento\u00bb de la Justicia \u00abno va a arrogarse atribuciones de otros poderes\u00bb.<\/p>\n<p>La ministra de Justicia y Derechos Humanos indic\u00f3 que la eventual conformaci\u00f3n de una comisi\u00f3n en ese sentido \u00abno va a arrogarse atribuciones de otros poderes, como las cuestiones disciplinarias\u00bb, por lo que \u00abno podr\u00e1 sancionar\u00bb a los magistrados, ya que esa acci\u00f3n \u00abno es constitucional\u00bb.<\/p>\n<div class=\"block-ad-node\">\n<div>\n<p> <span>Publicidad<\/span> <\/p>\n<\/div>\n<\/div>\n<p>De esta manera, la funcionaria sali\u00f3 al cruce de las cr\u00edticas opositoras y de parte de la corporaci\u00f3n judicial a la idea de conformar una comisi\u00f3n bicameral que ejerza un \u00abcontrol cruzado\u00bb sobre el Poder Judicial, un pedido que hizo el presidente Alberto Fern\u00e1ndez en su mensaje ante la Asamblea Legislativa, el lunes pasado, al dejar inaugurado el 139 per\u00edodo de sesiones ordinarias.<\/p>\n<p>\u00abLo que har\u00e1 la bicameral ser\u00e1 estudiar el funcionamiento del Poder Judicial, hacer propuestas y citar a audiencias p\u00fablicas\u00bb,dijo la ministra Losardo en di\u00e1logo con El Destape Radio.<\/p>\n<p>Adem\u00e1s, sostuvo que lo que el presidente Alberto Fern\u00e1ndez plante\u00f3 en su discurso ante la Asamblea Legislativa del \u00faltimo lunes fue que \u00abel Congreso asuma el rol cruzado de control del Poder Judicial que prev\u00e9 la Constituci\u00f3n\u00bb, es decir, \u00abque el Congreso cumpla con un rol que ya tiene\u00bb.<\/p>\n<p>\u00abLa bicameral ser\u00e1 un \u00f3rgano de asesoramiento no permanente para un asunto determinado\u00bb, detall\u00f3 la funcionaria<\/p>\n<div class=\"ctaNewsNotaContainer\" readability=\"6.5\">\n<div class=\"newsletterTextContainer\" readability=\"33\">\n<p> S\u00cdNTESIS POL\u00cdTICA<\/p>\n<p> Informaci\u00f3n exclusiva y el mejor an\u00e1lisis, los lunes en tu correo.<\/p>\n<form method=\"post\" action-xhr=\"https:\/\/www.lavoz.com.ar\/newsletters\/sintesis-politica\/signup\" id=\"newsletter-signup\" class=\"newsletterForm\" target=\"_blank\" custom-validation-reporting=\"as-you-go\" on=\"submit:AMP.setState({formLoading:true});submit-success:AMP.setState({formSuccess:true})\">\n<div submit-success class=\"is-paddingless-l\" readability=\"6\"> <template type=\"amp-mustache\" readability=\"2\"><\/p>\n<p> <strong>\u00a1Gracias por suscribirte!<\/strong><\/p>\n<p> <\/template><\/div>\n<div submit-error class=\"is-paddingless-l\" readability=\"6.5\"> <template type=\"amp-mustache\" readability=\"3\"><\/p>\n<p> <strong>Ha ocurrido un error, por favor intente nuevamente m\u00e1s tarde.<\/strong><\/p>\n<p> <\/template><\/div>\n<\/form>\n<\/div>\n<\/div>\n<div>\n<p> <span>Publicidad<\/span> <\/p>\n<\/div>\n","protected":false},"excerpt":{"rendered":"<p>Si hay una persona clave para Alberto Fern\u00e1ndez en el Gabinete nacional esa es Marcela Losardo. La ministra de Justicia es amiga personal del Presidente, producto de a\u00f1os de amistad y trabajo juntos en la abogac\u00eda. Losardo fue una de las primeras personas en ser confirmadas, all\u00e1 por diciembre de 2019, en el equipo de [&hellip;]<\/p>\n","protected":false},"author":1,"featured_media":1802,"comment_status":"closed","ping_status":"closed","sticky":false,"template":"","format":"standard","meta":[],"categories":[12],"tags":[],"_links":{"self":[{"href":"http:\/\/nuevacordoba.net\/index.php\/wp-json\/wp\/v2\/posts\/1801"}],"collection":[{"href":"http:\/\/nuevacordoba.net\/index.php\/wp-json\/wp\/v2\/posts"}],"about":[{"href":"http:\/\/nuevacordoba.net\/index.php\/wp-json\/wp\/v2\/types\/post"}],"author":[{"embeddable":true,"href":"http:\/\/nuevacordoba.net\/index.php\/wp-json\/wp\/v2\/users\/1"}],"replies":[{"embeddable":true,"href":"http:\/\/nuevacordoba.net\/index.php\/wp-json\/wp\/v2\/comments?post=1801"}],"version-history":[{"count":0,"href":"http:\/\/nuevacordoba.net\/index.php\/wp-json\/wp\/v2\/posts\/1801\/revisions"}],"wp:featuredmedia":[{"embeddable":true,"href":"http:\/\/nuevacordoba.net\/index.php\/wp-json\/wp\/v2\/media\/1802"}],"wp:attachment":[{"href":"http:\/\/nuevacordoba.net\/index.php\/wp-json\/wp\/v2\/media?parent=1801"}],"wp:term":[{"taxonomy":"category","embeddable":true,"href":"http:\/\/nuevacordoba.net\/index.php\/wp-json\/wp\/v2\/categories?post=1801"},{"taxonomy":"post_tag","embeddable":true,"href":"http:\/\/nuevacordoba.net\/index.php\/wp-json\/wp\/v2\/tags?post=1801"}],"curies":[{"name":"wp","href":"https:\/\/api.w.org\/{rel}","templated":true}]}}