{"id":18020,"date":"2022-03-31T12:50:33","date_gmt":"2022-03-31T12:50:33","guid":{"rendered":"http:\/\/cordobanewsnet.wordpress.com\/?p=6730"},"modified":"2022-03-31T12:50:33","modified_gmt":"2022-03-31T12:50:33","slug":"hay-siete-cuadras-de-acampe-en-avenida-chacabuco-por-reclamo-del-polo-obrero","status":"publish","type":"post","link":"http:\/\/nuevacordoba.net\/index.php\/2022\/03\/31\/hay-siete-cuadras-de-acampe-en-avenida-chacabuco-por-reclamo-del-polo-obrero\/","title":{"rendered":"Hay siete cuadras de acampe en avenida Chacabuco por reclamo del Polo Obrero"},"content":{"rendered":"<p>El Polo Obrero se moviliz\u00f3 este mi\u00e9rcoles desde Col\u00f3n y General Paz hacia Chacabuco al 300, entre Illia y Corrientes, frente al Ministerio de Desarrollo Social de la Naci\u00f3n, en reclamo de \u00abtrabajo genuino\u00bb y all\u00ed realizan un acampe hasta este viernes.<\/p>\n<p>Emanuel Berardo, representante del Polo Obrero, dijo a&nbsp;<strong>Cadena 3<\/strong>&nbsp;que hace seis meses presentaron un proyecto para generar un mill\u00f3n de puestos de trabajo, ya sea en obra p\u00fablica o cuidado de personas, entre otras actividades, y asegur\u00f3 que \u00abel Gobierno no dio ninguna respuesta\u00bb.<\/p>\n<p>\u00abSalieron a decir que se hab\u00eda llegado a un entendimiento, lo cual es falso. Por eso, vamos a hacer un acampe por 48 horas\u00bb, manifest\u00f3.<\/p>\n<p>Emanuel Berardo, del Polo Obrero, declar\u00f3 a&nbsp;<strong>Cadena 3<\/strong>: \u201cEstamos reclamando trabajo genuino. El ministro de Trabajo de C\u00f3rdoba minti\u00f3 diciendo que se hab\u00eda solucionado nuestro problema y eso es falso. Por eso estamos marchando nuevamente\u00bb.<\/p>\n<p>\u201cMarchamos para que cada habitante tenga trabajo genuino y que el Estado asista a las personas que no tienen nada para comer\u201d, dijo Berardo.<\/p>\n<figure class=\"wp-block-image size-large\"><img data-attachment-id=\"6733\" data-permalink=\"https:\/\/cordobanewsnet.wordpress.com\/2022\/03\/31\/hay-siete-cuadras-de-acampe-en-avenida-chacabuco-por-reclamo-del-polo-obrero\/c734523e-0474-4476-9c6b-db2b6c0e1480\/\" data-orig-file=\"http:\/\/nuevacordoba.net\/wp-content\/uploads\/2022\/03\/hay-siete-cuadras-de-acampe-en-avenida-chacabuco-por-reclamo-del-polo-obrero-4.png\" data-orig-size=\"803,1078\" data-comments-opened=\"1\" data-image-meta=\"{&quot;aperture&quot;:&quot;0&quot;,&quot;credit&quot;:&quot;&quot;,&quot;camera&quot;:&quot;&quot;,&quot;caption&quot;:&quot;&quot;,&quot;created_timestamp&quot;:&quot;0&quot;,&quot;copyright&quot;:&quot;&quot;,&quot;focal_length&quot;:&quot;0&quot;,&quot;iso&quot;:&quot;0&quot;,&quot;shutter_speed&quot;:&quot;0&quot;,&quot;title&quot;:&quot;&quot;,&quot;orientation&quot;:&quot;0&quot;}\" data-image-title=\"C734523E-0474-4476-9C6B-DB2B6C0E1480\" data-image-description data-image-caption data-medium-file=\"http:\/\/nuevacordoba.net\/wp-content\/uploads\/2022\/03\/hay-siete-cuadras-de-acampe-en-avenida-chacabuco-por-reclamo-del-polo-obrero-2.png\" data-large-file=\"http:\/\/nuevacordoba.net\/wp-content\/uploads\/2022\/03\/hay-siete-cuadras-de-acampe-en-avenida-chacabuco-por-reclamo-del-polo-obrero-4.png?w=736\" src=\"http:\/\/nuevacordoba.net\/wp-content\/uploads\/2022\/03\/hay-siete-cuadras-de-acampe-en-avenida-chacabuco-por-reclamo-del-polo-obrero.png\" alt class=\"wp-image-6733\" srcset=\"http:\/\/nuevacordoba.net\/wp-content\/uploads\/2022\/03\/hay-siete-cuadras-de-acampe-en-avenida-chacabuco-por-reclamo-del-polo-obrero.png 763w, http:\/\/nuevacordoba.net\/wp-content\/uploads\/2022\/03\/hay-siete-cuadras-de-acampe-en-avenida-chacabuco-por-reclamo-del-polo-obrero-1.png 112w, http:\/\/nuevacordoba.net\/wp-content\/uploads\/2022\/03\/hay-siete-cuadras-de-acampe-en-avenida-chacabuco-por-reclamo-del-polo-obrero-2.png 223w, http:\/\/nuevacordoba.net\/wp-content\/uploads\/2022\/03\/hay-siete-cuadras-de-acampe-en-avenida-chacabuco-por-reclamo-del-polo-obrero-3.png 768w, http:\/\/nuevacordoba.net\/wp-content\/uploads\/2022\/03\/hay-siete-cuadras-de-acampe-en-avenida-chacabuco-por-reclamo-del-polo-obrero-4.png 803w\" sizes=\"(max-width: 763px) 100vw, 763px\"><\/figure>\n<div id=\"jp-post-flair\" class=\"sharedaddy sd-like-enabled sd-sharing-enabled\">\n<div class=\"sharedaddy sd-sharing-enabled\">\n<div class=\"robots-nocontent sd-block sd-social sd-social-icon-text sd-sharing\">\n<h3 class=\"sd-title\">Share this:<\/h3>\n<\/div>\n<\/div>\n<div class=\"sharedaddy sd-block sd-like jetpack-likes-widget-wrapper jetpack-likes-widget-unloaded\" id=\"like-post-wrapper-143108178-6730-6245f6dc2c965\" data-src=\"\/\/widgets.wp.com\/likes\/index.html?ver=20220105#blog_id=143108178&amp;post_id=6730&amp;origin=cordobanewsnet.wordpress.com&amp;obj_id=143108178-6730-6245f6dc2c965\" data-name=\"like-post-frame-143108178-6730-6245f6dc2c965\" data-title=\"Me gusta o Compartir\">\n<h3 class=\"sd-title\">Me gusta esto:<\/h3>\n<p><span class=\"button\"><span>Me gusta<\/span><\/span> <span class=\"loading\">Cargando&#8230;<\/span><\/p>\n<p><span class=\"sd-text-color\"><\/span><\/div>\n<p><h3 class=\"jp-relatedposts-headline\"><em>Relacionado<\/em><\/h3>\n<\/p>\n<\/div>\n","protected":false},"excerpt":{"rendered":"<p>El Polo Obrero se moviliz\u00f3 este mi\u00e9rcoles desde Col\u00f3n y General Paz hacia Chacabuco al 300, entre Illia y Corrientes, frente al Ministerio de Desarrollo Social de la Naci\u00f3n, en reclamo de \u00abtrabajo genuino\u00bb y all\u00ed realizan un acampe hasta este viernes. Emanuel Berardo, representante del Polo Obrero, dijo a&nbsp;Cadena 3&nbsp;que hace seis meses presentaron [&hellip;]<\/p>\n","protected":false},"author":1,"featured_media":18021,"comment_status":"closed","ping_status":"closed","sticky":false,"template":"","format":"standard","meta":[],"categories":[14],"tags":[],"_links":{"self":[{"href":"http:\/\/nuevacordoba.net\/index.php\/wp-json\/wp\/v2\/posts\/18020"}],"collection":[{"href":"http:\/\/nuevacordoba.net\/index.php\/wp-json\/wp\/v2\/posts"}],"about":[{"href":"http:\/\/nuevacordoba.net\/index.php\/wp-json\/wp\/v2\/types\/post"}],"author":[{"embeddable":true,"href":"http:\/\/nuevacordoba.net\/index.php\/wp-json\/wp\/v2\/users\/1"}],"replies":[{"embeddable":true,"href":"http:\/\/nuevacordoba.net\/index.php\/wp-json\/wp\/v2\/comments?post=18020"}],"version-history":[{"count":0,"href":"http:\/\/nuevacordoba.net\/index.php\/wp-json\/wp\/v2\/posts\/18020\/revisions"}],"wp:featuredmedia":[{"embeddable":true,"href":"http:\/\/nuevacordoba.net\/index.php\/wp-json\/wp\/v2\/media\/18021"}],"wp:attachment":[{"href":"http:\/\/nuevacordoba.net\/index.php\/wp-json\/wp\/v2\/media?parent=18020"}],"wp:term":[{"taxonomy":"category","embeddable":true,"href":"http:\/\/nuevacordoba.net\/index.php\/wp-json\/wp\/v2\/categories?post=18020"},{"taxonomy":"post_tag","embeddable":true,"href":"http:\/\/nuevacordoba.net\/index.php\/wp-json\/wp\/v2\/tags?post=18020"}],"curies":[{"name":"wp","href":"https:\/\/api.w.org\/{rel}","templated":true}]}}