{"id":18031,"date":"2022-03-31T22:15:10","date_gmt":"2022-03-31T22:15:10","guid":{"rendered":"http:\/\/nuevacordoba.net\/index.php\/2022\/03\/31\/dario-volonte-cantara-en-homenaje-a-los-soldados-de-malvinas-en-el-programa-jam-session\/"},"modified":"2022-03-31T22:15:10","modified_gmt":"2022-03-31T22:15:10","slug":"dario-volonte-cantara-en-homenaje-a-los-soldados-de-malvinas-en-el-programa-jam-session","status":"publish","type":"post","link":"http:\/\/nuevacordoba.net\/index.php\/2022\/03\/31\/dario-volonte-cantara-en-homenaje-a-los-soldados-de-malvinas-en-el-programa-jam-session\/","title":{"rendered":"Dar\u00edo Volont\u00e9 cantar\u00e1 en homenaje a los soldados de Malvinas en el programa \u00abJam Session\u00bb"},"content":{"rendered":"<figure class=\"mb-3\"><img loading=\"lazy\" src=\"http:\/\/nuevacordoba.net\/wp-content\/uploads\/2022\/03\/dario-volonte-cantara-en-homenaje-a-los-soldados-de-malvinas-en-el-programa-jam-session.jpg\" width=\"100%\" height=\"100%\" alt=\"Dario Volont cantante lrico y sobreviviente del ARA General Belgrano\"><figcaption> Dario Volont\u00e9, cantante l\u00edrico y sobreviviente del ARA General Belgrano. <\/figcaption><\/figure>\n<p>El tenor l\u00edrico <strong>Dar\u00edo Volont\u00e9<\/strong>, de fama mundial y sobreviviente del hundimiento del Crucero ARA General Belgrano durante la Guerra de Malvinas, homenajear\u00e1 a sus compa\u00f1eros ca\u00eddos en <strong>\u201cJam Session\u201d<\/strong>, que conduce <strong>Diego Mizrahi<\/strong>, el domingo 3 a las 20 por el Canal de la Ciudad.<\/p>\n<p>El programa se repetir\u00e1 el lunes 4 de abril, a las 6 de la ma\u00f1ana y el s\u00e1bado 9, a las 12.<\/p>\n<figure class=\"mb-3\"><img loading=\"lazy\" src=\"http:\/\/nuevacordoba.net\/wp-content\/uploads\/2022\/03\/dario-volonte-cantara-en-homenaje-a-los-soldados-de-malvinas-en-el-programa-jam-session-1.jpg\" width=\"100%\" height=\"100%\" alt=\"Volont con Diego Mizrahi en el ciclo del Canal de la Ciudad\"><figcaption> Volont\u00e9 con Diego Mizrahi en el ciclo del Canal de la Ciudad. <\/figcaption><\/figure>\n<p>Mizrahi, guitarrista, conductor y productor, comienza una nueva temporada al frente de su ciclo con un enfoque amplio e invitados que abarcan el amplio espectro del mundo del espect\u00e1culo y el entretenimiento.<\/p>\n<p>A ellos suma una secci\u00f3n de ping-pong de preguntas y respuestas sobre cultura general y tambi\u00e9n contar\u00e1 con los exteriores a cargo de la cronista <strong>Florencia Mizrahi <\/strong>con renovados juegos y pasatiempos callejeros con los memes del momento.<\/p>\n","protected":false},"excerpt":{"rendered":"<p>Dario Volont\u00e9, cantante l\u00edrico y sobreviviente del ARA General Belgrano. El tenor l\u00edrico Dar\u00edo Volont\u00e9, de fama mundial y sobreviviente del hundimiento del Crucero ARA General Belgrano durante la Guerra de Malvinas, homenajear\u00e1 a sus compa\u00f1eros ca\u00eddos en \u201cJam Session\u201d, que conduce Diego Mizrahi, el domingo 3 a las 20 por el Canal de la [&hellip;]<\/p>\n","protected":false},"author":1,"featured_media":18032,"comment_status":"closed","ping_status":"closed","sticky":false,"template":"","format":"standard","meta":[],"categories":[9],"tags":[],"_links":{"self":[{"href":"http:\/\/nuevacordoba.net\/index.php\/wp-json\/wp\/v2\/posts\/18031"}],"collection":[{"href":"http:\/\/nuevacordoba.net\/index.php\/wp-json\/wp\/v2\/posts"}],"about":[{"href":"http:\/\/nuevacordoba.net\/index.php\/wp-json\/wp\/v2\/types\/post"}],"author":[{"embeddable":true,"href":"http:\/\/nuevacordoba.net\/index.php\/wp-json\/wp\/v2\/users\/1"}],"replies":[{"embeddable":true,"href":"http:\/\/nuevacordoba.net\/index.php\/wp-json\/wp\/v2\/comments?post=18031"}],"version-history":[{"count":0,"href":"http:\/\/nuevacordoba.net\/index.php\/wp-json\/wp\/v2\/posts\/18031\/revisions"}],"wp:featuredmedia":[{"embeddable":true,"href":"http:\/\/nuevacordoba.net\/index.php\/wp-json\/wp\/v2\/media\/18032"}],"wp:attachment":[{"href":"http:\/\/nuevacordoba.net\/index.php\/wp-json\/wp\/v2\/media?parent=18031"}],"wp:term":[{"taxonomy":"category","embeddable":true,"href":"http:\/\/nuevacordoba.net\/index.php\/wp-json\/wp\/v2\/categories?post=18031"},{"taxonomy":"post_tag","embeddable":true,"href":"http:\/\/nuevacordoba.net\/index.php\/wp-json\/wp\/v2\/tags?post=18031"}],"curies":[{"name":"wp","href":"https:\/\/api.w.org\/{rel}","templated":true}]}}