{"id":18033,"date":"2022-04-01T00:15:17","date_gmt":"2022-04-01T00:15:17","guid":{"rendered":"https:\/\/www.bbc.com\/mundo\/noticias-america-latina-60949845"},"modified":"2022-04-01T00:15:17","modified_gmt":"2022-04-01T00:15:17","slug":"bukele-contra-las-maras-5-claves-para-entender-la-ofensiva-sin-precedentes-del-gobierno-de-el-salvador-contra-las-pandillas","status":"publish","type":"post","link":"http:\/\/nuevacordoba.net\/index.php\/2022\/04\/01\/bukele-contra-las-maras-5-claves-para-entender-la-ofensiva-sin-precedentes-del-gobierno-de-el-salvador-contra-las-pandillas\/","title":{"rendered":"Bukele contra las maras: 5 claves para entender la ofensiva sin precedentes del gobierno de El Salvador contra las pandillas"},"content":{"rendered":"<div dir=\"ltr\" class=\"e1j2237y5 bbc-q4ibpr e57qer20\">\n<div class=\"bbc-1atl7vu e1c9i7u14\">\n<ul role=\"list\" class=\"bbc-k0l9bd e1c9i7u12\">\n<li role=\"listitem\" class=\"bbc-1a3w4ok e1c9i7u11\">Redacci\u00f3n <\/li>\n<li role=\"listitem\" class=\"bbc-1p92jtu e1c9i7u10\">BBC News Mundo<\/li>\n<\/ul>\n<\/div>\n<\/div>\n<p><time datetime=\"2022-03-31\" class=\"bbc-14xtggo e4zesg50\">45 minutos<\/time><\/p>\n<div dir=\"ltr\" class=\"bbc-1ka88fa e57qer20\">\n<figure class=\"bbc-1qdcvv9 e6bmn90\">\n<div dir=\"ltr\" class=\"bbc-172p16q e57qer20\">\n<div dir=\"ltr\" class=\"bbc-189y18v e57qer20\" readability=\"6.5\">\n<div data-e2e=\"image-placeholder\" class=\"bbc-997y1y e1whu0\" readability=\"8\"><picture class=\"bbc-yfiktt e1enwo3v1\"><source srcset=\"https:\/\/ichef.bbci.co.uk\/news\/240\/cpsprodpb\/03E4\/production\/_123969900_maras.jpg.webp 240w, https:\/\/ichef.bbci.co.uk\/news\/320\/cpsprodpb\/03E4\/production\/_123969900_maras.jpg.webp 320w, https:\/\/ichef.bbci.co.uk\/news\/480\/cpsprodpb\/03E4\/production\/_123969900_maras.jpg.webp 480w, https:\/\/ichef.bbci.co.uk\/news\/624\/cpsprodpb\/03E4\/production\/_123969900_maras.jpg.webp 624w, https:\/\/ichef.bbci.co.uk\/news\/800\/cpsprodpb\/03E4\/production\/_123969900_maras.jpg.webp 800w\" type=\"image\/webp\" sizes=\"(min-width: 1008px) 645px, 100vw\"><source srcset=\"https:\/\/ichef.bbci.co.uk\/news\/240\/cpsprodpb\/03E4\/production\/_123969900_maras.jpg 240w, https:\/\/ichef.bbci.co.uk\/news\/320\/cpsprodpb\/03E4\/production\/_123969900_maras.jpg 320w, https:\/\/ichef.bbci.co.uk\/news\/480\/cpsprodpb\/03E4\/production\/_123969900_maras.jpg 480w, https:\/\/ichef.bbci.co.uk\/news\/624\/cpsprodpb\/03E4\/production\/_123969900_maras.jpg 624w, https:\/\/ichef.bbci.co.uk\/news\/800\/cpsprodpb\/03E4\/production\/_123969900_maras.jpg 800w\" type=\"image\/jpeg\" sizes=\"(min-width: 1008px) 645px, 100vw\"><img loading=\"lazy\" src=\"http:\/\/nuevacordoba.net\/wp-content\/uploads\/2022\/04\/bukele-contra-las-maras-5-claves-para-entender-la-ofensiva-sin-precedentes-del-gobierno-de-el-salvador-contra-las-pandillas.jpg\" alt=\"Supuestos pandilleros detenidos.\" width=\"976\" height=\"549\" class=\"eehpdyc0 bbc-rb7xa0 e1enwo3v0\"><\/picture>\n<p role=\"text\" class=\"bbc-1s1cxbv etq3yw90\"><span class=\"bbc-1gnhmg2 e1yt7oin0\">Fuente de la imagen, <\/span><span lang=\"en-GB\">Getty Images<\/span><\/p>\n<\/div>\n<\/div>\n<\/div>\n<\/figure>\n<\/div>\n<div dir=\"ltr\" class=\"bbc-19j92fr e57qer20\" readability=\"7\">\n<p dir=\"ltr\" class=\"bbc-bm53ic e1cc2ql70\"><b>La fr\u00e1gil tregua de las pandillas en El Salvador ha terminado.<\/b><\/p>\n<\/div>\n<div dir=\"ltr\" class=\"bbc-19j92fr e57qer20\" readability=\"9\">\n<p dir=\"ltr\" class=\"bbc-bm53ic e1cc2ql70\">Tras meses de relativa calma y con niveles de violencia en las calles reducidos, los asesinatos alcanzaron otra vez niveles no vistos en casi 30 a\u00f1os en el pa\u00eds centroamericano. <\/p>\n<\/div>\n<div dir=\"ltr\" class=\"bbc-19j92fr e57qer20\" readability=\"11\">\n<p dir=\"ltr\" class=\"bbc-bm53ic e1cc2ql70\">Como resultado, la Asamblea legislativa -de mayor\u00eda oficialista- aprob\u00f3 el mi\u00e9rcoles una nueva solicitud del Ejecutivo para combatir a las llamadas maras, orientada a reformar el c\u00f3digo penal para endurecer las condenas contra los pandilleros.<\/p>\n<\/div>\n<div dir=\"ltr\" class=\"bbc-19j92fr e57qer20\" readability=\"10\">\n<p dir=\"ltr\" class=\"bbc-bm53ic e1cc2ql70\">La medida tiene lugar luego de que el gobierno de <b>Nayib Bukele<\/b> pidiera el domingo a la Asamblea que declarara el estado de excepci\u00f3n en el pa\u00eds, luego de que se reportaran m\u00e1s de 80 asesinatos durrante el fin de semana. <\/p>\n<\/div>\n<div dir=\"ltr\" class=\"bbc-19j92fr e57qer20\" readability=\"12\">\n<p dir=\"ltr\" class=\"bbc-bm53ic e1cc2ql70\">Las normativas, que se implementar\u00e1n en principio por un mes -aunque puede ser extendido-, incluyen la suspensi\u00f3n de la libertad de asociaci\u00f3n, del derecho de defensa y de la inviolabilidad de la correspondencia.<\/p>\n<\/div>\n<div dir=\"ltr\" class=\"bbc-19j92fr e57qer20\" readability=\"12\">\n<p dir=\"ltr\" class=\"bbc-bm53ic e1cc2ql70\">Ahora, con la reforma aprobada el mi\u00e9rcoles, los miembros de las maras o pandillas podr\u00e1n ser sancionados con penas de 20 a 40 a\u00f1os de prisi\u00f3n, mientras los l\u00edderes de estos grupos podr\u00e1n recibir entre 40 y 45 a\u00f1os de c\u00e1rcel.<\/p>\n<\/div>\n<div dir=\"ltr\" class=\"bbc-1ka88fa e57qer20\">\n<figure class=\"bbc-1qdcvv9 e6bmn90\">\n<div dir=\"ltr\" class=\"bbc-172p16q e57qer20\">\n<div dir=\"ltr\" class=\"bbc-189y18v e57qer20\" readability=\"6.5\">\n<div data-e2e=\"image-placeholder\" class=\"bbc-997y1y e1whu0\" readability=\"8\"><noscript><picture class=\"bbc-yfiktt e1enwo3v1\"><source srcset=\"http:\/\/nuevacordoba.net\/wp-content\/uploads\/2022\/04\/bukele-contra-las-maras-5-claves-para-entender-la-ofensiva-sin-precedentes-del-gobierno-de-el-salvador-contra-las-pandillas.webp 240w, http:\/\/nuevacordoba.net\/wp-content\/uploads\/2022\/04\/bukele-contra-las-maras-5-claves-para-entender-la-ofensiva-sin-precedentes-del-gobierno-de-el-salvador-contra-las-pandillas-1.webp 320w, http:\/\/nuevacordoba.net\/wp-content\/uploads\/2022\/04\/bukele-contra-las-maras-5-claves-para-entender-la-ofensiva-sin-precedentes-del-gobierno-de-el-salvador-contra-las-pandillas-2.webp 480w, http:\/\/nuevacordoba.net\/wp-content\/uploads\/2022\/04\/bukele-contra-las-maras-5-claves-para-entender-la-ofensiva-sin-precedentes-del-gobierno-de-el-salvador-contra-las-pandillas-3.webp 624w, http:\/\/nuevacordoba.net\/wp-content\/uploads\/2022\/04\/bukele-contra-las-maras-5-claves-para-entender-la-ofensiva-sin-precedentes-del-gobierno-de-el-salvador-contra-las-pandillas-4.webp 800w\" type=\"image\/webp\" sizes=\"(min-width: 1008px) 645px, 100vw\"><source srcset=\"https:\/\/ichef.bbci.co.uk\/news\/240\/cpsprodpb\/4264\/production\/_123969961_gettyimages-1239591523.jpg 240w, https:\/\/ichef.bbci.co.uk\/news\/320\/cpsprodpb\/4264\/production\/_123969961_gettyimages-1239591523.jpg 320w, https:\/\/ichef.bbci.co.uk\/news\/480\/cpsprodpb\/4264\/production\/_123969961_gettyimages-1239591523.jpg 480w, https:\/\/ichef.bbci.co.uk\/news\/624\/cpsprodpb\/4264\/production\/_123969961_gettyimages-1239591523.jpg 624w, https:\/\/ichef.bbci.co.uk\/news\/800\/cpsprodpb\/4264\/production\/_123969961_gettyimages-1239591523.jpg 800w\" type=\"image\/jpeg\" sizes=\"(min-width: 1008px) 645px, 100vw\"><img loading=\"lazy\" src=\"http:\/\/nuevacordoba.net\/wp-content\/uploads\/2022\/04\/bukele-contra-las-maras-5-claves-para-entender-la-ofensiva-sin-precedentes-del-gobierno-de-el-salvador-contra-las-pandillas-1.jpg\" alt=\"el salvador\" width=\"976\" height=\"549\" class=\"eehpdyc0 bbc-rb7xa0 e1enwo3v0\"><\/picture><\/noscript><\/p>\n<p role=\"text\" class=\"bbc-1s1cxbv etq3yw90\"><span class=\"bbc-1gnhmg2 e1yt7oin0\">Fuente de la imagen, <\/span><span lang=\"en-GB\">Getty Images<\/span><\/p>\n<\/div>\n<\/div>\n<\/div>\n<\/figure>\n<\/div>\n<div dir=\"ltr\" class=\"bbc-19j92fr e57qer20\" readability=\"9\">\n<p dir=\"ltr\" class=\"bbc-bm53ic e1cc2ql70\">En uno de sus incisos m\u00e1s pol\u00e9micos, la reforma al c\u00f3digo penal incluye tambi\u00e9n <b>considerar como adultos <\/b><b>-y juzgarlos como tal- <\/b><b>a los pandilleros mayores de 12 a\u00f1os<\/b><b>.<\/b><\/p>\n<\/div>\n<div dir=\"ltr\" class=\"bbc-19j92fr e57qer20\" readability=\"7\">\n<p dir=\"ltr\" class=\"bbc-bm53ic e1cc2ql70\">Es la primera vez que el gobierno propone una pena espec\u00edfica para quienes considere pandilleros.<\/p>\n<\/div>\n<div dir=\"ltr\" class=\"bbc-19j92fr e57qer20\" readability=\"13\">\n<p dir=\"ltr\" class=\"bbc-bm53ic e1cc2ql70\">Previamente, en El Salvador se consideraba a los miembros de las bandas criminales como \u00abterroristas\u00bb y se les procesaba bajo esa figura, aunque de acuerdo con la prensa local, era complicado comprobar su participaci\u00f3n en esas agrupaciones y las sentencias variaban entre los seis y nueve a\u00f1os de prisi\u00f3n. <\/p>\n<\/div>\n<div dir=\"ltr\" class=\"bbc-19j92fr e57qer20\" readability=\"9\">\n<p dir=\"ltr\" class=\"bbc-bm53ic e1cc2ql70\">El aumento de la violencia de las pandillas en El Salvador tiene lugar luego de que durante gran parte de 2020 se redujeran a niveles hist\u00f3ricos los asesinatos en las calles del pa\u00eds centroamericano. <\/p>\n<\/div>\n<div dir=\"ltr\" class=\"bbc-19j92fr e57qer20\" readability=\"11\">\n<p dir=\"ltr\" class=\"bbc-bm53ic e1cc2ql70\">Varios medios, como el peri\u00f3dico digital <b>El Faro<\/b>, atribuyeron esta reducci\u00f3n a una tregua entre el gobierno de Bukele y las maras, algo que las autoridades negaron.<\/p>\n<\/div>\n<div dir=\"ltr\" class=\"bbc-19j92fr e57qer20\" readability=\"9\">\n<p dir=\"ltr\" class=\"bbc-bm53ic e1cc2ql70\">Sin embargo, EE.UU. sancion\u00f3 a dos miembros del Ejecutivo salvadore\u00f1o a finales del a\u00f1o pasado por \u00abnegociar en secreto\u00bb con el crimen organizado.<\/p>\n<\/div>\n<div dir=\"ltr\" class=\"bbc-19j92fr e57qer20\" readability=\"7\">\n<p dir=\"ltr\" class=\"bbc-bm53ic e1cc2ql70\">En BBC Mundo te explicamos en cinco claves la situaci\u00f3n en El Salvador.<\/p>\n<\/div>\n<div class=\"bbc-sffzb7 e8v25yx0\">\n<p><h2 id=\"1-Qu\u00e9-pas\u00f3-ahora\" tabindex=\"-1\" class=\"bbc-l3e97o e14hemmw0\">1. \u00bfQu\u00e9 pas\u00f3 ahora?<\/h2>\n<\/p>\n<\/div>\n<div dir=\"ltr\" class=\"bbc-19j92fr e57qer20\" readability=\"9\">\n<p dir=\"ltr\" class=\"bbc-bm53ic e1cc2ql70\">El pasado fin de semana, El Salvador vivi\u00f3 alguna de sus jornadas m\u00e1s violentas desde el fin de la guerra civil hace 30 a\u00f1os. <\/p>\n<\/div>\n<div dir=\"ltr\" class=\"bbc-19j92fr e57qer20\" readability=\"9\">\n<p dir=\"ltr\" class=\"bbc-bm53ic e1cc2ql70\">El viernes se reportaron al menos 14 homicidios y el s\u00e1bado, se sumaron otros 62 en lo que constituy\u00f3 el d\u00eda con m\u00e1s asesinatos en lo que va de siglo.<\/p>\n<\/div>\n<div dir=\"ltr\" class=\"bbc-19j92fr e57qer20\" readability=\"9\">\n<p dir=\"ltr\" class=\"bbc-bm53ic e1cc2ql70\">En total, 87 personas murieron durante el fin de semana, seg\u00fan reportes de la polic\u00eda. <\/p>\n<\/div>\n<div dir=\"ltr\" class=\"bbc-1ka88fa e57qer20\">\n<figure class=\"bbc-1qdcvv9 e6bmn90\">\n<div dir=\"ltr\" class=\"bbc-172p16q e57qer20\">\n<div dir=\"ltr\" class=\"bbc-189y18v e57qer20\" readability=\"6.5\">\n<div data-e2e=\"image-placeholder\" class=\"bbc-997y1y e1whu0\" readability=\"8\"><noscript><picture class=\"bbc-yfiktt e1enwo3v1\"><source srcset=\"http:\/\/nuevacordoba.net\/wp-content\/uploads\/2022\/04\/bukele-contra-las-maras-5-claves-para-entender-la-ofensiva-sin-precedentes-del-gobierno-de-el-salvador-contra-las-pandillas-5.webp 240w, http:\/\/nuevacordoba.net\/wp-content\/uploads\/2022\/04\/bukele-contra-las-maras-5-claves-para-entender-la-ofensiva-sin-precedentes-del-gobierno-de-el-salvador-contra-las-pandillas-6.webp 320w, http:\/\/nuevacordoba.net\/wp-content\/uploads\/2022\/04\/bukele-contra-las-maras-5-claves-para-entender-la-ofensiva-sin-precedentes-del-gobierno-de-el-salvador-contra-las-pandillas-7.webp 480w, http:\/\/nuevacordoba.net\/wp-content\/uploads\/2022\/04\/bukele-contra-las-maras-5-claves-para-entender-la-ofensiva-sin-precedentes-del-gobierno-de-el-salvador-contra-las-pandillas-8.webp 624w, http:\/\/nuevacordoba.net\/wp-content\/uploads\/2022\/04\/bukele-contra-las-maras-5-claves-para-entender-la-ofensiva-sin-precedentes-del-gobierno-de-el-salvador-contra-las-pandillas-9.webp 800w\" type=\"image\/webp\" sizes=\"(min-width: 1008px) 645px, 100vw\"><source srcset=\"https:\/\/ichef.bbci.co.uk\/news\/240\/cpsprodpb\/D288\/production\/_123969835_gettyimages-1239588708.jpg 240w, https:\/\/ichef.bbci.co.uk\/news\/320\/cpsprodpb\/D288\/production\/_123969835_gettyimages-1239588708.jpg 320w, https:\/\/ichef.bbci.co.uk\/news\/480\/cpsprodpb\/D288\/production\/_123969835_gettyimages-1239588708.jpg 480w, https:\/\/ichef.bbci.co.uk\/news\/624\/cpsprodpb\/D288\/production\/_123969835_gettyimages-1239588708.jpg 624w, https:\/\/ichef.bbci.co.uk\/news\/800\/cpsprodpb\/D288\/production\/_123969835_gettyimages-1239588708.jpg 800w\" type=\"image\/jpeg\" sizes=\"(min-width: 1008px) 645px, 100vw\"><img loading=\"lazy\" src=\"http:\/\/nuevacordoba.net\/wp-content\/uploads\/2022\/04\/bukele-contra-las-maras-5-claves-para-entender-la-ofensiva-sin-precedentes-del-gobierno-de-el-salvador-contra-las-pandillas-2.jpg\" alt=\"pandillas\" width=\"976\" height=\"549\" class=\"eehpdyc0 bbc-rb7xa0 e1enwo3v0\"><\/picture><\/noscript><\/p>\n<p role=\"text\" class=\"bbc-1s1cxbv etq3yw90\"><span class=\"bbc-1gnhmg2 e1yt7oin0\">Fuente de la imagen, <\/span><span lang=\"en-GB\">Getty Images<\/span><\/p>\n<\/div>\n<\/div>\n<\/div>\n<\/figure>\n<\/div>\n<div dir=\"ltr\" class=\"bbc-19j92fr e57qer20\" readability=\"8\">\n<p dir=\"ltr\" class=\"bbc-bm53ic e1cc2ql70\">Las autoridades atribuyeron los asesinatos a bandas criminales y lanzaron una operaci\u00f3n a gran escala para detener a presuntos pandilleros. <\/p>\n<\/div>\n<div dir=\"ltr\" class=\"bbc-19j92fr e57qer20\" readability=\"10\">\n<p dir=\"ltr\" class=\"bbc-bm53ic e1cc2ql70\">La cifra m\u00e1s cercana a los 62 asesinatos del s\u00e1bado fue de 51 homicidios en un solo d\u00eda registrados en agosto de 2015, cuando el pa\u00eds vivi\u00f3 su a\u00f1o m\u00e1s mort\u00edfero tras el final de la guerra civil (1980-1992).<\/p>\n<\/div>\n<div dir=\"ltr\" class=\"bbc-19j92fr e57qer20\" readability=\"10\">\n<p dir=\"ltr\" class=\"bbc-bm53ic e1cc2ql70\">En 2021 la cifra de asesinatos se situ\u00f3 en 1.140, menor que la registrada el a\u00f1o anterior (1.341), y la m\u00e1s baja desde el final del conflicto armado. <\/p>\n<\/div>\n<p><h2 id=\"2-C\u00f3mo-reaccion\u00f3-el-gobierno-al-alza-de-asesinatos\" tabindex=\"-1\" class=\"bbc-l3e97o e14hemmw0\">2. \u00bfC\u00f3mo reaccion\u00f3 el gobierno al alza de asesinatos?<\/h2>\n<\/p>\n<div dir=\"ltr\" class=\"bbc-19j92fr e57qer20\" readability=\"8\">\n<p dir=\"ltr\" class=\"bbc-bm53ic e1cc2ql70\">Bukele lleg\u00f3 al poder en 2019 con la promesa de luchar contra el crimen organizado y reducir la tasa de homicidios.<\/p>\n<\/div>\n<div dir=\"ltr\" class=\"bbc-19j92fr e57qer20\" readability=\"9\">\n<p dir=\"ltr\" class=\"bbc-bm53ic e1cc2ql70\">Tras el r\u00e9cord de asesinatos del fin de semana, el gobierno reforz\u00f3 la seguridad en las calles y solicit\u00f3 al Congreso aprobar el estado de excepci\u00f3n.<\/p>\n<\/div>\n<div dir=\"ltr\" class=\"bbc-19j92fr e57qer20\" readability=\"15\">\n<p dir=\"ltr\" class=\"bbc-bm53ic e1cc2ql70\">El art\u00edculo 29 de la Constituci\u00f3n del pa\u00eds establece que dicho estado de emergencia puede ser declarado en \u00abcasos de guerra, invasi\u00f3n de territorio, rebeli\u00f3n, sedici\u00f3n, cat\u00e1strofe, epidemia y otras calamidades generales, o graves perturbaciones del orden p\u00fablico\u00bb.<\/p>\n<\/div>\n<div dir=\"ltr\" class=\"bbc-1ka88fa e57qer20\">\n<figure class=\"bbc-1qdcvv9 e6bmn90\">\n<div dir=\"ltr\" class=\"bbc-172p16q e57qer20\">\n<div dir=\"ltr\" class=\"bbc-189y18v e57qer20\" readability=\"6.5\">\n<div data-e2e=\"image-placeholder\" class=\"bbc-997y1y e1whu0\" readability=\"8\"><noscript><picture class=\"bbc-yfiktt e1enwo3v1\"><source srcset=\"http:\/\/nuevacordoba.net\/wp-content\/uploads\/2022\/04\/bukele-contra-las-maras-5-claves-para-entender-la-ofensiva-sin-precedentes-del-gobierno-de-el-salvador-contra-las-pandillas-10.webp 240w, http:\/\/nuevacordoba.net\/wp-content\/uploads\/2022\/04\/bukele-contra-las-maras-5-claves-para-entender-la-ofensiva-sin-precedentes-del-gobierno-de-el-salvador-contra-las-pandillas-11.webp 320w, http:\/\/nuevacordoba.net\/wp-content\/uploads\/2022\/04\/bukele-contra-las-maras-5-claves-para-entender-la-ofensiva-sin-precedentes-del-gobierno-de-el-salvador-contra-las-pandillas-12.webp 480w, http:\/\/nuevacordoba.net\/wp-content\/uploads\/2022\/04\/bukele-contra-las-maras-5-claves-para-entender-la-ofensiva-sin-precedentes-del-gobierno-de-el-salvador-contra-las-pandillas-13.webp 624w, http:\/\/nuevacordoba.net\/wp-content\/uploads\/2022\/04\/bukele-contra-las-maras-5-claves-para-entender-la-ofensiva-sin-precedentes-del-gobierno-de-el-salvador-contra-las-pandillas-14.webp 800w\" type=\"image\/webp\" sizes=\"(min-width: 1008px) 645px, 100vw\"><source srcset=\"https:\/\/ichef.bbci.co.uk\/news\/240\/cpsprodpb\/55EC\/production\/_123969912_gettyimages-1239592171.jpg 240w, https:\/\/ichef.bbci.co.uk\/news\/320\/cpsprodpb\/55EC\/production\/_123969912_gettyimages-1239592171.jpg 320w, https:\/\/ichef.bbci.co.uk\/news\/480\/cpsprodpb\/55EC\/production\/_123969912_gettyimages-1239592171.jpg 480w, https:\/\/ichef.bbci.co.uk\/news\/624\/cpsprodpb\/55EC\/production\/_123969912_gettyimages-1239592171.jpg 624w, https:\/\/ichef.bbci.co.uk\/news\/800\/cpsprodpb\/55EC\/production\/_123969912_gettyimages-1239592171.jpg 800w\" type=\"image\/jpeg\" sizes=\"(min-width: 1008px) 645px, 100vw\"><img loading=\"lazy\" src=\"http:\/\/nuevacordoba.net\/wp-content\/uploads\/2022\/04\/bukele-contra-las-maras-5-claves-para-entender-la-ofensiva-sin-precedentes-del-gobierno-de-el-salvador-contra-las-pandillas-3.jpg\" alt=\"pandillas\" width=\"976\" height=\"549\" class=\"eehpdyc0 bbc-rb7xa0 e1enwo3v0\"><\/picture><\/noscript><\/p>\n<p role=\"text\" class=\"bbc-1s1cxbv etq3yw90\"><span class=\"bbc-1gnhmg2 e1yt7oin0\">Fuente de la imagen, <\/span><span lang=\"en-GB\">Getty Images<\/span><\/p>\n<\/div>\n<\/div>\n<\/div>\n<\/figure>\n<\/div>\n<div dir=\"ltr\" class=\"bbc-19j92fr e57qer20\" readability=\"14\">\n<p dir=\"ltr\" class=\"bbc-bm53ic e1cc2ql70\">La medida, aprobada por la mayor\u00eda oficialista del Legislativo, limita la libertad de asociaci\u00f3n, suspende el derecho de ser informado de las razones de arresto, ampl\u00eda de 72 horas a 15 d\u00edas el plazo de detenci\u00f3n administrativa y permite a las autoridades intervenir los celulares de quienes consideren sospechosos.<\/p>\n<\/div>\n<div dir=\"ltr\" class=\"bbc-19j92fr e57qer20\" readability=\"8\">\n<p dir=\"ltr\" class=\"bbc-bm53ic e1cc2ql70\">Im\u00e1genes trasmitidas por televisoras locales muestran fuerzas de seguridad realizando patrullajes y operativos especiales en comunidades populosas del pa\u00eds. <\/p>\n<\/div>\n<div dir=\"ltr\" class=\"bbc-19j92fr e57qer20\" readability=\"10\">\n<p dir=\"ltr\" class=\"bbc-bm53ic e1cc2ql70\">De acuerdo con los reportes, soldados con fusiles M-16 han montado barricadas con p\u00faas en algunas calles y controlan las entradas y salidas de personas, que son sometidas a un minucioso registro. <\/p>\n<\/div>\n<div dir=\"ltr\" class=\"bbc-19j92fr e57qer20\" readability=\"8\">\n<p dir=\"ltr\" class=\"bbc-bm53ic e1cc2ql70\">En las redes sociales de El Salvador se han vuelto virales varias fotograf\u00edas de ni\u00f1os y mujeres que est\u00e1n siendo registrados por la polic\u00eda. <\/p>\n<\/div>\n<p><h2 id=\"3-C\u00f3mo-ha-evolucionado-la-situaci\u00f3n\" tabindex=\"-1\" class=\"bbc-l3e97o e14hemmw0\">3. \u00bfC\u00f3mo ha evolucionado la situaci\u00f3n?<\/h2>\n<\/p>\n<div dir=\"ltr\" class=\"bbc-19j92fr e57qer20\" readability=\"9\">\n<p dir=\"ltr\" class=\"bbc-bm53ic e1cc2ql70\">Seg\u00fan public\u00f3 el presidente Bukele en Twitter, las autoridades hab\u00edan capturado hasta el mi\u00e9rcoles a <b>m\u00e1s de 3.000 presuntos pandilleros. <\/b><\/p>\n<\/div>\n<div dir=\"ltr\" class=\"bbc-19j92fr e57qer20\" readability=\"9\">\n<p dir=\"ltr\" class=\"bbc-bm53ic e1cc2ql70\">\u00abEn solo cinco d\u00edas y con menos de 96 horas de r\u00e9gimen de excepci\u00f3n. Ninguno saldr\u00e1 libre. Seguimos\u00bb, escribi\u00f3 Bukele. <\/p>\n<\/div>\n<div dir=\"ltr\" class=\"bbc-19j92fr e57qer20\" readability=\"8\">\n<p dir=\"ltr\" class=\"bbc-bm53ic e1cc2ql70\">El mandatario anunci\u00f3 adem\u00e1s que hab\u00eda ordenado limitar la alimentaci\u00f3n y las salidas al patio de los pandilleros detenidos y que les hab\u00edan retirado las colchonetas para dormir. <\/p>\n<\/div>\n<div dir=\"ltr\" class=\"bbc-19j92fr e57qer20\" readability=\"10\">\n<p dir=\"ltr\" class=\"bbc-bm53ic e1cc2ql70\">\u00abDesde el domingo, la comida es racionada y los 16.000 pandilleros encarcelados no han salido de sus celdas ni han visto el sol\u00bb, escribi\u00f3 el mandatario. <\/p>\n<\/div>\n<div dir=\"ltr\" class=\"bbc-1ka88fa e57qer20\">\n<figure class=\"bbc-1qdcvv9 e6bmn90\">\n<div dir=\"ltr\" class=\"bbc-172p16q e57qer20\">\n<div dir=\"ltr\" class=\"bbc-189y18v e57qer20\" readability=\"6.5\">\n<div data-e2e=\"image-placeholder\" class=\"bbc-997y1y e1whu0\" readability=\"8\"><noscript><picture class=\"bbc-yfiktt e1enwo3v1\"><source srcset=\"http:\/\/nuevacordoba.net\/wp-content\/uploads\/2022\/04\/bukele-contra-las-maras-5-claves-para-entender-la-ofensiva-sin-precedentes-del-gobierno-de-el-salvador-contra-las-pandillas-15.webp 240w, http:\/\/nuevacordoba.net\/wp-content\/uploads\/2022\/04\/bukele-contra-las-maras-5-claves-para-entender-la-ofensiva-sin-precedentes-del-gobierno-de-el-salvador-contra-las-pandillas-16.webp 320w, http:\/\/nuevacordoba.net\/wp-content\/uploads\/2022\/04\/bukele-contra-las-maras-5-claves-para-entender-la-ofensiva-sin-precedentes-del-gobierno-de-el-salvador-contra-las-pandillas-17.webp 480w, http:\/\/nuevacordoba.net\/wp-content\/uploads\/2022\/04\/bukele-contra-las-maras-5-claves-para-entender-la-ofensiva-sin-precedentes-del-gobierno-de-el-salvador-contra-las-pandillas-18.webp 624w, http:\/\/nuevacordoba.net\/wp-content\/uploads\/2022\/04\/bukele-contra-las-maras-5-claves-para-entender-la-ofensiva-sin-precedentes-del-gobierno-de-el-salvador-contra-las-pandillas-19.webp 800w\" type=\"image\/webp\" sizes=\"(min-width: 1008px) 645px, 100vw\"><source srcset=\"https:\/\/ichef.bbci.co.uk\/news\/240\/cpsprodpb\/A40C\/production\/_123969914_gettyimages-1239591836.jpg 240w, https:\/\/ichef.bbci.co.uk\/news\/320\/cpsprodpb\/A40C\/production\/_123969914_gettyimages-1239591836.jpg 320w, https:\/\/ichef.bbci.co.uk\/news\/480\/cpsprodpb\/A40C\/production\/_123969914_gettyimages-1239591836.jpg 480w, https:\/\/ichef.bbci.co.uk\/news\/624\/cpsprodpb\/A40C\/production\/_123969914_gettyimages-1239591836.jpg 624w, https:\/\/ichef.bbci.co.uk\/news\/800\/cpsprodpb\/A40C\/production\/_123969914_gettyimages-1239591836.jpg 800w\" type=\"image\/jpeg\" sizes=\"(min-width: 1008px) 645px, 100vw\"><img loading=\"lazy\" src=\"http:\/\/nuevacordoba.net\/wp-content\/uploads\/2022\/04\/bukele-contra-las-maras-5-claves-para-entender-la-ofensiva-sin-precedentes-del-gobierno-de-el-salvador-contra-las-pandillas-4.jpg\" alt=\"pandillas\" width=\"976\" height=\"549\" class=\"eehpdyc0 bbc-rb7xa0 e1enwo3v0\"><\/picture><\/noscript><\/p>\n<p role=\"text\" class=\"bbc-1s1cxbv etq3yw90\"><span class=\"bbc-1gnhmg2 e1yt7oin0\">Fuente de la imagen, <\/span><span lang=\"en-GB\">Getty Images<\/span><\/p>\n<\/div>\n<\/div>\n<\/div>\n<\/figure>\n<\/div>\n<div dir=\"ltr\" class=\"bbc-19j92fr e57qer20\" readability=\"8\">\n<p dir=\"ltr\" class=\"bbc-bm53ic e1cc2ql70\">El Salvador tiene uno de los sistemas penales m\u00e1s sobrepoblados de Am\u00e9rica Latina y varias organizaciones humanitarias han denunciado las p\u00e9simas condiciones en las c\u00e1rceles. <\/p>\n<\/div>\n<div dir=\"ltr\" class=\"bbc-19j92fr e57qer20\" readability=\"11\">\n<p dir=\"ltr\" class=\"bbc-bm53ic e1cc2ql70\">Sin embargo, de acuerdo a numerosas investigaciones, los miembros de bandas criminales encarcelados gozan de numerosos privilegios, entre ellos tel\u00e9fonos celulares y comidas especiales. <\/p>\n<\/div>\n<div dir=\"ltr\" class=\"bbc-19j92fr e57qer20\" readability=\"10\">\n<p dir=\"ltr\" class=\"bbc-bm53ic e1cc2ql70\">\u00abLos pandilleros (en la c\u00e1rcel) van a sufrir por el dolor que afuera causan sus <i class=\"bbc-h1y5j7 ewc4zcb0\">homeboys<\/i>\u00ab, afirm\u00f3 en Twitter el viceministro de Justicia, <b>Osiris Luna<\/b>. <\/p>\n<\/div>\n<div dir=\"ltr\" class=\"bbc-19j92fr e57qer20\" readability=\"10\">\n<p dir=\"ltr\" class=\"bbc-bm53ic e1cc2ql70\">No es la primera vez que Bukele toma medidas en las c\u00e1rceles contra los pandilleros tras repuntes de la violencia en el pa\u00eds, pero es la primera vez que la emergencia sale de los penales a las calles. <\/p>\n<\/div>\n<div dir=\"ltr\" class=\"bbc-19j92fr e57qer20\" readability=\"10\">\n<p dir=\"ltr\" class=\"bbc-bm53ic e1cc2ql70\">Previamente, en abril de 2020, Bukele impuso un estado de excepci\u00f3n en las c\u00e1rceles y mezcl\u00f3 presos de bandas diferentes en la mismas celdas tras un aumento de homicidios en el pa\u00eds.<\/p>\n<\/div>\n<div dir=\"ltr\" class=\"bbc-19j92fr e57qer20\" readability=\"10\">\n<p dir=\"ltr\" class=\"bbc-bm53ic e1cc2ql70\">En una estretegia similar a lo sucedido ahora, el gobierno public\u00f3 numerosas im\u00e1genes y videos de pandilleros presos en ropa \u00edntima a los que hac\u00edan sentarse uno contra el otro en los pasillos de las prisiones. <\/p>\n<\/div>\n<p><h2 id=\"4-Cu\u00e1les-han-sido-las-reacciones\" tabindex=\"-1\" class=\"bbc-l3e97o e14hemmw0\">4. \u00bfCu\u00e1les han sido las reacciones?<\/h2>\n<\/p>\n<div dir=\"ltr\" class=\"bbc-19j92fr e57qer20\" readability=\"11\">\n<p dir=\"ltr\" class=\"bbc-bm53ic e1cc2ql70\">El secretario general de la ONU, Ant\u00f3nio Guterres, expres\u00f3 su preocupaci\u00f3n por la situaci\u00f3n en el pa\u00eds y asegur\u00f3 que esperaba que \u00ablas medidas que se adopten en respuesta est\u00e9n en l\u00ednea con las leyes y est\u00e1ndares internacionales de los derechos humanos\u00bb.<\/p>\n<\/div>\n<div dir=\"ltr\" class=\"bbc-19j92fr e57qer20\" readability=\"11\">\n<p dir=\"ltr\" class=\"bbc-bm53ic e1cc2ql70\">La Comisi\u00f3n Interamericana de Derechos Humanos (CIDH), por su parte, manifest\u00f3 preocupaci\u00f3n por el trato a los reos y llam\u00f3 al gobierno salvadore\u00f1o a \u00abrevertir urgentemente todas las medidas que pongan en riesgo la vida e integridad de las personas que est\u00e1n bajo custodia\u00bb.<\/p>\n<\/div>\n<div dir=\"ltr\" class=\"bbc-1ka88fa e57qer20\">\n<figure class=\"bbc-1qdcvv9 e6bmn90\">\n<div dir=\"ltr\" class=\"bbc-172p16q e57qer20\">\n<div dir=\"ltr\" class=\"bbc-189y18v e57qer20\" readability=\"6.5\">\n<div data-e2e=\"image-placeholder\" class=\"bbc-997y1y e1whu0\" readability=\"8\"><noscript><picture class=\"bbc-yfiktt e1enwo3v1\"><source srcset=\"http:\/\/nuevacordoba.net\/wp-content\/uploads\/2022\/04\/bukele-contra-las-maras-5-claves-para-entender-la-ofensiva-sin-precedentes-del-gobierno-de-el-salvador-contra-las-pandillas-20.webp 240w, http:\/\/nuevacordoba.net\/wp-content\/uploads\/2022\/04\/bukele-contra-las-maras-5-claves-para-entender-la-ofensiva-sin-precedentes-del-gobierno-de-el-salvador-contra-las-pandillas-21.webp 320w, http:\/\/nuevacordoba.net\/wp-content\/uploads\/2022\/04\/bukele-contra-las-maras-5-claves-para-entender-la-ofensiva-sin-precedentes-del-gobierno-de-el-salvador-contra-las-pandillas-22.webp 480w, http:\/\/nuevacordoba.net\/wp-content\/uploads\/2022\/04\/bukele-contra-las-maras-5-claves-para-entender-la-ofensiva-sin-precedentes-del-gobierno-de-el-salvador-contra-las-pandillas-23.webp 624w, http:\/\/nuevacordoba.net\/wp-content\/uploads\/2022\/04\/bukele-contra-las-maras-5-claves-para-entender-la-ofensiva-sin-precedentes-del-gobierno-de-el-salvador-contra-las-pandillas-24.webp 800w\" type=\"image\/webp\" sizes=\"(min-width: 1008px) 645px, 100vw\"><source srcset=\"https:\/\/ichef.bbci.co.uk\/news\/240\/cpsprodpb\/F22C\/production\/_123969916_gettyimages-1239591855.jpg 240w, https:\/\/ichef.bbci.co.uk\/news\/320\/cpsprodpb\/F22C\/production\/_123969916_gettyimages-1239591855.jpg 320w, https:\/\/ichef.bbci.co.uk\/news\/480\/cpsprodpb\/F22C\/production\/_123969916_gettyimages-1239591855.jpg 480w, https:\/\/ichef.bbci.co.uk\/news\/624\/cpsprodpb\/F22C\/production\/_123969916_gettyimages-1239591855.jpg 624w, https:\/\/ichef.bbci.co.uk\/news\/800\/cpsprodpb\/F22C\/production\/_123969916_gettyimages-1239591855.jpg 800w\" type=\"image\/jpeg\" sizes=\"(min-width: 1008px) 645px, 100vw\"><img loading=\"lazy\" src=\"http:\/\/nuevacordoba.net\/wp-content\/uploads\/2022\/04\/bukele-contra-las-maras-5-claves-para-entender-la-ofensiva-sin-precedentes-del-gobierno-de-el-salvador-contra-las-pandillas-5.jpg\" alt=\"presos\" width=\"976\" height=\"549\" class=\"eehpdyc0 bbc-rb7xa0 e1enwo3v0\"><\/picture><\/noscript><\/p>\n<p role=\"text\" class=\"bbc-1s1cxbv etq3yw90\"><span class=\"bbc-1gnhmg2 e1yt7oin0\">Fuente de la imagen, <\/span><span lang=\"en-GB\">Getty Images<\/span><\/p>\n<\/div>\n<\/div>\n<\/div>\n<\/figure>\n<\/div>\n<div dir=\"ltr\" class=\"bbc-19j92fr e57qer20\" readability=\"8\">\n<p dir=\"ltr\" class=\"bbc-bm53ic e1cc2ql70\"><b>Human Rights Watch<\/b> (HRW) y <b>Amnist\u00eda Internacional<\/b> tambi\u00e9n consideraron que la declaraci\u00f3n \u00abamplia\u00bb del estado de emergencia abre la puerta a potenciales abusos por parte del gobierno.<\/p>\n<\/div>\n<div dir=\"ltr\" class=\"bbc-19j92fr e57qer20\" readability=\"14\">\n<p dir=\"ltr\" class=\"bbc-bm53ic e1cc2ql70\">\u00abEl gobierno deber\u00eda abordar la violencia de las pandillas en El Salvador, pero deber\u00eda hacerlo respetando los derechos. Y en lugar de proteger a las personas a trav\u00e9s del estado de emergencia, que es extremadamente amplio, solo est\u00e1 poniendo en riesgo sus derechos y vemos las consecuencias con estas redadas\u00bb, indic\u00f3 HRW.<\/p>\n<\/div>\n<div dir=\"ltr\" class=\"bbc-19j92fr e57qer20\" readability=\"8\">\n<p dir=\"ltr\" class=\"bbc-bm53ic e1cc2ql70\">Varios activistas tambi\u00e9n condenaron que muchos menores de edad y mujeres est\u00e1n siendo registrados de forma violenta por la polic\u00eda.<\/p>\n<\/div>\n<div dir=\"ltr\" class=\"bbc-19j92fr e57qer20\" readability=\"10\">\n<p dir=\"ltr\" class=\"bbc-bm53ic e1cc2ql70\">\u00abNo puede suponerse que todos los ni\u00f1os que viven en lugares de extrema pobreza o asediados por estructuras son colaboradores de las pandillas\u00bb, dijo en una conferencia de prensa la abogada y activista Zaira Navas.<\/p>\n<\/div>\n<div dir=\"ltr\" class=\"bbc-19j92fr e57qer20\" readability=\"10\">\n<p dir=\"ltr\" class=\"bbc-bm53ic e1cc2ql70\">Bukele, por su parte, cuestion\u00f3 el pronunciamiento de la CIDH y le atribuy\u00f3 estar del lado de los pandilleros. <\/p>\n<\/div>\n<div dir=\"ltr\" class=\"bbc-19j92fr e57qer20\" readability=\"11\">\n<p dir=\"ltr\" class=\"bbc-bm53ic e1cc2ql70\">\u00abCuando los pandilleros asesinaron a decenas de personas inocentes, la CIDH no dijo NI UNA TAN SOLA PALABRA. Pero no tardaron ni un d\u00eda en condenar que nos pusimos m\u00e1s duros con ellos en las c\u00e1rceles\u00bb, afirm\u00f3.<\/p>\n<\/div>\n<p><h2 id=\"5-Por-qu\u00e9-hay-un-repunte-de-la-violencia-ahora\" tabindex=\"-1\" class=\"bbc-l3e97o e14hemmw0\">5. \u00bfPor qu\u00e9 hay un repunte de la violencia ahora?<\/h2>\n<\/p>\n<div dir=\"ltr\" class=\"bbc-19j92fr e57qer20\" readability=\"10\">\n<p dir=\"ltr\" class=\"bbc-bm53ic e1cc2ql70\">El gobierno de El Salvador hab\u00eda atribuido la reducci\u00f3n de la violencia al llamado Plan de Control Territorial, un programa creado por Bukele para reducir los asesinatos y otros cr\u00edmenes de las pandillas.<\/p>\n<\/div>\n<div dir=\"ltr\" class=\"bbc-19j92fr e57qer20\" readability=\"12\">\n<p dir=\"ltr\" class=\"bbc-bm53ic e1cc2ql70\">Sin embargo, el plan, que fortaleci\u00f3 la presencia de Ej\u00e9rcito y polic\u00eda con miles de efectivos en zonas controladas por maras, tambi\u00e9n fue cuestionado por no ser muy diferente a otros empleados por gobiernos previos.<\/p>\n<\/div>\n<div dir=\"ltr\" class=\"bbc-1ka88fa e57qer20\">\n<figure class=\"bbc-1qdcvv9 e6bmn90\">\n<div dir=\"ltr\" class=\"bbc-172p16q e57qer20\">\n<div dir=\"ltr\" class=\"bbc-189y18v e57qer20\">\n<div data-e2e=\"image-placeholder\" class=\"bbc-997y1y e1whu0\"><noscript><picture class=\"bbc-yfiktt e1enwo3v1\"><source srcset=\"http:\/\/nuevacordoba.net\/wp-content\/uploads\/2022\/04\/bukele-contra-las-maras-5-claves-para-entender-la-ofensiva-sin-precedentes-del-gobierno-de-el-salvador-contra-las-pandillas-25.webp 240w, http:\/\/nuevacordoba.net\/wp-content\/uploads\/2022\/04\/bukele-contra-las-maras-5-claves-para-entender-la-ofensiva-sin-precedentes-del-gobierno-de-el-salvador-contra-las-pandillas-26.webp 320w, http:\/\/nuevacordoba.net\/wp-content\/uploads\/2022\/04\/bukele-contra-las-maras-5-claves-para-entender-la-ofensiva-sin-precedentes-del-gobierno-de-el-salvador-contra-las-pandillas-27.webp 480w, http:\/\/nuevacordoba.net\/wp-content\/uploads\/2022\/04\/bukele-contra-las-maras-5-claves-para-entender-la-ofensiva-sin-precedentes-del-gobierno-de-el-salvador-contra-las-pandillas-28.webp 624w, http:\/\/nuevacordoba.net\/wp-content\/uploads\/2022\/04\/bukele-contra-las-maras-5-claves-para-entender-la-ofensiva-sin-precedentes-del-gobierno-de-el-salvador-contra-las-pandillas-29.webp 800w\" type=\"image\/webp\" sizes=\"(min-width: 1008px) 645px, 100vw\"><source srcset=\"https:\/\/ichef.bbci.co.uk\/news\/240\/cpsprodpb\/1404C\/production\/_123969918_gettyimages-1239651120.jpg 240w, https:\/\/ichef.bbci.co.uk\/news\/320\/cpsprodpb\/1404C\/production\/_123969918_gettyimages-1239651120.jpg 320w, https:\/\/ichef.bbci.co.uk\/news\/480\/cpsprodpb\/1404C\/production\/_123969918_gettyimages-1239651120.jpg 480w, https:\/\/ichef.bbci.co.uk\/news\/624\/cpsprodpb\/1404C\/production\/_123969918_gettyimages-1239651120.jpg 624w, https:\/\/ichef.bbci.co.uk\/news\/800\/cpsprodpb\/1404C\/production\/_123969918_gettyimages-1239651120.jpg 800w\" type=\"image\/jpeg\" sizes=\"(min-width: 1008px) 645px, 100vw\"><img loading=\"lazy\" src=\"http:\/\/nuevacordoba.net\/wp-content\/uploads\/2022\/04\/bukele-contra-las-maras-5-claves-para-entender-la-ofensiva-sin-precedentes-del-gobierno-de-el-salvador-contra-las-pandillas-6.jpg\" alt=\"pandillas\" width=\"976\" height=\"549\" class=\"eehpdyc0 bbc-rb7xa0 e1enwo3v0\"><\/picture><\/noscript><\/p>\n<p role=\"text\" class=\"bbc-1s1cxbv etq3yw90\"><span class=\"bbc-1gnhmg2 e1yt7oin0\">Fuente de la imagen, <\/span><span lang=\"en-GB\">AFP<\/span><\/p>\n<\/div>\n<\/div>\n<\/div>\n<\/figure>\n<\/div>\n<div dir=\"ltr\" class=\"bbc-19j92fr e57qer20\" readability=\"9\">\n<p dir=\"ltr\" class=\"bbc-bm53ic e1cc2ql70\">De hecho, diversos analistas y medios locales vincularon la disminuci\u00f3n de la violencia a factores ajenos a la pol\u00edtica del gobierno.<\/p>\n<\/div>\n<div dir=\"ltr\" class=\"bbc-19j92fr e57qer20\" readability=\"10\">\n<p dir=\"ltr\" class=\"bbc-bm53ic e1cc2ql70\">Algunos lo atribuyeron a un posible cambio de estrategia de las pandillas con el objetivo de evitar enfrentamientos con las fuerzas de seguridad, lo que les permitir\u00eda mantener su control de territorios y seguir dedic\u00e1ndose a la extorsi\u00f3n.<\/p>\n<\/div>\n<div dir=\"ltr\" class=\"bbc-19j92fr e57qer20\" readability=\"10\">\n<p dir=\"ltr\" class=\"bbc-bm53ic e1cc2ql70\">Sin embargo, una investigaci\u00f3n del diario <b>El Faro<\/b> sugiri\u00f3 que la disminuci\u00f3n de la violencia obedec\u00eda a un supuesto pacto entre el gobierno y las maras, <b>algo que las autoridades negaron<\/b>. <\/p>\n<\/div>\n<div dir=\"ltr\" class=\"bbc-19j92fr e57qer20\" readability=\"13\">\n<p dir=\"ltr\" class=\"bbc-bm53ic e1cc2ql70\">No obstante, en diciembre pasado, un informe del Departamento del Tesoro de Estados Unidos aleg\u00f3 que el gobierno salvade\u00f1o negoci\u00f3 en secreto una tregua con los l\u00edderes de las pandillas y que compr\u00f3 el apoyo de estos grupos criminales con beneficios financieros y privilegios para sus l\u00edderes encarcelados, incluidos prostitutas y tel\u00e9fonos celulares. <\/p>\n<\/div>\n<div dir=\"ltr\" class=\"bbc-19j92fr e57qer20\" readability=\"8\">\n<p dir=\"ltr\" class=\"bbc-bm53ic e1cc2ql70\">Bukele neg\u00f3 con vehemencia estos se\u00f1alamientos y las relaciones entre los dos pa\u00edses se han distanciado notablemente.<\/p>\n<\/div>\n<div dir=\"ltr\" class=\"bbc-19j92fr e57qer20\" readability=\"9\">\n<p dir=\"ltr\" class=\"bbc-bm53ic e1cc2ql70\">En un editorial publicado el lunes, el diario <b>El Faro<\/b> volvi\u00f3 a atribuir las muertes del fin de semana a un presunto fallo en las supuestas negociaciones entre el gobierno y las pandillas.<\/p>\n<\/div>\n<div dir=\"ltr\" class=\"bbc-19j92fr e57qer20\" readability=\"12\">\n<p dir=\"ltr\" class=\"bbc-bm53ic e1cc2ql70\">\u00abLa baja en la cifra de homicidios estaba centrada en el poder de las pandillas de abrir y cerrar a voluntad la v\u00e1lvula de los homicidios y esa ha sido su moneda en la negociaci\u00f3n bajo la mesa con Bukele. Todo parece indicar que el horror del fin de semana es el fracaso de esas negociaciones. Setenta y cuatro muertos en 48 horas. Fin del enga\u00f1o del Plan Control Territorial\u00bb, indic\u00f3 el diario, muy cr\u00edtico con Bukele.<\/p>\n<\/div>\n<div dir=\"ltr\" class=\"bbc-19j92fr e57qer20\" readability=\"12\">\n<p dir=\"ltr\" class=\"bbc-bm53ic e1cc2ql70\">\u00abPor la cantidad in\u00e9dita de homicidios en un solo d\u00eda, el performance sangriento de dejar un cad\u00e1ver en plena carretera a Surf City y la extensi\u00f3n territorial donde quedaron los cuerpos, el mensaje de las pandillas es claro: exigen algo que no les han dado\u00bb, agreg\u00f3<\/p>\n<\/div>\n<div dir=\"ltr\" class=\"bbc-19j92fr e57qer20\" readability=\"9\">\n<p dir=\"ltr\" class=\"bbc-bm53ic e1cc2ql70\">Aproximadamente 70.000 pandilleros operan en El Salvador y luchan por el control de las operaciones de extorsi\u00f3n y drogas en todo el pa\u00eds centroamericano, seg\u00fan diversas estimaciones.<\/p>\n<\/div>\n<div dir=\"ltr\" class=\"bbc-19j92fr e57qer20\" readability=\"9\">\n<p dir=\"ltr\" class=\"bbc-bm53ic e1cc2ql70\">Entre los grupos de mayor peso en el pa\u00eds est\u00e1 la <b>Mara Salvatrucha<\/b>, que se origin\u00f3 en c\u00e1rceles de EE.UU.<\/p>\n<\/div>\n<div dir=\"ltr\" class=\"bbc-1ka88fa e57qer20\">\n<figure class=\"bbc-1qdcvv9 e6bmn90\">\n<div dir=\"ltr\" class=\"bbc-172p16q e57qer20\">\n<div dir=\"ltr\" class=\"bbc-189y18v e57qer20\">\n<div data-e2e=\"image-placeholder\" class=\"bbc-997y1y e1whu0\"><noscript><picture class=\"bbc-yfiktt e1enwo3v1\"><source srcset=\"http:\/\/nuevacordoba.net\/wp-content\/uploads\/2022\/04\/bukele-contra-las-maras-5-claves-para-entender-la-ofensiva-sin-precedentes-del-gobierno-de-el-salvador-contra-las-pandillas-30.webp 240w, http:\/\/nuevacordoba.net\/wp-content\/uploads\/2022\/04\/bukele-contra-las-maras-5-claves-para-entender-la-ofensiva-sin-precedentes-del-gobierno-de-el-salvador-contra-las-pandillas-31.webp 320w, http:\/\/nuevacordoba.net\/wp-content\/uploads\/2022\/04\/bukele-contra-las-maras-5-claves-para-entender-la-ofensiva-sin-precedentes-del-gobierno-de-el-salvador-contra-las-pandillas-32.webp 464w\" type=\"image\/webp\" sizes=\"(min-width: 1008px) 645px, 100vw\"><source srcset=\"https:\/\/ichef.bbci.co.uk\/news\/240\/cpsprodpb\/11338\/production\/_112765407_line976.jpg 240w, https:\/\/ichef.bbci.co.uk\/news\/320\/cpsprodpb\/11338\/production\/_112765407_line976.jpg 320w, https:\/\/ichef.bbci.co.uk\/news\/464\/cpsprodpb\/11338\/production\/_112765407_line976.jpg 464w\" type=\"image\/jpeg\" sizes=\"(min-width: 1008px) 645px, 100vw\"><img loading=\"lazy\" src=\"http:\/\/nuevacordoba.net\/wp-content\/uploads\/2022\/04\/bukele-contra-las-maras-5-claves-para-entender-la-ofensiva-sin-precedentes-del-gobierno-de-el-salvador-contra-las-pandillas-7.jpg\" alt=\"L\u00ednea\" width=\"464\" height=\"2\" class=\"eehpdyc0 bbc-rb7xa0 e1enwo3v0\"><\/picture><\/noscript><\/div>\n<\/div>\n<\/div>\n<\/figure>\n<\/div>\n<div dir=\"ltr\" class=\"bbc-19j92fr e57qer20\" readability=\"8\">\n<p dir=\"ltr\" class=\"bbc-bm53ic e1cc2ql70\"><i class=\"bbc-h1y5j7 ewc4zcb0\">Ahora puedes recibir notificaciones de BBC Mundo. Descarga la nueva versi\u00f3n de nuestra app y act\u00edvalas para no perderte nuestro mejor contenido.<\/i><\/p>\n<\/div>\n","protected":false},"excerpt":{"rendered":"<p>Redacci\u00f3n BBC News Mundo 45 minutos Fuente de la imagen, Getty Images La fr\u00e1gil tregua de las pandillas en El Salvador ha terminado. Tras meses de relativa calma y con niveles de violencia en las calles reducidos, los asesinatos alcanzaron otra vez niveles no vistos en casi 30 a\u00f1os en el pa\u00eds centroamericano. Como resultado, [&hellip;]<\/p>\n","protected":false},"author":1,"featured_media":18034,"comment_status":"closed","ping_status":"closed","sticky":false,"template":"","format":"standard","meta":[],"categories":[13],"tags":[],"_links":{"self":[{"href":"http:\/\/nuevacordoba.net\/index.php\/wp-json\/wp\/v2\/posts\/18033"}],"collection":[{"href":"http:\/\/nuevacordoba.net\/index.php\/wp-json\/wp\/v2\/posts"}],"about":[{"href":"http:\/\/nuevacordoba.net\/index.php\/wp-json\/wp\/v2\/types\/post"}],"author":[{"embeddable":true,"href":"http:\/\/nuevacordoba.net\/index.php\/wp-json\/wp\/v2\/users\/1"}],"replies":[{"embeddable":true,"href":"http:\/\/nuevacordoba.net\/index.php\/wp-json\/wp\/v2\/comments?post=18033"}],"version-history":[{"count":0,"href":"http:\/\/nuevacordoba.net\/index.php\/wp-json\/wp\/v2\/posts\/18033\/revisions"}],"wp:featuredmedia":[{"embeddable":true,"href":"http:\/\/nuevacordoba.net\/index.php\/wp-json\/wp\/v2\/media\/18034"}],"wp:attachment":[{"href":"http:\/\/nuevacordoba.net\/index.php\/wp-json\/wp\/v2\/media?parent=18033"}],"wp:term":[{"taxonomy":"category","embeddable":true,"href":"http:\/\/nuevacordoba.net\/index.php\/wp-json\/wp\/v2\/categories?post=18033"},{"taxonomy":"post_tag","embeddable":true,"href":"http:\/\/nuevacordoba.net\/index.php\/wp-json\/wp\/v2\/tags?post=18033"}],"curies":[{"name":"wp","href":"https:\/\/api.w.org\/{rel}","templated":true}]}}