{"id":18035,"date":"2022-04-01T00:36:34","date_gmt":"2022-04-01T00:36:34","guid":{"rendered":"http:\/\/nuevacordoba.net\/index.php\/2022\/04\/01\/comenzo-el-velatorio-del-chango-cardenas\/"},"modified":"2022-04-01T00:36:34","modified_gmt":"2022-04-01T00:36:34","slug":"comenzo-el-velatorio-del-chango-cardenas","status":"publish","type":"post","link":"http:\/\/nuevacordoba.net\/index.php\/2022\/04\/01\/comenzo-el-velatorio-del-chango-cardenas\/","title":{"rendered":"Comenz\u00f3 el velatorio del \u00abChango\u00bb C\u00e1rdenas"},"content":{"rendered":"<figure class=\"mb-3\"><img loading=\"lazy\" src=\"http:\/\/nuevacordoba.net\/wp-content\/uploads\/2022\/04\/comenzo-el-velatorio-del-chango-cardenas.jpg\" width=\"100%\" height=\"100%\" alt=\"Hasta las 24 se podr despedir al Chango Cardenas en la Legislatura portea Foto Archivo Telam \"><figcaption> Hasta las 24 se podr\u00e1 despedir al \u00abChango\u00bb Cardenas en la Legislatura porte\u00f1a. (Foto Archivo Telam) <\/figcaption><\/figure>\n<p>Los restos de Juan Carlos \u00abChango\u00bb C\u00e1rdenas, autor del gol m\u00e1s importante en la historia de <strong>Racing Club<\/strong> y quien falleci\u00f3 la noche del mi\u00e9rcoles a los 76 a\u00f1os, son velados desde las 18 en la Legislatura de la Ciudad de Buenos.<\/p>\n<p>Las puertas del Palacio Legislativo sobre la Avenida Julio Argentino Roca 575 permanecer\u00e1n abiertas hasta las 24 para darle el \u00faltimo adi\u00f3s a uno de los m\u00e1ximos \u00eddolos de la historia de la instituci\u00f3n de Avellaneda.<\/p>\n<p>En el lugar estaban presentes los familiares y amigos del \u201cChango\u201d, en tanto que en el hall de ingreso a la capilla ardiente fueron depositadas varias coronas de flores enviadas por la Comisi\u00f3n Directiva de Racing, por el presidente de la entidad V\u00edctor Blanco, por Diego Simeone y por el Club Lamadrid.<\/p>\n<p>Juan Carlos C\u00e1rdenas fue nombrado personalidad destacada por la Legislatura de la Ciudad de Buenos Aires en noviembre 2014.<\/p>\n<p>Desde la instituci\u00f3n de Avellaneda confirmaron que C\u00e1rdenas tendr\u00e1 su merecido homenaje en la previa al choque del s\u00e1bado pr\u00f3ximo, en el que Racing recibir\u00e1 a Sarmiento de Jun\u00edn por la octava jornada de la Zona A de la Copa de la Liga Profesional de F\u00fatbol (LPF)<\/p>\n<blockquote class=\"twitter-tweet\" readability=\"3.1858407079646\">\n<p lang=\"es\" dir=\"ltr\">Gracias toda la vida, Chango.<a href=\"https:\/\/twitter.com\/hashtag\/ChangoEterno?src=hash&amp;ref_src=twsrc%5Etfw\">#ChangoEterno<\/a> <a href=\"https:\/\/t.co\/UTOqO47t11\">pic.twitter.com\/UTOqO47t11<\/a><\/p>\n<p>\u2014 Racing Club (@RacingClub) <a href=\"https:\/\/twitter.com\/RacingClub\/status\/1509636703757160459?ref_src=twsrc%5Etfw\">March 31, 2022<\/a><\/p><\/blockquote>\n","protected":false},"excerpt":{"rendered":"<p>Hasta las 24 se podr\u00e1 despedir al \u00abChango\u00bb Cardenas en la Legislatura porte\u00f1a. (Foto Archivo Telam) Los restos de Juan Carlos \u00abChango\u00bb C\u00e1rdenas, autor del gol m\u00e1s importante en la historia de Racing Club y quien falleci\u00f3 la noche del mi\u00e9rcoles a los 76 a\u00f1os, son velados desde las 18 en la Legislatura de la [&hellip;]<\/p>\n","protected":false},"author":1,"featured_media":18036,"comment_status":"closed","ping_status":"closed","sticky":false,"template":"","format":"standard","meta":[],"categories":[10],"tags":[],"_links":{"self":[{"href":"http:\/\/nuevacordoba.net\/index.php\/wp-json\/wp\/v2\/posts\/18035"}],"collection":[{"href":"http:\/\/nuevacordoba.net\/index.php\/wp-json\/wp\/v2\/posts"}],"about":[{"href":"http:\/\/nuevacordoba.net\/index.php\/wp-json\/wp\/v2\/types\/post"}],"author":[{"embeddable":true,"href":"http:\/\/nuevacordoba.net\/index.php\/wp-json\/wp\/v2\/users\/1"}],"replies":[{"embeddable":true,"href":"http:\/\/nuevacordoba.net\/index.php\/wp-json\/wp\/v2\/comments?post=18035"}],"version-history":[{"count":0,"href":"http:\/\/nuevacordoba.net\/index.php\/wp-json\/wp\/v2\/posts\/18035\/revisions"}],"wp:featuredmedia":[{"embeddable":true,"href":"http:\/\/nuevacordoba.net\/index.php\/wp-json\/wp\/v2\/media\/18036"}],"wp:attachment":[{"href":"http:\/\/nuevacordoba.net\/index.php\/wp-json\/wp\/v2\/media?parent=18035"}],"wp:term":[{"taxonomy":"category","embeddable":true,"href":"http:\/\/nuevacordoba.net\/index.php\/wp-json\/wp\/v2\/categories?post=18035"},{"taxonomy":"post_tag","embeddable":true,"href":"http:\/\/nuevacordoba.net\/index.php\/wp-json\/wp\/v2\/tags?post=18035"}],"curies":[{"name":"wp","href":"https:\/\/api.w.org\/{rel}","templated":true}]}}