{"id":18047,"date":"2022-04-01T03:03:24","date_gmt":"2022-04-01T03:03:24","guid":{"rendered":"https:\/\/puntoapunto.com.ar\/?p=325113"},"modified":"2022-04-01T03:03:24","modified_gmt":"2022-04-01T03:03:24","slug":"escuelas-de-negocios-las-tendencias-mas-demandadas-en-materia-de-formacion","status":"publish","type":"post","link":"http:\/\/nuevacordoba.net\/index.php\/2022\/04\/01\/escuelas-de-negocios-las-tendencias-mas-demandadas-en-materia-de-formacion\/","title":{"rendered":"Escuelas de Negocios: las tendencias m\u00e1s demandadas en materia de formaci\u00f3n"},"content":{"rendered":"<div class=\"g g-146\">\n<div class=\"g-single a-410\"><a class=\"gofollow\" data-track=\"NDEwLDE0NiwxLDYw\" href=\"https:\/\/www.grupocanter.com.ar\/notas\/2022-de-proyeccion\/?utm_source=Punto%20a%20Punto&amp;utm_medium=Banner&amp;utm_campaign=Departamentos&amp;utm_term=Banner%20Pie%20de%20Nota\" target=\"_blank\" rel=\"noopener\"><img src=\"http:\/\/nuevacordoba.net\/wp-content\/uploads\/2022\/04\/escuelas-de-negocios-las-tendencias-mas-demandadas-en-materia-de-formacion.gif\"><\/a><\/div>\n<\/div>\n<p>Las<strong> Escuelas de Negocios <\/strong>y las instituciones formativas de C\u00f3rdoba, al igual que el sector de la consultor\u00eda, tambi\u00e9n atraviesan un momento de <strong>intensa demanda<\/strong>. Las competencias necesarias para los trabajadores, cambiaron diametralmente con la crisis sanitaria, econ\u00f3mica y social que dejaron dos a\u00f1os de pandemia.<\/p>\n<p>El mundo laboral impone nuevos saberes que llegaron para quedarse:<strong> teletrabajo, digitalizaci\u00f3n, habilidades blandas<\/strong> son solo algunos de los conceptos que se imponen en las empresas en la actualidad.<\/p>\n<p><strong>Marco Lorenzatti, Secretario de Educaci\u00f3n Continua y Director Ejecutivo de C\u00f3rdoba Management School<\/strong> (UBP), coment\u00f3 que \u201cla pandemia trajo crisis y en esos momentos de dificultades la formaci\u00f3n que hacen las empresas para s\u00ed misma decrece, pero en contrapartida crece el inter\u00e9s individual por capacitarse. Uno se prepara mejor porque <strong>son menos las oportunidades laborales y luego a la inversa, cuando pasa la crisis las empresas se preparan mejor.<\/strong> En esa etapa estamos ahora. <strong>Hay mucho inter\u00e9s de formaci\u00f3n por parte de empresas<\/strong>\u201d, expres\u00f3.<\/p>\n<p>Respecto a los temas m\u00e1s demandados, Lorenzatti detall\u00f3: \u201cHay 2 l\u00edneas: por un lado <strong>todo lo digital<\/strong>, empresas que est\u00e1n en una<strong> obligada transformaci\u00f3n digital<\/strong> y por el otro lado los \u2018<strong>softkills<\/strong>\u2019: <strong>capacidades y habilidades blandas, lo cual es una l\u00ednea muy demandada, lo que incluye negociaci\u00f3n, liderazgo, trabajo en equipo<\/strong> y hay otras m\u00e1s nuevas como agilidad, resoluci\u00f3n de problemas complejos, inteligencia emocional, story telling, las cuales son transversales para todas las empresas\u201d, precis\u00f3 Lorenzatti. \u201cAdem\u00e1s tenemos <strong>competencias digitales duras como el internet de las cosas,<a href=\"https:\/\/puntoapunto.com.ar\/e-commerce-las-tendencias-que-marcan-la-cancha-este-ano\/\" target=\"_blank\" rel=\"noopener\"> E-commerce<\/a>, comunicaci\u00f3n y contenido digitales; user experience,<\/strong><br \/><strong>inteligencia artificial, rob\u00f3tica<\/strong>\u201d, complet\u00f3.<\/p>\n<p>En la misma l\u00ednea, <strong>Gisela Veritier, Directora General del <a href=\"https:\/\/icda.ucc.edu.ar\/\" target=\"_blank\" rel=\"noopener\">ICDA<\/a> Escuela de Negocios de la Universidad Cat\u00f3lica de C\u00f3rdoba<\/strong>, destac\u00f3 que el mundo se ven\u00eda transformando, pero el COVID aceler\u00f3 todos los procesos de digitalizaci\u00f3n. \u201cEsto implica no solo un cambio en los contenidos que se ense\u00f1aban, sino tambi\u00e9n, en el modelo pedag\u00f3gico implementado. Se asoma un<strong> cambio en el foco de la educaci\u00f3n en negocios<\/strong>, uno que<br \/>apunta a que los <strong>alumnos potencien su empleabilidad<\/strong>, adem\u00e1s de su valor agregado como profesionales. Organizaciones como las Naciones Unidas o el Global Reporting Initiative han alertado que no se puede continuar haciendo negocios de la manera en que estuvimos acostumbrados por mucho tiempo. Por esa raz\u00f3n, hoy ya no basta con tener las competencias t\u00e9cnicas que en otro tiempo hac\u00edan a un buen directivo. No, hoy es necesario pensarse en t\u00e9rminos de ser un directivo responsable, consciente de la complejidad de los desaf\u00edos de un mundo poscovid\u201d, analiz\u00f3.<\/p>\n<p>Verieter a\u00f1adi\u00f3 que por estos motivos \u201cse torna indispensable para las escuelas de negocios incorporar a la curr\u00edcula educativa propuestas que pongan \u00e9nfasis en el <strong>dise\u00f1o y gesti\u00f3n de modelos de negocios responsables<\/strong>, que desaf\u00eden la manera tradicional de hacer negocios, y que se midan por indicadores de sustentabilidad\u201d.<\/p>\n<p>Por \u00faltimo, el<strong> Dr. Leonardo Medrano, Vicerrector de Innovaci\u00f3n, Investigaci\u00f3n y Posgrado de Universidad <a href=\"https:\/\/21.edu.ar\/\" target=\"_blank\" rel=\"noopener\">Siglo 21<\/a><\/strong> ampli\u00f3 definiciones y destac\u00f3 que en la actualidad \u201clas organizaciones est\u00e1n priorizando el <strong>desarrollo profesional de sus equipos<\/strong>, entendiendo esta inversi\u00f3n como un gran valor agregado para las personas y para<br \/>potenciar la marca empleadora\u201d, coment\u00f3 el profesional.<\/p>\n<p><!--[if lt IE 9]><script>document.createElement('audio');<\/script><![endif]--><br \/>\n<audio class=\"wp-audio-shortcode\" id=\"audio-325113-1\" preload=\"none\" controls=\"controls\"><source type=\"audio\/mpeg\" src=\"https:\/\/s3.us-west-2.amazonaws.com\/puntoapunto.com.ar\/wp-content\/uploads\/2022\/03\/31122014\/AUDIO-Dr.mp3?_=1\"><a href=\"https:\/\/s3.us-west-2.amazonaws.com\/puntoapunto.com.ar\/wp-content\/uploads\/2022\/03\/31122014\/AUDIO-Dr.mp3\">https:\/\/s3.us-west-2.amazonaws.com\/puntoapunto.com.ar\/wp-content\/uploads\/2022\/03\/31122014\/AUDIO-Dr.mp3<\/a><\/audio><\/p>\n<p>Y agreg\u00f3: \u201cFrente a este contexto, observamos una<strong> creciente demanda en capacitaci\u00f3n en todo lo referente a Marketing digital; e-commerce, metodolog\u00edas \u00e1giles, internet de las cosas, Big Data, Industria 4.0<\/strong>. Para la mayor\u00eda de las empresas inmersas en una profunda transformaci\u00f3n, se requiere tambi\u00e9n<strong> formaci\u00f3n en competencias blandas<\/strong>, como competencias cognitivas, creatividad y capacidad para procesar informaci\u00f3n compleja, adem\u00e1s de capacidad de adaptaci\u00f3n. Las personas y organizaciones necesitan conocimientos y competencias para adaptarse a las nuevas realidades. Pero adaptarse no implica solo un proceso de acomodaci\u00f3n a los cambios, sino tambi\u00e9n la capacidad para asimilarlos y generar transformaciones\u201d, cerr\u00f3 Medrano.<\/p>\n","protected":false},"excerpt":{"rendered":"<p>Las Escuelas de Negocios y las instituciones formativas de C\u00f3rdoba, al igual que el sector de la consultor\u00eda, tambi\u00e9n atraviesan un momento de intensa demanda. Las competencias necesarias para los trabajadores, cambiaron diametralmente con la crisis sanitaria, econ\u00f3mica y social que dejaron dos a\u00f1os de pandemia. El mundo laboral impone nuevos saberes que llegaron para [&hellip;]<\/p>\n","protected":false},"author":1,"featured_media":18048,"comment_status":"open","ping_status":"closed","sticky":false,"template":"","format":"standard","meta":[],"categories":[14],"tags":[],"_links":{"self":[{"href":"http:\/\/nuevacordoba.net\/index.php\/wp-json\/wp\/v2\/posts\/18047"}],"collection":[{"href":"http:\/\/nuevacordoba.net\/index.php\/wp-json\/wp\/v2\/posts"}],"about":[{"href":"http:\/\/nuevacordoba.net\/index.php\/wp-json\/wp\/v2\/types\/post"}],"author":[{"embeddable":true,"href":"http:\/\/nuevacordoba.net\/index.php\/wp-json\/wp\/v2\/users\/1"}],"replies":[{"embeddable":true,"href":"http:\/\/nuevacordoba.net\/index.php\/wp-json\/wp\/v2\/comments?post=18047"}],"version-history":[{"count":0,"href":"http:\/\/nuevacordoba.net\/index.php\/wp-json\/wp\/v2\/posts\/18047\/revisions"}],"wp:featuredmedia":[{"embeddable":true,"href":"http:\/\/nuevacordoba.net\/index.php\/wp-json\/wp\/v2\/media\/18048"}],"wp:attachment":[{"href":"http:\/\/nuevacordoba.net\/index.php\/wp-json\/wp\/v2\/media?parent=18047"}],"wp:term":[{"taxonomy":"category","embeddable":true,"href":"http:\/\/nuevacordoba.net\/index.php\/wp-json\/wp\/v2\/categories?post=18047"},{"taxonomy":"post_tag","embeddable":true,"href":"http:\/\/nuevacordoba.net\/index.php\/wp-json\/wp\/v2\/tags?post=18047"}],"curies":[{"name":"wp","href":"https:\/\/api.w.org\/{rel}","templated":true}]}}