{"id":18071,"date":"2022-04-02T00:47:09","date_gmt":"2022-04-02T00:47:09","guid":{"rendered":"https:\/\/www.espinof.com\/premios-oscar\/will-smith-dimite-academia-hollywood-su-polemica-agresion-a-chris-rock-oscar-que-hice-fue-escandaloso-e-imperdonable"},"modified":"2022-04-02T00:47:09","modified_gmt":"2022-04-02T00:47:09","slug":"will-smith-dimite-de-la-academia-de-hollywood-tras-su-polemica-agresion-a-chris-rock-en-los-oscar-lo-que-hice-fue-escandaloso-e-imperdonable","status":"publish","type":"post","link":"http:\/\/nuevacordoba.net\/index.php\/2022\/04\/02\/will-smith-dimite-de-la-academia-de-hollywood-tras-su-polemica-agresion-a-chris-rock-en-los-oscar-lo-que-hice-fue-escandaloso-e-imperdonable\/","title":{"rendered":"Will Smith dimite de la Academia de Hollywood tras su pol\u00e9mica agresi\u00f3n a Chris Rock en los \u00d3scar: \u00abLo que hice fue escandaloso e imperdonable\u00bb"},"content":{"rendered":"<p>El <a href=\"https:\/\/www.espinof.com\/criticas\/momento-desagradable-historia-oscar-will-smith-agrede-a-chris-rock-escenario-broma-su-mujer\">pol\u00e9mico bofet\u00f3n<\/a> de <strong>Will Smith<\/strong> a <strong>Chris Rock<\/strong> durante la <a href=\"https:\/\/www.espinof.com\/premios-oscar\/oscars-2022-will-smith-arrebato-toda-atencion-a-triunfadora-coda-gala-larga-historia\">\u00faltima gala de los \u00d3scar<\/a> sigue acaparando titulares. La noticia ahora es que el protagonista de <a href=\"https:\/\/www.espinof.com\/criticas\/metodo-williams-will-smith-brilla-efectivo-drama-deportivo-que-deja-ganas-pelicula-venus-serena\">&#8216;El m\u00e9todo Williams&#8217;<\/a> ha presentado su <strong>dimisi\u00f3n<\/strong> como miembro de la Academia de Hollywood tras lo sucedido.<\/p>\n<p><!-- BREAK 1 --><\/p>\n<h2>El comunicado de Will Smith<\/h2>\n<p>Smith <a href=\"https:\/\/www.espinof.com\/premios-oscar\/me-pase-raya-me-equivoque-will-smith-pide-disculpas-a-chris-rock-su-agresion-premios-oscar\">ya se hab\u00eda disculpado<\/a> con Rock, lo cual no fue suficiente para que la Academia dejase de lado lo sucedido y anunciase <a href=\"https:\/\/www.espinof.com\/actores-y-actrices\/oscar-2022-will-smith-rechazo-abandonar-gala-academia-confirma-que-tomara-medidas-actor\">la toma de medidas disciplinarias<\/a>. Quiz\u00e1 por querer adelantarse a ello, el actor ha optado por anunciar su dimisi\u00f3n y que aceptar\u00e1 cualquier otro castigo que la Academia considere pertinente en <strong>un comunicado que os traduzco a continuaci\u00f3n<\/strong>:<\/p>\n<p><!-- BREAK 2 --> <\/p>\n<div class=\"article-asset article-asset-normal article-asset-center\">\n<div class=\"desvio-container\">\n<div class=\"desvio\">\n<div class=\"desvio-figure js-desvio-figure\"> <a href=\"https:\/\/www.espinof.com\/directores-y-guionistas\/demonio-no-existe-pedro-almodovar-carga-actitud-will-smith-oscar-califica-su-discurso-como-predicador\"> <img alt=\"&quot;El demonio no existe&quot;. Pedro Almod\u00f3var carga contra la actitud de Will Smith en los \u00d3scar y califica su discurso como &quot;de predicador&quot;\" src=\"http:\/\/nuevacordoba.net\/wp-content\/uploads\/2022\/04\/will-smith-dimite-de-la-academia-de-hollywood-tras-su-polemica-agresion-a-chris-rock-en-los-oscar-lo-que-hice-fue-escandaloso-e-imperdonable.jpg\"> <\/a> <\/div><\/div><\/div>\n<\/div>\n<blockquote><p>He respondido directamente a la notificaci\u00f3n de audiencia disciplinaria de la Academia, y aceptar\u00e9 plenamente todas las consecuencias de mi conducta. Mis acciones en la 94\u00aa entrega de los Premios de la Academia fueron escandalosas, dolorosas e imperdonable. La lista de aquellos a los que he herido es larga, e incluye a Chris, su familia, muchos de mis queridos amigos y seres queridos, todos los asistentes y el p\u00fablico mundial en sus casas.<\/p><\/blockquote>\n<blockquote><p>Traicion\u00e9 la confianza de la Academia. He privado a otros nominados y ganadores de su oportunidad de celebrar y ser celebrados por su extraordinario trabajo. Tengo el coraz\u00f3n roto. Quiero volver a centrar la atenci\u00f3n en aquellos que merecen la atenci\u00f3n por sus logros y permitir que la Academia retome el incre\u00edble trabajo que hace para apoyar la creatividad y el arte en el cine. As\u00ed pues, renuncio a ser miembro de la Academia de las Artes y las Ciencias Cinematogr\u00e1ficas, y aceptar\u00e9 cualquier otra consecuencia que la Junta considere oportuna.<\/p><\/blockquote>\n<p>Queda ahora <strong>la duda de si la Academia a\u00f1adir\u00e1 alg\u00fan castigo adicional<\/strong>. Se ha hablado de <a href=\"https:\/\/www.espinof.com\/premios-oscar\/puede-will-smith-perder-su-oscar-a-mejor-actor-agredir-a-chris-rock-esto-dice-codigo-conducta-academia\">la posibilidad de retirarle el \u00d3scar<\/a> que gan\u00f3 ese mismo d\u00eda por su trabajo en &#8216;El m\u00e9todo Williams&#8217;, pero parece que no es una opci\u00f3n que se est\u00e9 considerado seriamente.<\/p>\n<p><!-- BREAK 3 --><\/p>\n<p>Lo que s\u00ed est\u00e1 claro es que la Academia de Hollywood <a href=\"https:\/\/www.espinof.com\/premios-oscar\/academia-no-aprueba-violencia-ninguna-forma-respuesta-oscar-agresion-will-smith-a-chris-rock-gala-se-queda-tuit\">no aprueba la violencia<\/a> y tambi\u00e9n que <strong>Smith necesitaba coger el toro por los cuernos antes de que la situaci\u00f3n se descontrolase a\u00fan m\u00e1s<\/strong>. Recordemos que hace apenas unas horas se filtr\u00f3 un v\u00eddeo en el que <a href=\"https:\/\/www.espinof.com\/premios-oscar\/oscar-2022-jada-pinkett-smith-se-rie-video-otro-angulo-famoso-bofeton-will-smith-chris-rock-rompe-su-silencio\">se ve\u00eda a Jada Pinkett Smith ri\u00e9ndose<\/a> tras lo sucedido, algo que no ayud\u00f3 precisamente a que las aguas se calmasen.<\/p>\n<p><!-- BREAK 4 --><\/p>\n<div class=\"article-asset article-asset-normal article-asset-center\">\n<div class=\"desvio-container\">\n<div class=\"desvio\">\n<div class=\"desvio-figure js-desvio-figure\"> <a href=\"https:\/\/www.espinof.com\/actores-y-actrices\/me-dio-asco-hollywood-unos-cobardes-jim-carrey-critica-duramente-a-will-smith-a-oscar-todo-que-paso-gala\"> <img alt=\"&quot;Me dio asco. En Hollywood son unos cobardes&quot;. Jim Carrey critica duramente a Will Smith y a los \u00d3scar por todo lo que pas\u00f3 en la gala\" src=\"http:\/\/nuevacordoba.net\/wp-content\/uploads\/2022\/04\/will-smith-dimite-de-la-academia-de-hollywood-tras-su-polemica-agresion-a-chris-rock-en-los-oscar-lo-que-hice-fue-escandaloso-e-imperdonable-1.jpg\"> <\/a> <\/div><\/div><\/div>\n<\/div>\n<p>Ahora habr\u00e1 que ver si la cosa se acaba aqu\u00ed o con alguna peque\u00f1a medida adicional o si la cosa sigue escalando. A priori, <strong>todo apunta a que estamos ante el principio del fin<\/strong> para un esc\u00e1ndalo que nunca tuvo que suceder.<\/p>\n<p><!-- BREAK 5 --> <\/p>\n","protected":false},"excerpt":{"rendered":"<p>El pol\u00e9mico bofet\u00f3n de Will Smith a Chris Rock durante la \u00faltima gala de los \u00d3scar sigue acaparando titulares. La noticia ahora es que el protagonista de &#8216;El m\u00e9todo Williams&#8217; ha presentado su dimisi\u00f3n como miembro de la Academia de Hollywood tras lo sucedido. El comunicado de Will Smith Smith ya se hab\u00eda disculpado con [&hellip;]<\/p>\n","protected":false},"author":1,"featured_media":18072,"comment_status":"closed","ping_status":"closed","sticky":false,"template":"","format":"standard","meta":[],"categories":[6],"tags":[],"_links":{"self":[{"href":"http:\/\/nuevacordoba.net\/index.php\/wp-json\/wp\/v2\/posts\/18071"}],"collection":[{"href":"http:\/\/nuevacordoba.net\/index.php\/wp-json\/wp\/v2\/posts"}],"about":[{"href":"http:\/\/nuevacordoba.net\/index.php\/wp-json\/wp\/v2\/types\/post"}],"author":[{"embeddable":true,"href":"http:\/\/nuevacordoba.net\/index.php\/wp-json\/wp\/v2\/users\/1"}],"replies":[{"embeddable":true,"href":"http:\/\/nuevacordoba.net\/index.php\/wp-json\/wp\/v2\/comments?post=18071"}],"version-history":[{"count":0,"href":"http:\/\/nuevacordoba.net\/index.php\/wp-json\/wp\/v2\/posts\/18071\/revisions"}],"wp:featuredmedia":[{"embeddable":true,"href":"http:\/\/nuevacordoba.net\/index.php\/wp-json\/wp\/v2\/media\/18072"}],"wp:attachment":[{"href":"http:\/\/nuevacordoba.net\/index.php\/wp-json\/wp\/v2\/media?parent=18071"}],"wp:term":[{"taxonomy":"category","embeddable":true,"href":"http:\/\/nuevacordoba.net\/index.php\/wp-json\/wp\/v2\/categories?post=18071"},{"taxonomy":"post_tag","embeddable":true,"href":"http:\/\/nuevacordoba.net\/index.php\/wp-json\/wp\/v2\/tags?post=18071"}],"curies":[{"name":"wp","href":"https:\/\/api.w.org\/{rel}","templated":true}]}}