{"id":18097,"date":"2022-04-02T14:35:20","date_gmt":"2022-04-02T14:35:20","guid":{"rendered":"http:\/\/cordobanewsnet.wordpress.com\/?p=6736"},"modified":"2022-04-02T14:35:20","modified_gmt":"2022-04-02T14:35:20","slug":"a-40-anos-de-malvinas-el-cabildo-se-ilumino-con-fotos-ineditas","status":"publish","type":"post","link":"http:\/\/nuevacordoba.net\/index.php\/2022\/04\/02\/a-40-anos-de-malvinas-el-cabildo-se-ilumino-con-fotos-ineditas\/","title":{"rendered":"A 40 a\u00f1os de Malvinas el cabildo se ilumin\u00f3 con fotos in\u00e9ditas"},"content":{"rendered":"<p><!-- \/featured-media --> <\/p>\n<div class=\"post-content clear\" readability=\"51.264844486334\">\n<p>Este s\u00e1bado se cumplen&nbsp;<strong>40 a\u00f1os de la Guerra de Malvinas<\/strong>&nbsp;y la Municipalidad de C\u00f3rdoba lanz\u00f3 un&nbsp;<strong>novedoso homenaje<\/strong>&nbsp;a los h\u00e9roes que participaron del conflicto b\u00e9lico.&nbsp;<\/p>\n<p>En las \u00faltimas horas<strong>&nbsp;se inaugur\u00f3 una muestra fotogr\u00e1fica in\u00e9dita en el Cabildo de la ciudad<\/strong>. La misma cuenta&nbsp;125 im\u00e1genes sobre la vida y costumbres de la poblaci\u00f3n de las Islas Malvinas, registradas en 1996.&nbsp;<\/p>\n<p>Es la primera vez que se expone esta exhibici\u00f3n en el pa\u00eds.&nbsp;<strong>\u201cMalvinas despu\u00e9s de la Guerra \u2013 40\u00ba A\u00f1os\u201d,<\/strong>&nbsp;es el nombre de la obra&nbsp;de Francisco y Roberto Robles, la cual estar\u00e1&nbsp;<strong>disponible hasta el pr\u00f3ximo 22 de abril&nbsp;<\/strong>en el Cabildo.<\/p>\n<p>Las fotos fueron obtenidas por los&nbsp;<strong>primeros argentinos que pudieron transitar libremente por las islas luego del conflicto b\u00e9lico<\/strong>, en noviembre de 1996.&nbsp;En aquel a\u00f1o, los hermanos Robles pudieron moverse con cierta libertad y recorrer las diferentes ciudades y pueblos de las islas, y en particular los campos donde se desarroll\u00f3 la guerra.<\/p>\n<div id=\"jp-post-flair\" class=\"sharedaddy sd-like-enabled sd-sharing-enabled\">\n<div class=\"sharedaddy sd-sharing-enabled\">\n<div class=\"robots-nocontent sd-block sd-social sd-social-icon-text sd-sharing\">\n<h3 class=\"sd-title\">Share this:<\/h3>\n<\/div>\n<\/div>\n<div class=\"sharedaddy sd-block sd-like jetpack-likes-widget-wrapper jetpack-likes-widget-unloaded\" id=\"like-post-wrapper-143108178-6736-6248aaac5a8cf\" data-src=\"\/\/widgets.wp.com\/likes\/index.html?ver=20220105#blog_id=143108178&amp;post_id=6736&amp;origin=cordobanewsnet.wordpress.com&amp;obj_id=143108178-6736-6248aaac5a8cf\" data-name=\"like-post-frame-143108178-6736-6248aaac5a8cf\" data-title=\"Me gusta o Compartir\">\n<h3 class=\"sd-title\">Me gusta esto:<\/h3>\n<p><span class=\"button\"><span>Me gusta<\/span><\/span> <span class=\"loading\">Cargando&#8230;<\/span><\/p>\n<p><span class=\"sd-text-color\"><\/span><\/div>\n<p><h3 class=\"jp-relatedposts-headline\"><em>Relacionado<\/em><\/h3>\n<\/p>\n<\/div><\/div>\n<p><!--\/.post-content--> <\/p>\n<footer class=\"post-meta-container clear\" readability=\"0.34031413612565\">\n<div class=\"entry-author author-avatar-show\" readability=\"13.114754098361\">\n<div class=\"author-avatar\"> <img loading=\"lazy\" alt src=\"http:\/\/nuevacordoba.net\/wp-content\/uploads\/2022\/04\/a-40-anos-de-malvinas-el-cabildo-se-ilumino-con-fotos-ineditas.png\" class=\"avatar avatar-90\" height=\"90\" width=\"90\"> <\/div>\n<p><!-- .author-avatar --> <\/p>\n<p><h2 class=\"author-title\">Publicado por <span class=\"author-name\">Redacci\u00f3n<\/span><\/h2>\n<\/p>\n<p><!-- .author-heading --> <\/p>\n<p class=\"author-bio\"> <a class=\"author-link\" href=\"https:\/\/cordobanewsnet.wordpress.com\/author\/prettomatias\/\" rel=\"author\"> Ver todas las entradas de Redacci\u00f3n <\/a> <\/p>\n<p><!-- .author-bio --> <\/div>\n<p><!-- .entry-auhtor --> <\/footer>\n<p> <!-- \/post-meta-container --> <!-- #respond --> <\/p>\n","protected":false},"excerpt":{"rendered":"<p>Este s\u00e1bado se cumplen&nbsp;40 a\u00f1os de la Guerra de Malvinas&nbsp;y la Municipalidad de C\u00f3rdoba lanz\u00f3 un&nbsp;novedoso homenaje&nbsp;a los h\u00e9roes que participaron del conflicto b\u00e9lico.&nbsp; En las \u00faltimas horas&nbsp;se inaugur\u00f3 una muestra fotogr\u00e1fica in\u00e9dita en el Cabildo de la ciudad. La misma cuenta&nbsp;125 im\u00e1genes sobre la vida y costumbres de la poblaci\u00f3n de las Islas Malvinas, [&hellip;]<\/p>\n","protected":false},"author":1,"featured_media":18098,"comment_status":"closed","ping_status":"closed","sticky":false,"template":"","format":"standard","meta":[],"categories":[14],"tags":[],"_links":{"self":[{"href":"http:\/\/nuevacordoba.net\/index.php\/wp-json\/wp\/v2\/posts\/18097"}],"collection":[{"href":"http:\/\/nuevacordoba.net\/index.php\/wp-json\/wp\/v2\/posts"}],"about":[{"href":"http:\/\/nuevacordoba.net\/index.php\/wp-json\/wp\/v2\/types\/post"}],"author":[{"embeddable":true,"href":"http:\/\/nuevacordoba.net\/index.php\/wp-json\/wp\/v2\/users\/1"}],"replies":[{"embeddable":true,"href":"http:\/\/nuevacordoba.net\/index.php\/wp-json\/wp\/v2\/comments?post=18097"}],"version-history":[{"count":0,"href":"http:\/\/nuevacordoba.net\/index.php\/wp-json\/wp\/v2\/posts\/18097\/revisions"}],"wp:featuredmedia":[{"embeddable":true,"href":"http:\/\/nuevacordoba.net\/index.php\/wp-json\/wp\/v2\/media\/18098"}],"wp:attachment":[{"href":"http:\/\/nuevacordoba.net\/index.php\/wp-json\/wp\/v2\/media?parent=18097"}],"wp:term":[{"taxonomy":"category","embeddable":true,"href":"http:\/\/nuevacordoba.net\/index.php\/wp-json\/wp\/v2\/categories?post=18097"},{"taxonomy":"post_tag","embeddable":true,"href":"http:\/\/nuevacordoba.net\/index.php\/wp-json\/wp\/v2\/tags?post=18097"}],"curies":[{"name":"wp","href":"https:\/\/api.w.org\/{rel}","templated":true}]}}